{"id":74961,"date":"2025-10-31T14:08:15","date_gmt":"2025-10-31T14:08:15","guid":{"rendered":"https:\/\/www.europesays.com\/no\/74961\/"},"modified":"2025-10-31T14:08:15","modified_gmt":"2025-10-31T14:08:15","slug":"alexandra-joners-arrangerer-sin-arlige-halloweenfest-fullt-hemmelighold","status":"publish","type":"post","link":"https:\/\/www.europesays.com\/no\/74961\/","title":{"rendered":"Alexandra Joners arrangerer sin \u00e5rlige halloweenfest: Fullt hemmelighold"},"content":{"rendered":"<p class=\"kicker \" style=\"\">Alexandra Joners halloween-fest:\u00a0<\/p>\n<p>  \u00abDronningen av halloween\u00bb rigger klart til \u00e5rets skumleste kjendisfest &#8211; men mye forblir hemmelig enn s\u00e5 lenge.\u00a0\u00a0<\/p>\n<p>\n    STOR FEST: Fredag kveld arrangerer Alexandra Joner sin \u00e5rlige halloweenfest. Foto: Andreas Fadum \/ Se og H\u00f8r\n  <\/p>\n<p>TV-profil og influenser <a href=\"https:\/\/www.dagbladet.no\/kjendis\/det-skjer-ikke\/83728768\" rel=\"nofollow noopener\" target=\"_blank\">Alexandra Joner (35)<\/a> arrangerte sin aller f\u00f8rste halloweenfest i 2017. Siden har den spektakul\u00e6re festen blitt en \u00e5rlig tradisjon, hvor landets kjendiser kler seg ut i elleville kostymer.\u00a0\u00a0<\/p>\n<p>    <a itemprop=\"url\" href=\"https:\/\/www.dagbladet.no\/kjendis\/det-skjer-ikke\/83728768\" rel=\"nofollow noopener\" target=\"_blank\"><\/p>\n<p>      <img loading=\"lazy\" decoding=\"async\" src=\"https:\/\/www.europesays.com\/no\/wp-content\/uploads\/2025\/10\/1761919692_536_83728343.webp\" width=\"147\" height=\"98\" title=\"- Det skjer ikke\" alt=\"\" class=\"lazyload\" style=\"--aspect-ratio-image: 1.50; \"\/><\/p>\n<p>        &#8211; Det skjer ikke<\/p>\n<p>    <\/a><\/p>\n<p>Fredag kveld skal Dagbladet selvsagt v\u00e6re til stede n\u00e5r det braker l\u00f8s med \u00e5rets skumleste fest. I likhet med i fjor vil den finne sted i Eckbo Selskapslokaler og temaet er \u00abcrime scene\u00bb.\u00a0<\/p>\n<p>        UTKLEDD: Alexandra Joner arrangerte storslagen halloweenfest. Reporter: Viktoria L\u00f8vik. Video: Christina Holen Korneliussen \/ Dagbladet TV.<\/p>\n<p>Holder tett\u00a0\t<\/p>\n<p>N\u00e5r Dagbladet pr\u00f8ver \u00e5 n\u00f8ste opp detaljer i forbindelse med kveldens festligheter, kan daglig leder i Eccentric People, som arrangerer festen, Christina Alvarez, avsl\u00f8re f\u00f8lgende:\u00a0<\/p>\n<p>    <a itemprop=\"url\" href=\"https:\/\/www.dagbladet.no\/kjendis\/fikk-hakekors-i-posten\/83791050\" rel=\"nofollow noopener\" target=\"_blank\"><\/p>\n<p>      <img loading=\"lazy\" decoding=\"async\" src=\"https:\/\/www.europesays.com\/no\/wp-content\/uploads\/2025\/10\/83791819.webp\" width=\"147\" height=\"100\" title=\"Fikk hakekors i posten\" alt=\"\" class=\"lazyload\" style=\"--aspect-ratio-image: 1.47; \"\/><\/p>\n<p>        Fikk hakekors i posten<\/p>\n<p>    <\/a><\/p>\n<p>&#8211; Vi har flere DJ&#8217;er i \u00e5r, blant annet Lizzy &amp; Frizzy, John Carew, og med underholdning fra Need Music. I tillegg blir det eget \u00abBoiler Room\u00bb, forteller hun.\u00a0<\/p>\n<p>Det er imidlertid noe de s\u00f8rger for \u00e5 holde helt hemmelig.\u00a0<\/p>\n<p>          <img loading=\"lazy\" decoding=\"async\" src=\"https:\/\/www.europesays.com\/no\/wp-content\/uploads\/2025\/10\/83793717.webp\" width=\"686\" height=\"1016\" title=\"UGJENKJENNELIG: Alexandra Joner er kjent for sine mange halloween-kostymer gjennom \u00e5ra. Her er hun i 2022. Foto: Andreas Fadum \/ Se og H\u00f8r\" alt=\"\" class=\"\" style=\"--aspect-ratio-image: 0.68; \"\/><\/p>\n<p>\n          UGJENKJENNELIG: Alexandra Joner er kjent for sine mange halloween-kostymer gjennom \u00e5ra. Her er hun i 2022. Foto: Andreas Fadum \/ Se og H\u00f8r\n      <\/p>\n<p>Joner avsl\u00f8rer nemlig aldri p\u00e5 forh\u00e5nd hva hun skal kle seg ut som &#8211; og det samme gjelder i \u00e5r.\u00a0<\/p>\n<p data-lab-font_weight=\"font-weight-bold\" class=\"font-weight-bold m-font-weight-bold\">&#8211; Alexandra holder som vanlig kortene tett til brystet p\u00e5 hva hun skal v\u00e6re utkledd som, og det vil bli avsl\u00f8rt p\u00e5 r\u00f8d l\u00f8per, sier Alvarez til Dagbladet.\u00a0<\/p>\n<p>          <img loading=\"lazy\" decoding=\"async\" src=\"https:\/\/www.europesays.com\/no\/wp-content\/uploads\/2025\/10\/83793740.webp\" width=\"686\" height=\"1064\" title=\"OVERRASKET: I fjor overrasket Alexandra Joner med en minneverdig entr\u00e9 da hun ankom halloweenfesten i en kiste. Foto: Andreas Fadum\/Se og H\u00f8r\" alt=\"\" class=\"\" style=\"--aspect-ratio-image: 0.64; \"\/><\/p>\n<p>\n          OVERRASKET: I fjor overrasket Alexandra Joner med en minneverdig entr\u00e9 da hun ankom halloweenfesten i en kiste. Foto: Andreas Fadum\/Se og H\u00f8r\n      <\/p>\n<p>Det er ingen hemmelighet at 35-\u00e5ringen tar seg god tid til \u00e5 forberede kostymene sine, noe hun ogs\u00e5 gjorde i fjor. Da startet hun allerede klokka 12 samme dag.\u00a0<\/p>\n<p>    <a itemprop=\"url\" href=\"https:\/\/www.dagbladet.no\/kjendis\/dukket-opp-slik\/83742959\" rel=\"nofollow noopener\" target=\"_blank\"><\/p>\n<p>      <img loading=\"lazy\" decoding=\"async\" src=\"https:\/\/www.europesays.com\/no\/wp-content\/uploads\/2025\/10\/83742975.webp\" width=\"147\" height=\"98\" title=\"Dukket opp slik\" alt=\"\" class=\"lazyload\" style=\"--aspect-ratio-image: 1.50; \"\/><\/p>\n<p>        Dukket opp slik<\/p>\n<p>    <\/a><\/p>\n<p>Joner s\u00f8rget for en minneverdig entr\u00e9 da hun ankom halloweenfesten i en kiste, hvor hun reiste seg opp som Fugl F\u00f8nix.\u00a0<\/p>\n<p>&#8211; Det er vanskelig \u00e5 spise med kostymet. Drikke er ogs\u00e5 vanskelig, men jeg bruker suger\u00f8r. Det blir ikke noe klining i kveld, sa hun den gang til Dagbladet.\u00a0<\/p>\n<p>          <img loading=\"lazy\" decoding=\"async\" src=\"https:\/\/www.europesays.com\/no\/wp-content\/uploads\/2025\/10\/83794055.webp\" width=\"686\" height=\"460\" title=\"ANKOM I KISTE: Influenseren overrasket \u00aballe\u00bb da hun ankom i kiste p\u00e5 halloweenfesten i fjor. Foto: Andreas Fadum \/ Se og H\u00f8r\" alt=\"\" class=\"\" style=\"--aspect-ratio-image: 1.49; \"\/><\/p>\n<p>\n          ANKOM I KISTE: Influenseren overrasket \u00aballe\u00bb da hun ankom i kiste p\u00e5 halloweenfesten i fjor. Foto: Andreas Fadum \/ Se og H\u00f8r\n      <\/p>\n<p data-lab-font_weight=\"font-weight-bold\" class=\"font-weight-bold m-font-weight-bold\"> P\u00e5 Snapchat viser Joner imidlertid fram noe av det hun tenker \u00e5 bruke p\u00e5 halloween. Hun skriver: \u00abLa oss titte p\u00e5 morgendagens sko\u00bb, men utdyper ikke noe mer.\u00a0<\/p>\n<p>          <img loading=\"lazy\" decoding=\"async\" src=\"https:\/\/www.europesays.com\/no\/wp-content\/uploads\/2025\/10\/83793771.webp\" width=\"686\" height=\"789\" title=\"HINT: Influenseren har vist fram skoene hun skal ha p\u00e5 seg. Foto: Skjermdump fra Snapchat\" alt=\"\" class=\"\" style=\"--aspect-ratio-image: 0.87; \"\/><\/p>\n<p>\n          HINT: Influenseren har vist fram skoene hun skal ha p\u00e5 seg. Foto: Skjermdump fra Snapchat\n      <\/p>\n<p class=\"font-weight-normal m-font-weight-normal\" data-lab-font_weight=\"font-weight-normal\">N\u00e5r Alvarez f\u00e5r sp\u00f8rsm\u00e5l om hva prislappen for et slikt arrangement ligger p\u00e5, \u00f8nsker hun ikke \u00e5 r\u00f8pe summen:\u00a0<\/p>\n<p>&#8211; Prislappen p\u00e5 festen har vi ingen kommentar til annet enn at det koster \u00e5 ha det g\u00f8y.\u00a0<\/p>\n<p>        UNDER MASKA: Frank L\u00f8ke tok med datteren sin p\u00e5 Lykos \u00e5rlige Halloweenfest. Han hadde kledd seg ut for \u00e5 sende et signal til haterne sine.  Video: Nora Skavhaug<\/p>\n<p>&#8211; Hemmelig etasje\u00a0\t<\/p>\n<p> Torsdag ga Eccentric People en liten smakebit av hva som venter kveldens gjester. I en video p\u00e5 TikTok f\u00e5r man en omvisning av lokalet, fordelt p\u00e5 to etasjer.\u00a0<\/p>\n<p>    <a itemprop=\"url\" href=\"https:\/\/www.dagbladet.no\/kjendis\/ikke-til-a-kjenne-igjen\/82167292\" rel=\"nofollow noopener\" target=\"_blank\"><\/p>\n<p>      <img loading=\"lazy\" decoding=\"async\" src=\"https:\/\/www.europesays.com\/no\/wp-content\/uploads\/2025\/10\/82167778.webp\" width=\"147\" height=\"98\" title=\"Ikke til \u00e5 kjenne igjen\" alt=\"\" class=\"lazyload\" style=\"--aspect-ratio-image: 1.50; \"\/><\/p>\n<p>        Ikke til \u00e5 kjenne igjen<\/p>\n<p>    <\/a><\/p>\n<p> &#8211; Vi har en til etasje som \u00e5pner seg utover kvelden. Det er en litt hemmelig etasje, men dere kan f\u00e5 v\u00e6re med med opp og se, sies det i videoen.\u00a0<\/p>\n<p>Festen vil trolig ogs\u00e5 by p\u00e5 noen overraskelser.\u00a0<\/p>\n<p>&#8211; N\u00e5r dere kommer opp den r\u00f8de velurtrappa vil man kunne finne en bar, et rom med mye lek og noe veldig, veldig g\u00f8y. Men vi kan ikke avsl\u00f8re for mye, s\u00e5 f\u00f8lg med i morgen, da blir alt avsl\u00f8rt.\u00a0<\/p>\n","protected":false},"excerpt":{"rendered":"Alexandra Joners halloween-fest:\u00a0 \u00abDronningen av halloween\u00bb rigger klart til \u00e5rets skumleste kjendisfest &#8211; men mye forblir hemmelig enn&hellip;\n","protected":false},"author":2,"featured_media":74962,"comment_status":"","ping_status":"","sticky":false,"template":"","format":"standard","meta":{"footnotes":""},"categories":[10],"tags":[2427,20,21,24,25,8568,10376,15,10377,479,22,23,13,30,28,29,14,16,26,27],"class_list":{"0":"post-74961","1":"post","2":"type-post","3":"status-publish","4":"format-standard","5":"has-post-thumbnail","7":"category-norge","8":"tag-alexandra-joner","9":"tag-breaking-news","10":"tag-breakingnews","11":"tag-featured-news","12":"tag-featurednews","13":"tag-halloween","14":"tag-halloweenfest","15":"tag-headlines","16":"tag-hemmelighold","17":"tag-kjendis","18":"tag-latest-news","19":"tag-latestnews","20":"tag-news","21":"tag-no","22":"tag-norge","23":"tag-norway","24":"tag-nyheter","25":"tag-overskrifter","26":"tag-top-stories","27":"tag-topstories"},"share_on_mastodon":{"url":"https:\/\/pubeurope.com\/@no\/115469176582847897","error":""},"_links":{"self":[{"href":"https:\/\/www.europesays.com\/no\/wp-json\/wp\/v2\/posts\/74961","targetHints":{"allow":["GET"]}}],"collection":[{"href":"https:\/\/www.europesays.com\/no\/wp-json\/wp\/v2\/posts"}],"about":[{"href":"https:\/\/www.europesays.com\/no\/wp-json\/wp\/v2\/types\/post"}],"author":[{"embeddable":true,"href":"https:\/\/www.europesays.com\/no\/wp-json\/wp\/v2\/users\/2"}],"replies":[{"embeddable":true,"href":"https:\/\/www.europesays.com\/no\/wp-json\/wp\/v2\/comments?post=74961"}],"version-history":[{"count":0,"href":"https:\/\/www.europesays.com\/no\/wp-json\/wp\/v2\/posts\/74961\/revisions"}],"wp:featuredmedia":[{"embeddable":true,"href":"https:\/\/www.europesays.com\/no\/wp-json\/wp\/v2\/media\/74962"}],"wp:attachment":[{"href":"https:\/\/www.europesays.com\/no\/wp-json\/wp\/v2\/media?parent=74961"}],"wp:term":[{"taxonomy":"category","embeddable":true,"href":"https:\/\/www.europesays.com\/no\/wp-json\/wp\/v2\/categories?post=74961"},{"taxonomy":"post_tag","embeddable":true,"href":"https:\/\/www.europesays.com\/no\/wp-json\/wp\/v2\/tags?post=74961"}],"curies":[{"name":"wp","href":"https:\/\/api.w.org\/{rel}","templated":true}]}}