{"id":74999,"date":"2025-10-31T15:11:12","date_gmt":"2025-10-31T15:11:12","guid":{"rendered":"https:\/\/www.europesays.com\/no\/74999\/"},"modified":"2025-10-31T15:11:12","modified_gmt":"2025-10-31T15:11:12","slug":"usa-varsler-angrep-pa-militaere-mal-i-venezuela","status":"publish","type":"post","link":"https:\/\/www.europesays.com\/no\/74999\/","title":{"rendered":"USA varsler angrep p\u00e5 milit\u00e6re m\u00e5l i Venezuela"},"content":{"rendered":"\n<p class=\"_lead_o9xde_2 _lead_xtcu6_50 layout-component text-serif-m layout-normal text-serif-l layout-component layout-wide layout-padded _wide_17hqh_1 layout-padded\">Angrepene kan komme n\u00e5r som helst, if\u00f8lge kilder til Miami Herald. <\/p>\n<p><img alt=\"PROTEST: P\u00e5 kort tid har Det karibiske hav blitt arenaen for Donald Trumps siste maktdemonstrasjon. President Nicol\u00e1s Maduro st\u00f8ttespillere protesterte mot USAs innblanding torsdag denne uken.  Foto: RONALD PENA R \/ EPA \/ NTB\" class=\"_image_qp4xg_65 layout-component layout-wide\" data-fullscreen- data-track-element-type=\"Article image fullscreen\" data-track-name=\"ImageFullscreen\" fetchpriority=\"high\" decoding=\"sync\" loading=\"eager\" height=\"3333\" itemprop=\"image\"  src=\"https:\/\/www.europesays.com\/no\/wp-content\/uploads\/2025\/10\/176e196f-3ea6-4978-bb19-956889a7a993\"  style=\"object-position:0% 0%\" width=\"5000\"\/>PROTEST: P\u00e5 kort tid har Det karibiske hav blitt arenaen for Donald Trumps siste maktdemonstrasjon. President Nicol\u00e1s Maduro st\u00f8ttespillere protesterte mot USAs innblanding torsdag denne uken.  Foto: RONALD PENA R \/ EPA \/ NTB<\/p>\n<ul aria-hidden=\"true\" class=\"_images_18f0k_111\">\n<li><a class=\"_link_18f0k_116\" href=\"https:\/\/www.vg.no\/forfatter\/lone-lohne\" style=\"z-index:1\" title=\"Lone Lohne\" rel=\"nofollow noopener\" target=\"_blank\"><img alt=\"Bilde av Lone Lohne\" class=\"_image_18f0k_93\" fetchpriority=\"low\" loading=\"lazy\" decoding=\"async\" itemprop=\"image\"  src=\"https:\/\/www.europesays.com\/no\/wp-content\/uploads\/2025\/10\/1761923470_353_67d47bdb-8b3d-4c13-81e3-55e3416c6184\"  width=\"480\"\/><\/a><\/li>\n<\/ul>\n<p> Oppdatert fredag 31. oktober kl. 15:53    <\/p>\n<ul class=\"_list_o9xde_3 _list_64s2r_85 _unordered_o9xde_106 text-sans-m\">\n<li class=\"_item_o9xde_30\">Trump-administrasjonen har besluttet \u00e5 angripe venezuelanske milit\u00e6rm\u00e5l knyttet til narkotikakarteller, if\u00f8lge Miami Herald.<\/li>\n<li class=\"_item_o9xde_30\">Kilder sier til avisen at angrepene kan komme innen timer eller dager og ogs\u00e5 ramme kartelledelsen.<\/li>\n<li class=\"_item_o9xde_30\">USA viser milit\u00e6r styrke for \u00e5 presse Venezuelas president Nicol\u00e1s Maduro til \u00e5 trekke seg.<\/li>\n<\/ul>\n<p>Vis mer <\/p>\n<p class=\"_paragraph_o9xde_4 _paragraph_xtcu6_10 layout-component text-serif-m layout-normal text-serif-m layout-padded\">USA har de siste dagene <a href=\"https:\/\/www.vg.no\/nyheter\/i\/dRoQvO\/karibia-koker-usa-viser-styrke-mot-venezuela\" data-track-element-type=\"Link\" data-track-id=\"link:dRoQvO\" class=\"_link_o9xde_39\" rel=\"nofollow noopener\" target=\"_blank\">vist milit\u00e6r styrke<\/a> tett p\u00e5 Venezuelas grenser, og Trump-administrasjonen har n\u00e5 besluttet \u00e5 angripe milit\u00e6re installasjoner i Venezuela.<\/p>\n<p class=\"_paragraph_o9xde_4 _paragraph_xtcu6_10 layout-component text-serif-m layout-normal text-serif-m layout-padded\">Det melder <a href=\"https:\/\/www.miamiherald.com\/news\/nation-world\/world\/americas\/venezuela\/article312722642.html\" class=\"_link_o9xde_39\" rel=\"nofollow noopener\" target=\"_blank\">Miami Herald<\/a>.<\/p>\n<p class=\"_paragraph_o9xde_4 _paragraph_xtcu6_10 layout-component text-serif-m layout-normal text-serif-m layout-padded\">Angrepene skal etter planen \u00f8delegge milit\u00e6re installasjoner som brukes av narkotikakarteller. <\/p>\n<p class=\"_paragraph_o9xde_4 _paragraph_xtcu6_10 layout-component text-serif-m layout-normal text-serif-m layout-padded\"><strong class=\"_strong_o9xde_25\">Hvorfor? Fordi USA mener disse ledes av Venezuelas president <a href=\"https:\/\/www.vg.no\/tag\/nicolas-maduro?utm_source=vg-article&amp;utm_medium=auto-tagger&amp;utm_campaign=kw47ak\" class=\"_link_o9xde_39\" rel=\"nofollow noopener\" target=\"_blank\">Nicol\u00e1s Maduro<\/a> og hans regime. <\/strong><\/p>\n<p><img alt=\"TRAPPER OPP: USA har kraftig \u00f8kt sin milit\u00e6re tilstedev\u00e6relse utenfor Venezuelas kyst som del av en operasjon rettet mot narkotikasmugling. S\u00f8ndag ankom ogs\u00e5 krigsskipet USS Gravely Trinidad og Tobago for \u00e5 delta i en milit\u00e6r\u00f8velse. Venezuela kaller det en \u00abprovokasjon\u00bb.  Foto: Andrea de Silva \/ Reuters \/ NTB\" class=\"_image_qp4xg_65 layout-component layout-normal\" data-fullscreen- data-track-element-type=\"Article image fullscreen\" data-track-name=\"ImageFullscreen\" decoding=\"async\" loading=\"lazy\" height=\"3666\" itemprop=\"image\"  src=\"https:\/\/www.europesays.com\/no\/wp-content\/uploads\/2025\/10\/2f55dee1-02cc-44ce-a476-f59d4f51a83b\"  style=\"object-position:0% 0%\" width=\"5500\"\/>TRAPPER OPP: USA har kraftig \u00f8kt sin milit\u00e6re tilstedev\u00e6relse utenfor Venezuelas kyst som del av en operasjon rettet mot narkotikasmugling. S\u00f8ndag ankom ogs\u00e5 krigsskipet USS Gravely Trinidad og Tobago for \u00e5 delta i en milit\u00e6r\u00f8velse. Venezuela kaller det en \u00abprovokasjon\u00bb.  Foto: Andrea de Silva \/ Reuters \/ NTB<\/p>\n<p class=\"_paragraph_o9xde_4 _paragraph_xtcu6_10 layout-component text-serif-m layout-normal text-serif-m layout-padded\">Dette til tross for at USAs egen etterretningstjeneste selv har avvist dette. <\/p>\n<p class=\"_paragraph_o9xde_4 _paragraph_xtcu6_10 layout-component text-serif-m layout-normal text-serif-m layout-padded\">Ved \u00e5 omtale Maduro og regimet som \u00abnarkoterrorister\u00bb, kan USA hevde at milit\u00e6re aksjoner er del av \u00abnasjonal sikkerhet\u00bb, sier <a href=\"https:\/\/www.vg.no\/nyheter\/i\/dRoQvO\/karibia-koker-usa-viser-styrke-mot-venezuela\" data-track-element-type=\"Link\" data-track-id=\"link:dRoQvO\" class=\"_link_o9xde_39\" rel=\"nofollow noopener\" target=\"_blank\">eksperter VG har snakket med. <\/a><\/p>\n<p class=\"_paragraph_o9xde_4 _paragraph_xtcu6_10 layout-component text-serif-m layout-normal text-serif-m layout-padded\"><strong class=\"_strong_o9xde_25\">M\u00e5lene kan bli truffet fra luften i l\u00f8pet av dager eller timer, if\u00f8lge kilder som snakket med Miami Herald.<\/strong><\/p>\n<p class=\"_paragraph_o9xde_4 _paragraph_xtcu6_10 layout-component text-serif-m layout-normal text-serif-m layout-padded\">Angrepene skal ogs\u00e5 ramme kartellets ledelse. <\/p>\n<p class=\"_paragraph_o9xde_4 _paragraph_xtcu6_10 layout-component text-serif-m layout-normal text-serif-m layout-padded\">USA mener kartellet eksporterer rundt 500 tonn kokain \u00e5rlig til Europa og USA.<\/p>\n<p>\u2013 Mindre, presise angrep<\/p>\n<p class=\"_paragraph_o9xde_4 _paragraph_xtcu6_10 layout-component text-serif-m layout-normal text-serif-m layout-padded\">\u2013 Selv om f\u00e5 tror det blir en full invasjon, kan vi se for oss mindre, presise angrep \u2013 for eksempel mot et lager, en milit\u00e6r installasjon, eller en leder USA mener st\u00e5r bak narkotikasmugling, uttalte professor og Latin-Amerika-ekspert Benedicte Bull ved Universitetet i Oslo til VG tidligere denne uken. <\/p>\n<p><img alt=\"FLYTTET TIL KARIBIA: USA flyttet verdens st\u00f8rste hangarskip USS Gerald R. Ford fra Europa og Midt\u00f8sten til Karibia 24. oktober. Dette er krigsskipet som i 2023 og i september i \u00e5r bes\u00f8kte Oslofjorden.   Foto: Espen Sj\u00f8lingstad Hoen \/ VG\" class=\"_image_qp4xg_65 layout-component layout-normal\" data-fullscreen- data-track-element-type=\"Article image fullscreen\" data-track-name=\"ImageFullscreen\" decoding=\"async\" loading=\"lazy\" height=\"5464\" itemprop=\"image\"  src=\"https:\/\/www.europesays.com\/no\/wp-content\/uploads\/2025\/10\/328e0070-6540-47b4-bd9d-7edad245e97a\"  style=\"object-position:0% 0%\" width=\"8192\"\/>FLYTTET TIL KARIBIA: USA flyttet verdens st\u00f8rste hangarskip USS Gerald R. Ford fra Europa og Midt\u00f8sten til Karibia 24. oktober. Dette er krigsskipet som i 2023 og i september i \u00e5r bes\u00f8kte Oslofjorden.   Foto: Espen Sj\u00f8lingstad Hoen \/ VGNYT: Vil kaste presidenten<\/p>\n<p class=\"_paragraph_o9xde_4 _paragraph_xtcu6_10 layout-component text-serif-m layout-normal text-serif-m layout-padded\">I kulissene jobber samtidig noen av Trump-leirens mektigste menn for et annet m\u00e5l: \u00e5 kaste den autorit\u00e6re presidenten Nicol\u00e1s Maduro fra makten, <a href=\"https:\/\/www.nytimes.com\/2025\/09\/29\/us\/politics\/maduro-venezuela-trump-rubio.html\" class=\"_link_o9xde_39\" rel=\"nofollow noopener\" target=\"_blank\">har The New York Times tidligere skrevet<\/a>.<\/p>\n<p class=\"_paragraph_o9xde_4 _paragraph_xtcu6_10 layout-component text-serif-m layout-normal text-serif-m layout-padded\"><strong class=\"_strong_o9xde_25\">Washington har doblet dus\u00f8ren for informasjon som f\u00f8rer til Maduros arrestasjon til 50 millioner dollar \u2013 den st\u00f8rste noensinne.<\/strong><\/p>\n<p class=\"_paragraph_o9xde_4 _paragraph_xtcu6_10 layout-component text-serif-m layout-normal text-serif-m layout-padded\">Siden 2. september er minst 57 mennesker er drept i amerikanske angrep mot det myndighetene i USA hevder er \u00abnarkotikab\u00e5ter\u00bb, if\u00f8lge <a href=\"https:\/\/www.vg.no\/nyheter\/i\/dRoQvO\/karibia-koker-usa-viser-styrke-mot-venezuela\" data-track-element-type=\"Link\" data-track-id=\"link:dRoQvO\" class=\"_link_o9xde_39\" rel=\"nofollow noopener\" target=\"_blank\">VGs gjennomgang.<\/a><\/p>\n<p class=\"_paragraph_o9xde_4 _paragraph_xtcu6_10 layout-component text-serif-m layout-normal text-serif-m layout-padded\">Senest tirsdag denne uken ble 14 personer drept,\u00a0<a href=\"https:\/\/x.com\/SecWar\/status\/1983164355999883548?utm_source=sdrn%3Avg%3Aarticle%3AdRoQvO\" class=\"_link_o9xde_39\" rel=\"nofollow\">bekreftet<\/a>\u00a0forsvarsminister Pete Hegseth.<\/p>\n<p class=\"_paragraph_o9xde_4 _paragraph_xtcu6_10 layout-component text-serif-m layout-normal text-serif-m layout-padded\">Tre uavhengige\u00a0<a href=\"https:\/\/www.ohchr.org\/en\/press-releases\/2025\/10\/un-experts-condemn-coercive-intervention-venezuela-united-states\" class=\"_link_o9xde_39\" rel=\"nofollow noopener\" target=\"_blank\">FN-eksperter<\/a>\u00a0anklager USA for \u00e5 bryte\u00a0folkeretten, og for \u00e5 eskalere situasjonen i Karibia. <\/p>\n","protected":false},"excerpt":{"rendered":"Angrepene kan komme n\u00e5r som helst, if\u00f8lge kilder til Miami Herald. PROTEST: P\u00e5 kort tid har Det karibiske&hellip;\n","protected":false},"author":2,"featured_media":75000,"comment_status":"","ping_status":"","sticky":false,"template":"","format":"standard","meta":{"footnotes":""},"categories":[12],"tags":[20,21,24,25,15,9115,22,23,10380,13,4037,30,28,29,14,16,26,27,50,5242,95,42,46,43,44,45],"class_list":{"0":"post-74999","1":"post","2":"type-post","3":"status-publish","4":"format-standard","5":"has-post-thumbnail","7":"category-verden","8":"tag-breaking-news","9":"tag-breakingnews","10":"tag-featured-news","11":"tag-featurednews","12":"tag-headlines","13":"tag-karibia","14":"tag-latest-news","15":"tag-latestnews","16":"tag-latin-amerika","17":"tag-news","18":"tag-nicolas-maduro","19":"tag-no","20":"tag-norge","21":"tag-norway","22":"tag-nyheter","23":"tag-overskrifter","24":"tag-top-stories","25":"tag-topstories","26":"tag-usa","27":"tag-uss-gerald-r-ford","28":"tag-venezuela","29":"tag-verden","30":"tag-vgai","31":"tag-world","32":"tag-world-news","33":"tag-worldnews"},"share_on_mastodon":{"url":"https:\/\/pubeurope.com\/@no\/115469424289650443","error":""},"_links":{"self":[{"href":"https:\/\/www.europesays.com\/no\/wp-json\/wp\/v2\/posts\/74999","targetHints":{"allow":["GET"]}}],"collection":[{"href":"https:\/\/www.europesays.com\/no\/wp-json\/wp\/v2\/posts"}],"about":[{"href":"https:\/\/www.europesays.com\/no\/wp-json\/wp\/v2\/types\/post"}],"author":[{"embeddable":true,"href":"https:\/\/www.europesays.com\/no\/wp-json\/wp\/v2\/users\/2"}],"replies":[{"embeddable":true,"href":"https:\/\/www.europesays.com\/no\/wp-json\/wp\/v2\/comments?post=74999"}],"version-history":[{"count":0,"href":"https:\/\/www.europesays.com\/no\/wp-json\/wp\/v2\/posts\/74999\/revisions"}],"wp:featuredmedia":[{"embeddable":true,"href":"https:\/\/www.europesays.com\/no\/wp-json\/wp\/v2\/media\/75000"}],"wp:attachment":[{"href":"https:\/\/www.europesays.com\/no\/wp-json\/wp\/v2\/media?parent=74999"}],"wp:term":[{"taxonomy":"category","embeddable":true,"href":"https:\/\/www.europesays.com\/no\/wp-json\/wp\/v2\/categories?post=74999"},{"taxonomy":"post_tag","embeddable":true,"href":"https:\/\/www.europesays.com\/no\/wp-json\/wp\/v2\/tags?post=74999"}],"curies":[{"name":"wp","href":"https:\/\/api.w.org\/{rel}","templated":true}]}}