{"id":75001,"date":"2025-10-31T15:12:43","date_gmt":"2025-10-31T15:12:43","guid":{"rendered":"https:\/\/www.europesays.com\/no\/75001\/"},"modified":"2025-10-31T15:12:43","modified_gmt":"2025-10-31T15:12:43","slug":"helse-vaksine-fhi-med-klar-oppfordring-ta-vaksinen-na","status":"publish","type":"post","link":"https:\/\/www.europesays.com\/no\/75001\/","title":{"rendered":"Helse, Vaksine | FHI med klar oppfordring: \u2013 Ta vaksinen n\u00e5"},"content":{"rendered":"\n<p>Antall influensasyke \u00f8ker raskt, melder Folkehelseinstituttet torsdag.<\/p>\n<p>S\u00e6rlig er det i Oslo og Midt-Norge en \u00f8kning i antall influensatilfeller. FHIs overv\u00e5king tilsier at det er mer influensa enn normalt p\u00e5 denne tiden av \u00e5ret.<\/p>\n<p>\u2013 Det er derfor mulig at influensautbruddet i \u00e5r vil begynne tidligere enn normalt, opplyser FHI.<\/p>\n<p>Flere innleggelser<\/p>\n<p>Om trenden fortsetter er fortsatt litt uklart, men det vil overv\u00e5kingen over de neste ukene avdekke.<\/p>\n<p>\u2013 Influensavaksinen gir best beskyttelse etter 10\u201314 dager, derfor haster det n\u00e5 \u00e5 vaksinere seg for \u00e5 ha god effekt f\u00f8r influensautbruddet er ordentlig i gang, sier Kjersti Rydland, seniorr\u00e5dgiver ved Folkehelseinstituttet p\u00e5 deres nettsider.<\/p>\n<p>  <a href=\"https:\/\/www.oa.no\/5-35-2172252\" class=\"related-teaser has-image default-story-teaser article--c-eRUmMG article--c-eRUmMG-jKCPdD-design-default\" rel=\"nofollow noopener\" target=\"_blank\"><\/p>\n<p>    <img decoding=\"async\" loading=\"lazy\"  src=\"https:\/\/www.europesays.com\/no\/wp-content\/uploads\/2025\/10\/5_35_1514610+NTB_35yTYIfW3Eg.jpg\" alt=\"\" class=\"brick-c-cFOWSL\" style=\"\"\/><\/p>\n<p>\n            Les ogs\u00e5<\/p>\n<p>              Her kan du ta vaksine i din kommune\n        <\/p>\n<p>  <\/a><\/p>\n<p>Sykehusene rapporterer ogs\u00e5 om flere innleggelser med pasienter som f\u00e5r p\u00e5vist influensa.<\/p>\n<p>If\u00f8lge FHI er det p\u00e5vist influensa i alle fylker, men forel\u00f8pig er forekomsten h\u00f8yeste i Oslo, M\u00f8re og Romsdal og Tr\u00f8ndelag.<\/p>\n<p>I Innlandet virker situasjonen forel\u00f8pig \u00e5 v\u00e6re rolig. Sykehusene i Innlandet har hittil v\u00e6rt f\u00e6rre enn fem positive influensapr\u00f8ver til og med uke 43.<\/p>\n<p>   <img decoding=\"async\" width=\"2619\" height=\"1645\" fetchpriority=\"low\"  loading=\"lazy\"  src=\"https:\/\/www.europesays.com\/no\/wp-content\/uploads\/2025\/10\/Gj%C3%B8vik+sykehus2.jpg\" alt=\"sykehuset Innlandet Gj\u00f8vik\" class=\"brick-c-cFOWSL\" style=\"--brick-image-ratio: 2619 \/ 1645;\"\/><\/p>\n<p>      F\u00c5 POSITIVE: Sykehuset Innlandet har hatt f\u00e5 positive pr\u00f8ver p\u00e5 influensa forel\u00f8pig.<br \/>\n      Foto: Illustrasjonsbilde\n    <\/p>\n<p>\u2013 Dette er med unntak av uke 42 da antallet positive pr\u00f8ver var 12, sier kommunikasjonsr\u00e5dgiver Line Fuglehaug i Sykehuset Innlandet.<\/p>\n<p>Tallene er hentet fra pr\u00f8ver som er analysert av laboratoriet ved sykehusene i Innlandet. Dette er ikke snakk om pasienter, men ogs\u00e5 pr\u00f8ver tatt hos fastlegene og likende helsetjenester.<\/p>\n<p>Vaksine<\/p>\n<p>If\u00f8lge FHI er influensavaksine det beste forebyggende tiltaket mot influensa og risikogruppene blir derfor anbefalt vaksine hver h\u00f8st.<\/p>\n<p>Den nasjonale satsen for egenandel for influensavaksinen er 301 kroner. Kommunene i Vestoppland forholder seg til denne prisen s\u00e5 vidt Oppland Arbeiderblad er kjent med.<\/p>\n<p>  <a href=\"https:\/\/www.oa.no\/5-35-2177628\" class=\"related-teaser has-image default-story-teaser article--c-eRUmMG article--c-eRUmMG-jKCPdD-design-default\" rel=\"nofollow noopener\" target=\"_blank\"><\/p>\n<p>    <img decoding=\"async\" loading=\"lazy\"  src=\"https:\/\/www.europesays.com\/no\/wp-content\/uploads\/2025\/10\/Mjsssykehuset+illustrasjon+7.jpg\" alt=\"\" class=\"brick-c-cFOWSL\" style=\"\"\/><\/p>\n<p>\n            Les ogs\u00e5<\/p>\n<p>              Tr\u00f8bbel for Mj\u00f8ssykehuset \u2013 kan f\u00f8re til utsettelser\n        <\/p>\n<p>  <\/a><\/p>\n<p>\u00c5rets influensavaksine dekker de tre influensavirusene som kan smitte mennesker. Virusene heter influensa A H1, A H3 og B-Victoria.<\/p>\n<p>Helsedirektoratet oppfordrer ogs\u00e5 alle ansatte i helsetjenesten med pasientkontakt til \u00e5 ta \u00e5rets influensavaksine.<\/p>\n<p>\u2013 Helsepersonell behandler og har omsorg for mange i risikogruppene, som eldre og barn i risikogruppene. Disse m\u00e5 vi beskytte. Det er viktig \u00e5 redusere risikoen for \u00e5 b\u00e6re smitte til pasientene p\u00e5 jobb, sier avdelingsdirekt\u00f8r Knut Berglund i Helsedirektoratet til NTB.<\/p>\n","protected":false},"excerpt":{"rendered":"Antall influensasyke \u00f8ker raskt, melder Folkehelseinstituttet torsdag. S\u00e6rlig er det i Oslo og Midt-Norge en \u00f8kning i antall&hellip;\n","protected":false},"author":2,"featured_media":75002,"comment_status":"","ping_status":"","sticky":false,"template":"","format":"standard","meta":{"footnotes":""},"categories":[10],"tags":[36,20,21,24,25,15,736,7141,22,23,13,30,28,29,14,16,1510,948,26,27,663],"class_list":{"0":"post-75001","1":"post","2":"type-post","3":"status-publish","4":"format-standard","5":"has-post-thumbnail","7":"category-norge","8":"tag-art","9":"tag-breaking-news","10":"tag-breakingnews","11":"tag-featured-news","12":"tag-featurednews","13":"tag-headlines","14":"tag-helse","15":"tag-influensa","16":"tag-latest-news","17":"tag-latestnews","18":"tag-news","19":"tag-no","20":"tag-norge","21":"tag-norway","22":"tag-nyheter","23":"tag-overskrifter","24":"tag-story","25":"tag-sykehus","26":"tag-top-stories","27":"tag-topstories","28":"tag-vaksine"},"share_on_mastodon":{"url":"https:\/\/pubeurope.com\/@no\/115469427943374645","error":""},"_links":{"self":[{"href":"https:\/\/www.europesays.com\/no\/wp-json\/wp\/v2\/posts\/75001","targetHints":{"allow":["GET"]}}],"collection":[{"href":"https:\/\/www.europesays.com\/no\/wp-json\/wp\/v2\/posts"}],"about":[{"href":"https:\/\/www.europesays.com\/no\/wp-json\/wp\/v2\/types\/post"}],"author":[{"embeddable":true,"href":"https:\/\/www.europesays.com\/no\/wp-json\/wp\/v2\/users\/2"}],"replies":[{"embeddable":true,"href":"https:\/\/www.europesays.com\/no\/wp-json\/wp\/v2\/comments?post=75001"}],"version-history":[{"count":0,"href":"https:\/\/www.europesays.com\/no\/wp-json\/wp\/v2\/posts\/75001\/revisions"}],"wp:featuredmedia":[{"embeddable":true,"href":"https:\/\/www.europesays.com\/no\/wp-json\/wp\/v2\/media\/75002"}],"wp:attachment":[{"href":"https:\/\/www.europesays.com\/no\/wp-json\/wp\/v2\/media?parent=75001"}],"wp:term":[{"taxonomy":"category","embeddable":true,"href":"https:\/\/www.europesays.com\/no\/wp-json\/wp\/v2\/categories?post=75001"},{"taxonomy":"post_tag","embeddable":true,"href":"https:\/\/www.europesays.com\/no\/wp-json\/wp\/v2\/tags?post=75001"}],"curies":[{"name":"wp","href":"https:\/\/api.w.org\/{rel}","templated":true}]}}