{"id":75023,"date":"2025-10-31T15:49:06","date_gmt":"2025-10-31T15:49:06","guid":{"rendered":"https:\/\/www.europesays.com\/no\/75023\/"},"modified":"2025-10-31T15:49:06","modified_gmt":"2025-10-31T15:49:06","slug":"japan-onsker-a-bremse-okende-bjorneangrep-med-rekrutterte-jegere","status":"publish","type":"post","link":"https:\/\/www.europesays.com\/no\/75023\/","title":{"rendered":"Japan \u00f8nsker \u00e5 bremse \u00f8kende bj\u00f8rneangrep med rekrutterte jegere &#8211;"},"content":{"rendered":"<p>Japans regjering har kommet opp med en l\u00f8sning p\u00e5 et av landets mer overraskende problemer. P\u00e5 grunn av en merkbar \u00f8kning i antall bj\u00f8rneangrep har milj\u00f8verndepartementet besluttet at veien videre er \u00e5 ansette jegere for \u00e5 avlive bj\u00f8rner og dermed ogs\u00e5 redusere hyppigheten av angrep.<\/p>\n<p>If\u00f8lge <a href=\"https:\/\/www.bbc.co.uk\/news\/articles\/c620lk0gm0vo\" target=\"_blank\" rel=\"nofollow noopener\">BBC News<\/a> har bj\u00f8rneangrep s\u00e5 langt i \u00e5r krevd 12 menneskeliv i Japan, noe som er det h\u00f8yeste antallet som er registrert siden man begynte \u00e5 spore bj\u00f8rner p\u00e5 2000-tallet. Man kan kanskje se p\u00e5 dette som en overreaksjon med tanke p\u00e5 at Japans befolkning er p\u00e5 rundt 123 millioner mennesker, men regjeringen har beskrevet situasjonen som en &laquo;alvorlig trussel mot den offentlige sikkerheten&raquo;.<\/p>\n<p>En annen l\u00f8sning i tillegg til bj\u00f8rnejegerne vil v\u00e6re \u00e5 gi politiet mulighet til \u00e5 skyte bj\u00f8rner med riflene sine, men vi f\u00e5r ikke vite n\u00f8yaktig hva landet kommer frem til f\u00f8r i midten av november, n\u00e5r avtalen om mottiltakene er p\u00e5 plass.<\/p>\n<p>Det er ogs\u00e5 verdt \u00e5 merke seg at i tillegg til de 12 d\u00f8dsfallene i \u00e5r har Japan ogs\u00e5 registrert over 100 bj\u00f8rnerelaterte skader i \u00e5r, hvorav de fleste tilsynelatende er relatert til de mer aggressive og st\u00f8rre brunbj\u00f8rnene som finnes p\u00e5 \u00f8ya Hokkaido. Den n\u00f8yaktige fordelingen av skadene mellom de ulike bj\u00f8rneartene er ikke oppgitt, men det hevdes at den japanske svartbj\u00f8rnen har en tendens til \u00e5 v\u00e6re mer medgj\u00f8rlig og mindre, og at det derfor er mindre sannsynlig at den er \u00e5rsaken til d\u00f8dsfallene\/skadene.<\/p>\n<p><img loading=\"lazy\" decoding=\"async\" id=\"img-1903553-4717963\" data-fullsize=\"\/media\/79\/japanlookscurb_4717963b.jpg\" data-lazy=\"\" src=\"https:\/\/www.gamereactor.nohttps:\/\/www.gamereactor.no\/media\/79\/japanlookscurb_4717963_650x.jpg\" width=\"650\" onclick=\"if (!window.__cfRLUnblockHandlers) return false; gallery_openmodal('1903553','4717963',false,'2dbd05561d069f7ecf5db96535bddd62');\" height=\"433\" alt=\"Japan \u00f8nsker \u00e5 bremse \u00f8kende bj\u00f8rneangrep med rekrutterte jegere\" class=\"rwd_col_content lazy\" data-cf-modified-2d6d4b4e36c0ddc5ecec602e-=\"\"\/>Japansk svartbj\u00f8rn stirrer ut i det fjerne. \/\/ Shutterstock \/ FURISHO<\/p>\n","protected":false},"excerpt":{"rendered":"Japans regjering har kommet opp med en l\u00f8sning p\u00e5 et av landets mer overraskende problemer. P\u00e5 grunn av&hellip;\n","protected":false},"author":2,"featured_media":75024,"comment_status":"","ping_status":"","sticky":false,"template":"","format":"standard","meta":{"footnotes":""},"categories":[57],"tags":[30,28,29,65,63,64,66,70,69,67,68],"class_list":{"0":"post-75023","1":"post","2":"type-post","3":"status-publish","4":"format-standard","5":"has-post-thumbnail","7":"category-vitenskap-og-teknologi","8":"tag-no","9":"tag-norge","10":"tag-norway","11":"tag-science","12":"tag-science-and-technology","13":"tag-scienceandtechnology","14":"tag-technology","15":"tag-teknologi","16":"tag-vitenskap","17":"tag-vitenskap-og-teknologi","18":"tag-vitenskapteknologi"},"share_on_mastodon":{"url":"https:\/\/pubeurope.com\/@no\/115469573473318041","error":""},"_links":{"self":[{"href":"https:\/\/www.europesays.com\/no\/wp-json\/wp\/v2\/posts\/75023","targetHints":{"allow":["GET"]}}],"collection":[{"href":"https:\/\/www.europesays.com\/no\/wp-json\/wp\/v2\/posts"}],"about":[{"href":"https:\/\/www.europesays.com\/no\/wp-json\/wp\/v2\/types\/post"}],"author":[{"embeddable":true,"href":"https:\/\/www.europesays.com\/no\/wp-json\/wp\/v2\/users\/2"}],"replies":[{"embeddable":true,"href":"https:\/\/www.europesays.com\/no\/wp-json\/wp\/v2\/comments?post=75023"}],"version-history":[{"count":0,"href":"https:\/\/www.europesays.com\/no\/wp-json\/wp\/v2\/posts\/75023\/revisions"}],"wp:featuredmedia":[{"embeddable":true,"href":"https:\/\/www.europesays.com\/no\/wp-json\/wp\/v2\/media\/75024"}],"wp:attachment":[{"href":"https:\/\/www.europesays.com\/no\/wp-json\/wp\/v2\/media?parent=75023"}],"wp:term":[{"taxonomy":"category","embeddable":true,"href":"https:\/\/www.europesays.com\/no\/wp-json\/wp\/v2\/categories?post=75023"},{"taxonomy":"post_tag","embeddable":true,"href":"https:\/\/www.europesays.com\/no\/wp-json\/wp\/v2\/tags?post=75023"}],"curies":[{"name":"wp","href":"https:\/\/api.w.org\/{rel}","templated":true}]}}