{"id":75025,"date":"2025-10-31T15:50:14","date_gmt":"2025-10-31T15:50:14","guid":{"rendered":"https:\/\/www.europesays.com\/no\/75025\/"},"modified":"2025-10-31T15:50:14","modified_gmt":"2025-10-31T15:50:14","slug":"se-hva-vi-fant-pa-agrovisjon-bondebladet","status":"publish","type":"post","link":"https:\/\/www.europesays.com\/no\/75025\/","title":{"rendered":"Se hva vi fant p\u00e5 Agrovisjon! &#8211; Bondebladet"},"content":{"rendered":"<ol>\n<li><a href=\"https:\/\/news.google.com\/rss\/articles\/CBMiekFVX3lxTE9lWHdadFNxX094akRuMUZXZ2F0Q1VMQTREb2wxclNyRl9jbUFzNHJ2Wk94Mld4MldEd3BhTWQ0UjZCZGoxVTJHUUJKclZwZjBJUjFTTzVmSE9PcGdiWGZ5RnRaRnh5NlBMLS1WLXgwbU1zSnFFODNUM3N3?oc=5\" target=\"_blank\" rel=\"nofollow noopener\">Se hva vi fant p\u00e5 Agrovisjon!<\/a>&nbsp;&nbsp;Bondebladet<\/li>\n<li><a href=\"https:\/\/news.google.com\/rss\/articles\/CBMiqgFBVV95cUxPZkxjQWo3VC1TSUdsb19tS2JzR295TWZtM3RUeWpWa3JLVVdXdm9qYkltSlk0bFdNV0NTRnlOVmcwb3RiNnZiQkp3WGFGdHM1aGZiZXplaHVOOHVCSTlTVkJ3Vk9zcm5sMU9CR1huLUo4WnpacWM3SV9Wc3h6TWxfNmlrcFdFNTNxdWZLYnZieEhDUFBseW9IbUYteGlVWjRxT0pWOFN6Z2EzQQ?oc=5\" target=\"_blank\" rel=\"nofollow noopener\">F\u00f8lg BG p\u00e5 SnapChat for glimt fra Agrovisjon<\/a>&nbsp;&nbsp;Gardsdrift.no<\/li>\n<li><a href=\"https:\/\/news.google.com\/rss\/articles\/CBMiggFBVV95cUxPV3R6cnVkaElqR3RJaUpUU3pMRGNJLU1NcUk4NHpPVHlielM1WXNfa09NdTVzQUVoMDI3b3VOdmRXbXl2b3F4LUtTZURkT1lrNmdBMjgyS1k4QmdfcUxFOE01ZF9pYlhERWtXVXRSVTRVZFgtUmQxaUtseGdNMXVKS3dn?oc=5\" target=\"_blank\" rel=\"nofollow noopener\">(+) Moni viser oppgradert traktor p\u00e5 Agrovisjon<\/a>&nbsp;&nbsp;at.no<\/li>\n<li><a href=\"https:\/\/news.google.com\/rss\/articles\/CBMizwFBVV95cUxQUnNHZHJ0NjZ1ejZqc2Jabld2QzVUaExMeDZoWHV4WW5IOEhVRnNpMk9Takp6UWdOWl9RSjFhZ2M4MTBFdUl3UFZIS3hGaHBHbWtidjRBdUR6RjFUYmpVT0hoMGMtaEowVVZtWno3OUJEYVFkdnBYdi1iRk5qdWI4dXUyZ1Jja0NhVjFHVDd5QUxXRTEyVU1MYmVYWUVjNWN6TGxaY3BiZHpVWXYtNmd0M2h4ZXE1N1BhQmVUY0VFenYxbko5LXd6RFEzdkgxZk0?oc=5\" target=\"_blank\" rel=\"nofollow noopener\">(+) Olav R\u00f8ysland er sjef for Agrovisjon: \u2013 Stemninga i landbruket er kjempegod<\/a>&nbsp;&nbsp;Norsk Landbruk<\/li>\n<li><a href=\"https:\/\/news.google.com\/rss\/articles\/CBMipAFBVV95cUxOZU5MVlhOV3JPV293OWZxT21wVTA5QnplMld5NEw4Nkt1dDFCaE55QUswM0dsTW0zaXNPZ2E2LVhYeVNhclE1Q3F3azdpTVJzUlo2X3NkbmtVSENkTjIwSnhwWlZrMi1MUmZYUjJvREVvaVV3OEJ5QlpvelZ5anNiUlQwekFZWTN2YkRhb3djLVhiWUlVMl9WUk9jeEZFdjdWZ283Ng?oc=5\" target=\"_blank\" rel=\"nofollow noopener\">(+) Moni Worldwide klar for Agrovisjon \u2013 viser oppgradert norgestraktor<\/a>&nbsp;&nbsp;traktor.no<\/li>\n<\/ol>\n","protected":false},"excerpt":{"rendered":"Se hva vi fant p\u00e5 Agrovisjon!&nbsp;&nbsp;Bondebladet F\u00f8lg BG p\u00e5 SnapChat for glimt fra Agrovisjon&nbsp;&nbsp;Gardsdrift.no (+) Moni viser oppgradert&hellip;\n","protected":false},"author":2,"featured_media":75026,"comment_status":"","ping_status":"","sticky":false,"template":"","format":"standard","meta":{"footnotes":""},"categories":[56],"tags":[10386,36,60,61,10387,62,30,28,29,572,1306,1510,3286],"class_list":{"0":"post-75025","1":"post","2":"type-post","3":"status-publish","4":"format-standard","5":"has-post-thumbnail","7":"category-naeringsliv","8":"tag-agrovisjon","9":"tag-art","10":"tag-business","11":"tag-economy","12":"tag-husdyr","13":"tag-naeringsliv","14":"tag-no","15":"tag-norge","16":"tag-norway","17":"tag-okonomi","18":"tag-stavanger","19":"tag-story","20":"tag-traktor"},"share_on_mastodon":{"url":"https:\/\/pubeurope.com\/@no\/115469577238782149","error":""},"_links":{"self":[{"href":"https:\/\/www.europesays.com\/no\/wp-json\/wp\/v2\/posts\/75025","targetHints":{"allow":["GET"]}}],"collection":[{"href":"https:\/\/www.europesays.com\/no\/wp-json\/wp\/v2\/posts"}],"about":[{"href":"https:\/\/www.europesays.com\/no\/wp-json\/wp\/v2\/types\/post"}],"author":[{"embeddable":true,"href":"https:\/\/www.europesays.com\/no\/wp-json\/wp\/v2\/users\/2"}],"replies":[{"embeddable":true,"href":"https:\/\/www.europesays.com\/no\/wp-json\/wp\/v2\/comments?post=75025"}],"version-history":[{"count":0,"href":"https:\/\/www.europesays.com\/no\/wp-json\/wp\/v2\/posts\/75025\/revisions"}],"wp:featuredmedia":[{"embeddable":true,"href":"https:\/\/www.europesays.com\/no\/wp-json\/wp\/v2\/media\/75026"}],"wp:attachment":[{"href":"https:\/\/www.europesays.com\/no\/wp-json\/wp\/v2\/media?parent=75025"}],"wp:term":[{"taxonomy":"category","embeddable":true,"href":"https:\/\/www.europesays.com\/no\/wp-json\/wp\/v2\/categories?post=75025"},{"taxonomy":"post_tag","embeddable":true,"href":"https:\/\/www.europesays.com\/no\/wp-json\/wp\/v2\/tags?post=75025"}],"curies":[{"name":"wp","href":"https:\/\/api.w.org\/{rel}","templated":true}]}}