{"id":75037,"date":"2025-10-31T16:12:08","date_gmt":"2025-10-31T16:12:08","guid":{"rendered":"https:\/\/www.europesays.com\/no\/75037\/"},"modified":"2025-10-31T16:12:08","modified_gmt":"2025-10-31T16:12:08","slug":"trafikk-refleks-klar-beskjed-for-halloween-dette-ma-dere-huske-pa","status":"publish","type":"post","link":"https:\/\/www.europesays.com\/no\/75037\/","title":{"rendered":"Trafikk, Refleks | Klar beskjed f\u00f8r Halloween: \u2013 Dette m\u00e5 dere huske p\u00e5!"},"content":{"rendered":"\n<p>Mange barn og voksne skal fredag kveld g\u00e5 rundt i nabolagene i det ganske land, banke p\u00e5 d\u00f8rer og sp\u00f8rre om knask eller knep, if\u00f8rt kostymer.<\/p>\n<p>Men oktoberkvelder uten sn\u00f8 p\u00e5 bakken, med masse barn og unge i gatene og langs vegene, kan by p\u00e5 problemer.<\/p>\n<p>\u2013 Det kan v\u00e6re skummelt \u00e5 la v\u00e6re, sier Torbj\u00f8rn Brandeggen i Tryg forsikring i en pressemelding.<\/p>\n<p>Mange kler seg ut i skumle kostymer, som gjerne har m\u00f8rke farger. Disse fargene kan v\u00e6re sv\u00e6rt vanskelig \u00e5 se for bilister.<\/p>\n<p>\u2013 Gj\u00f8r refleks til en del av kostymet. Det viktigste er at de blir sett i m\u00f8rket. Refleksbrikker er kanskje ikke kult nok, men bruk gjerne refleksspray, refleksgarn eller refleksb\u00e5nd rundt armer og bein, sier Brandeggen.<\/p>\n<p>Sjansen for \u00e5 bli sett langs en uopplyst bilveg er 85 prosent h\u00f8yere om man bruker refleks, melder forsikringsselskapet.<\/p>\n<p>\u2013 Det kan v\u00e6re sv\u00e6rt vanskelig for bilister \u00e5 se svartkledde barn langs veg eller fortau. I tillegg til refleks kan det v\u00e6re lurt at de har lommelykt eller annet lys festet til kostymet. Det gjelder \u00e5 hjelpe bilister \u00e5 se de i m\u00f8rket, oppfordrer Brandeggen.<\/p>\n<p>Dagen er likevel ikke en utpreget ulykkesdag, men man b\u00f8r likevel ta sine forholdsregler.<\/p>\n<p>\u2013 Uten refleks eller noe reflekterende i m\u00f8rket er du f\u00f8rst synlig for en bilist p\u00e5 vel 25 meters avstand, mens med refleks ser bilisten deg p\u00e5 140 meters avstand. Det gir bilisten langt bedre tid til \u00e5 reagere og forhindre en p\u00e5kj\u00f8rsel, sier Brandeggen.<\/p>\n","protected":false},"excerpt":{"rendered":"Mange barn og voksne skal fredag kveld g\u00e5 rundt i nabolagene i det ganske land, banke p\u00e5 d\u00f8rer&hellip;\n","protected":false},"author":2,"featured_media":75038,"comment_status":"","ping_status":"","sticky":false,"template":"","format":"standard","meta":{"footnotes":""},"categories":[10],"tags":[36,20,21,24,25,8568,15,22,23,13,30,28,29,14,16,9095,1510,26,27,224],"class_list":{"0":"post-75037","1":"post","2":"type-post","3":"status-publish","4":"format-standard","5":"has-post-thumbnail","7":"category-norge","8":"tag-art","9":"tag-breaking-news","10":"tag-breakingnews","11":"tag-featured-news","12":"tag-featurednews","13":"tag-halloween","14":"tag-headlines","15":"tag-latest-news","16":"tag-latestnews","17":"tag-news","18":"tag-no","19":"tag-norge","20":"tag-norway","21":"tag-nyheter","22":"tag-overskrifter","23":"tag-refleks","24":"tag-story","25":"tag-top-stories","26":"tag-topstories","27":"tag-trafikk"},"share_on_mastodon":{"url":"https:\/\/pubeurope.com\/@no\/115469663928462987","error":""},"_links":{"self":[{"href":"https:\/\/www.europesays.com\/no\/wp-json\/wp\/v2\/posts\/75037","targetHints":{"allow":["GET"]}}],"collection":[{"href":"https:\/\/www.europesays.com\/no\/wp-json\/wp\/v2\/posts"}],"about":[{"href":"https:\/\/www.europesays.com\/no\/wp-json\/wp\/v2\/types\/post"}],"author":[{"embeddable":true,"href":"https:\/\/www.europesays.com\/no\/wp-json\/wp\/v2\/users\/2"}],"replies":[{"embeddable":true,"href":"https:\/\/www.europesays.com\/no\/wp-json\/wp\/v2\/comments?post=75037"}],"version-history":[{"count":0,"href":"https:\/\/www.europesays.com\/no\/wp-json\/wp\/v2\/posts\/75037\/revisions"}],"wp:featuredmedia":[{"embeddable":true,"href":"https:\/\/www.europesays.com\/no\/wp-json\/wp\/v2\/media\/75038"}],"wp:attachment":[{"href":"https:\/\/www.europesays.com\/no\/wp-json\/wp\/v2\/media?parent=75037"}],"wp:term":[{"taxonomy":"category","embeddable":true,"href":"https:\/\/www.europesays.com\/no\/wp-json\/wp\/v2\/categories?post=75037"},{"taxonomy":"post_tag","embeddable":true,"href":"https:\/\/www.europesays.com\/no\/wp-json\/wp\/v2\/tags?post=75037"}],"curies":[{"name":"wp","href":"https:\/\/api.w.org\/{rel}","templated":true}]}}