{"id":75039,"date":"2025-10-31T16:13:16","date_gmt":"2025-10-31T16:13:16","guid":{"rendered":"https:\/\/www.europesays.com\/no\/75039\/"},"modified":"2025-10-31T16:13:16","modified_gmt":"2025-10-31T16:13:16","slug":"mann-ble-tiltalt-av-okokrim-far-millionerstatning","status":"publish","type":"post","link":"https:\/\/www.europesays.com\/no\/75039\/","title":{"rendered":"Mann ble tiltalt av \u00d8kokrim \u2013 f\u00e5r million\u00aderstatning"},"content":{"rendered":"\n<p class=\"_lead_o9xde_2 _lead_xtcu6_50 layout-component text-serif-m layout-normal text-serif-l layout-component layout-wide layout-padded _wide_17hqh_1 layout-padded\">Den norske fondsforvalteren mistet jobben som f\u00f8lge av at han ble straffeforfulgt og siktet for innsidehandel. Men ble frikjent i retten to omganger. <\/p>\n<p><img alt=\"Advokat Nadia Hall i Elden Advokatfirma representerer den norske investeringsr\u00e5dgiveren.  Foto: Sturlason AS Polyfoto\" class=\"_image_qp4xg_65 layout-component layout-wide\" data-fullscreen- data-track-element-type=\"Article image fullscreen\" data-track-name=\"ImageFullscreen\" fetchpriority=\"high\" decoding=\"sync\" loading=\"eager\" height=\"3543\" itemprop=\"image\"  src=\"https:\/\/www.europesays.com\/no\/wp-content\/uploads\/2025\/10\/53dbd322-a7e4-4d30-9095-4a1024ade0bd\"  style=\"object-position:0% 0%\" width=\"5312\"\/>Advokat Nadia Hall i Elden Advokatfirma representerer den norske investeringsr\u00e5dgiveren.  Foto: Sturlason AS Polyfoto<\/p>\n<ul aria-hidden=\"true\" class=\"_images_18f0k_111\">\n<li><a class=\"_link_18f0k_116\" href=\"https:\/\/www.vg.no\/forfatter\/preben-soerensen-olsen\" style=\"z-index:1\" title=\"Preben S\u00f8rensen Olsen\" rel=\"nofollow noopener\" target=\"_blank\"><img alt=\"Bilde av Preben S\u00f8rensen Olsen\" class=\"_image_18f0k_93\" fetchpriority=\"low\" loading=\"lazy\" decoding=\"async\" itemprop=\"image\"  src=\"https:\/\/www.europesays.com\/no\/wp-content\/uploads\/2025\/10\/1761927194_812_64aa1fb4-b39a-43ab-9306-fd34402fdbb9\"  width=\"480\"\/><\/a><\/li>\n<\/ul>\n<p> Oppdatert fredag 31. oktober kl. 14:37     <\/p>\n<p class=\"_paragraph_o9xde_4 _paragraph_xtcu6_10 layout-component text-serif-m layout-normal text-serif-m layout-padded\">N\u00e5 har Borgarting avgjort at mannen har krav p\u00e5 full erstatning for det \u00f8konomiske og omd\u00f8mmemessige tapet han er p\u00e5f\u00f8rt. <\/p>\n<p class=\"_paragraph_o9xde_4 _paragraph_xtcu6_10 layout-component text-serif-m layout-normal text-serif-m layout-padded\"><strong class=\"_strong_o9xde_25\">Den endelige utbetalingen blir fastsatt av tingretten, men kravet er p\u00e5 150 millioner kroner. <\/strong><\/p>\n<p class=\"_paragraph_o9xde_4 _paragraph_xtcu6_10 layout-component text-serif-m layout-normal text-serif-m layout-padded\">Mannen jobbet tidligere som investeringsr\u00e5dgiver i utlandet. <\/p>\n<p class=\"_paragraph_o9xde_4 _paragraph_xtcu6_10 layout-component text-serif-m layout-normal text-serif-m layout-padded\">\u00d8kokrim besluttet \u00e5 etterforske ham i 2017. Det var i etterkant av at banken hans varslet om en telefonsamtale som vakte mistanke. <\/p>\n<p class=\"_paragraph_o9xde_4 _paragraph_xtcu6_10 layout-component text-serif-m layout-normal text-serif-m layout-padded\">Mannen ble senere tiltalt for markedsmanipulasjon og innsidehandel \u2013 men ble frikjent i b\u00e5de tingretten og lagmannsretten. H\u00f8yesterett forkastet anken. <\/p>\n<p><img alt=\"Mannen ble frikjent i Borgarting lagmannsrett.   Foto: Trond Solberg \/ VG\" class=\"_image_qp4xg_65 layout-component layout-normal\" data-fullscreen- data-track-element-type=\"Article image fullscreen\" data-track-name=\"ImageFullscreen\" decoding=\"async\" loading=\"lazy\" height=\"2592\" itemprop=\"image\"  src=\"https:\/\/www.europesays.com\/no\/wp-content\/uploads\/2025\/10\/acca7a52-559a-45d1-8409-23759e7c0833\"  style=\"object-position:0% 0%\" width=\"3888\"\/>Mannen ble frikjent i Borgarting lagmannsrett.   Foto: Trond Solberg \/ VG<\/p>\n<p class=\"_paragraph_o9xde_4 _paragraph_xtcu6_10 layout-component text-serif-m layout-normal text-serif-m layout-padded\">P\u00e5 grunn av tiltalen mistet han stillingen og partnerskapet i et europeisk investeringsfond. <\/p>\n<p class=\"_paragraph_o9xde_4 _paragraph_xtcu6_10 layout-component text-serif-m layout-normal text-serif-m layout-padded\">\u2013 V\u00e5r klient ble urettmessig fratatt karriere, inntekt og renomm\u00e9. Dommen fastsl\u00e5r ikke bare hans uskyld, men ogs\u00e5 at staten m\u00e5 ta fullt ansvar for de enorme konsekvensene saken har hatt, sier advokat Nadia Hall i <a href=\"https:\/\/www.vg.no\/tag\/elden-advokatfirma?utm_source=vg-article&amp;utm_medium=auto-tagger&amp;utm_campaign=JbK0BJ\" class=\"_link_o9xde_39\" rel=\"nofollow noopener\" target=\"_blank\">Elden Advokatfirma<\/a> i en uttalelse til VG.<\/p>\n<p class=\"_paragraph_o9xde_4 _paragraph_xtcu6_10 layout-component text-serif-m layout-normal text-serif-m layout-padded\">\u2013 Dommen inneb\u00e6rer at staten er erstatningsansvarlig. Lagmannsretten sl\u00e5r fast at han har krav p\u00e5 full erstatning, og vi h\u00e5per n\u00e5 at staten er bevisst sitt ansvar og at saken kan avsluttes uten videre rettslig prosess, sier hun. <\/p>\n<p class=\"_paragraph_o9xde_4 _paragraph_xtcu6_10 layout-component text-serif-m layout-normal text-serif-m layout-padded\">Lagmannsretten mener i dommen det var riktig av \u00d8kokrim \u00e5 igangsette etterforskning basert p\u00e5 mistanke om markedsmanipulasjon og innsidehandel. Men mener at det \u00e5 ta ut tiltale mot den norske investeringsr\u00e5dgiveren var basert p\u00e5 faktiske og rettslige misforst\u00e5elser. <\/p>\n<p><img alt=\"Anders Brosveet  Foto: Klaudia Lech \/ VG\" class=\"_image_qp4xg_65 layout-component layout-normal\" data-fullscreen- data-track-element-type=\"Article image fullscreen\" data-track-name=\"ImageFullscreen\" decoding=\"async\" loading=\"lazy\" height=\"3680\" itemprop=\"image\"  src=\"https:\/\/www.europesays.com\/no\/wp-content\/uploads\/2025\/10\/f39576a9-1521-4013-9edf-ae2b552d2eed\"  style=\"object-position:0% 0%\" width=\"5520\"\/>Anders Brosveet  Foto: Klaudia Lech \/ VG<\/p>\n<p class=\"_paragraph_o9xde_4 _paragraph_xtcu6_10 layout-component text-serif-m layout-normal text-serif-m layout-padded\">I straffesaken ble mannen representert av advokat Anders Brosveet i Elden Advokatfirma. <\/p>\n<p class=\"_paragraph_o9xde_4 _paragraph_xtcu6_10 layout-component text-serif-m layout-normal text-serif-m layout-padded\">\u2013 Lagmannsretten sl\u00e5r ikke bare fast at fondsforvalterens handlem\u00e5te var rettmessig ut fra riktig forst\u00e5else av loven, men uttrykker ogs\u00e5 sterk kritikk av \u00d8kokrim for \u00e5 ha reist tiltale uten tilfredsstillende grunnlag, sier han i en uttalelse til VG. <\/p>\n<p class=\"_paragraph_o9xde_4 _paragraph_xtcu6_10 layout-component text-serif-m layout-normal text-serif-m layout-padded\">\u2013 I straffesaken var lagmannsretten i tvil, mens i erstatningssaken ser domstolene ganske annerledes p\u00e5 dette. N\u00e5r de f\u00f8rst mener at forvalterens atferd ikke var p\u00e5fallende, er resultatet derfra og inn for s\u00e5 vidt ikke overraskende. N\u00e5 vil vi bruke den kommende m\u00e5neden for \u00e5 vurdere om det er grunnlag for \u00e5 anke dommen. Forvalterens krav mot fellesskapet er betydelig, og fortjener derfor en grundig behandling, sier regjeringsadvokat David Magnus Myr i en uttalelse sendt til VG. <\/p>\n<p>    <img decoding=\"async\" alt=\"Tips oss illustrasjon\" src=\"https:\/\/www.europesays.com\/no\/wp-content\/uploads\/2025\/10\/pssst-small.webp.webp\"\/>    <\/p>\n<p class=\"title-serif-s\">Har du tips?<\/p>\n<p class=\"text-sans-m\">Send oss informasjon, bilder eller video.<\/p>\n<p>  <a href=\"https:\/\/www.vg.no\/tips-oss\" rel=\"nofollow noopener\" target=\"_blank\"> Tips oss <\/a>      <\/p>\n","protected":false},"excerpt":{"rendered":"Den norske fondsforvalteren mistet jobben som f\u00f8lge av at han ble straffeforfulgt og siktet for innsidehandel. Men ble&hellip;\n","protected":false},"author":2,"featured_media":75040,"comment_status":"","ping_status":"","sticky":false,"template":"","format":"standard","meta":{"footnotes":""},"categories":[5],"tags":[31,20,21,10388,24,25,15,19,10389,22,23,17,18,13,30,28,29,14,16,6108,26,27],"class_list":{"0":"post-75039","1":"post","2":"type-post","3":"status-publish","4":"format-standard","5":"has-post-thumbnail","7":"category-overskrifter","8":"tag-breaking","9":"tag-breaking-news","10":"tag-breakingnews","11":"tag-elden-advokatfirma","12":"tag-featured-news","13":"tag-featurednews","14":"tag-headlines","15":"tag-hovedoppslag","16":"tag-innsidehandel","17":"tag-latest-news","18":"tag-latestnews","19":"tag-main-news","20":"tag-mainnews","21":"tag-news","22":"tag-no","23":"tag-norge","24":"tag-norway","25":"tag-nyheter","26":"tag-overskrifter","27":"tag-okokrim","28":"tag-top-stories","29":"tag-topstories"},"share_on_mastodon":{"url":"https:\/\/pubeurope.com\/@no\/115469668033111796","error":""},"_links":{"self":[{"href":"https:\/\/www.europesays.com\/no\/wp-json\/wp\/v2\/posts\/75039","targetHints":{"allow":["GET"]}}],"collection":[{"href":"https:\/\/www.europesays.com\/no\/wp-json\/wp\/v2\/posts"}],"about":[{"href":"https:\/\/www.europesays.com\/no\/wp-json\/wp\/v2\/types\/post"}],"author":[{"embeddable":true,"href":"https:\/\/www.europesays.com\/no\/wp-json\/wp\/v2\/users\/2"}],"replies":[{"embeddable":true,"href":"https:\/\/www.europesays.com\/no\/wp-json\/wp\/v2\/comments?post=75039"}],"version-history":[{"count":0,"href":"https:\/\/www.europesays.com\/no\/wp-json\/wp\/v2\/posts\/75039\/revisions"}],"wp:featuredmedia":[{"embeddable":true,"href":"https:\/\/www.europesays.com\/no\/wp-json\/wp\/v2\/media\/75040"}],"wp:attachment":[{"href":"https:\/\/www.europesays.com\/no\/wp-json\/wp\/v2\/media?parent=75039"}],"wp:term":[{"taxonomy":"category","embeddable":true,"href":"https:\/\/www.europesays.com\/no\/wp-json\/wp\/v2\/categories?post=75039"},{"taxonomy":"post_tag","embeddable":true,"href":"https:\/\/www.europesays.com\/no\/wp-json\/wp\/v2\/tags?post=75039"}],"curies":[{"name":"wp","href":"https:\/\/api.w.org\/{rel}","templated":true}]}}