{"id":75049,"date":"2025-10-31T16:27:18","date_gmt":"2025-10-31T16:27:18","guid":{"rendered":"https:\/\/www.europesays.com\/no\/75049\/"},"modified":"2025-10-31T16:27:18","modified_gmt":"2025-10-31T16:27:18","slug":"okonomi-nav-nye-nav-tall-oi-dette-kan-jo-gi-raskere-rentekutt","status":"publish","type":"post","link":"https:\/\/www.europesays.com\/no\/75049\/","title":{"rendered":"\u00d8konomi, Nav | Nye Nav-tall: \u2013 Oi, dette kan jo gi raskere rentekutt"},"content":{"rendered":"\n<p>(<a href=\"https:\/\/www.tb.no\/nye-nav-tall-oi-dette-kan-jo-gi-raskere-rentekutt\/s\/nettavisen.no\" rel=\"Follow nofollow noopener\" target=\"_blank\">Nettavisen<\/a>): \u2013 Oi, dette kan jo gi raskere rentekutt. Arbeidsledigheten (sesongjustert) \u00f8kte fra 2,1 til 2,2 prosent, heldigvis er det fortsatt lav ledighet, men tallet er h\u00f8yere enn Norges Banks forventning. Dermed kan dette bidra til \u00e5 fremskynde rentekuttet fra Norges Bank., kommenterer sjef\u00f8konom i Sparebank1 S\u00f8r-Norge, Kyrre Knutsen, i en melding til Nettavisen.<\/p>\n<p><b>De ferske tallene fra Nav som viser en svak \u00f8kning i arbeidsledigheten i oktober Sesongjustert \u00f8kte andelen helt arbeidsledige fra 2,1 prosent i september til 2,2 prosent i oktober.<\/b><\/p>\n<p>Norges Bank skal ha neste rentem\u00f8te neste torsdag, men da ventes det ingen kutt.<\/p>\n<p>  <a href=\"https:\/\/www.tb.no\/5-76-2713551\" class=\"related-teaser has-image default-story-teaser article--c-eRUmMG article--c-eRUmMG-jKCPdD-design-default\" rel=\"nofollow noopener\" target=\"_blank\"><\/p>\n<p>    <img decoding=\"async\" loading=\"lazy\"  src=\"https:\/\/www.europesays.com\/no\/wp-content\/uploads\/2025\/10\/Skjermbilde+2025-10-29+222424.png\" alt=\"\" class=\"brick-c-cFOWSL\" style=\"\"\/><\/p>\n<p>\n            Les ogs\u00e5<\/p>\n<p>              Nesten 40.000 krever at lederen til Erik (22) g\u00e5r av: \u2013 Hun har v\u00e6rt t\u00f8ff og uredd\n        <\/p>\n<p>  <\/a><br \/>\n  Lav ledighet p\u00e5 Nav<\/p>\n<p>Ved utgangen av oktober var 613.00 personer registrert som helt arbeidsledige hos NAV.<\/p>\n<p>Arbeids- og velferdsdirekt\u00f8r Hans Christian Holte uttalte i pressemeldingen at ledigheten n\u00e5 er &laquo;tilbake p\u00e5 samme niv\u00e5 som rett f\u00f8r pandemien&raquo; og at situasjonen p\u00e5 arbeidsmarkedet fortsatt er god.<\/p>\n<p><b>Til tross for at \u00f8kningen \u00e5pner for diskusjon om rentepolitikk, understreker sjef\u00f8konom Knudsen at arbeidsmarkedet i Norge fortsatt er robust:<\/b><\/p>\n<p>\u2013 Samtidig er der viktig \u00e5 minne om at arbeidsledigheten fortsatt er p\u00e5 et lavt niv\u00e5, og er en av de viktigste grunnene til at det g\u00e5r bra med norsk \u00f8konomi og norske forbrukere.<\/p>\n<p>  <a href=\"https:\/\/www.tb.no\/5-76-2580215\" class=\"related-teaser has-image default-feature-teaser article--c-eRUmMG article--c-eRUmMG-jKCPdD-design-default\" rel=\"nofollow noopener\" target=\"_blank\"><\/p>\n<p>    <img decoding=\"async\" loading=\"lazy\"  src=\"https:\/\/www.europesays.com\/no\/wp-content\/uploads\/2025\/10\/%C3%98vre+og+Nedre+Slottsgate+oversikt+Mittet.jpg\" alt=\"\" class=\"brick-c-cFOWSL\" style=\"\"\/><\/p>\n<p>\n            Les ogs\u00e5<\/p>\n<p>              Folk ble tvangsflyttet og nabolag rasert: \u2013 Ingen f\u00e5r flyttet meg fra dette hus f\u00f8r jeg selv finner det for godt\n        <\/p>\n<p>  <\/a><br \/>\n  Arbeidss\u00f8kere p\u00e5 Nav<\/p>\n<p>Totalt var 94 500 personer registrert som arbeidss\u00f8kere hos NAV. Mens den samlede ledigheten \u00f8kte, var det store utslag i enkeltgrupper og regioner.<\/p>\n<p><b>Den h\u00f8yeste ledigheten finner man innen reiseliv og transport (3,0 prosent), mens akademiske yrker har den laveste (0,8 prosent).<\/b><\/p>\n<p>Oslo og \u00d8stfold hadde h\u00f8yest ledighet (2,8 prosent).<\/p>\n<p>Selv om arbeidsmarkedet n\u00e5 viser sprekker som kan dempe inflasjonspresset og dermed p\u00e5virke rentesettingen, er det fortsatt stor ettersp\u00f8rsel etter arbeidskraft. I oktober ble det lyst ut 31 200 ledige stillinger, men dette er 7 prosent f\u00e6rre enn i samme m\u00e5ned i fjor.<\/p>\n<p>  <a href=\"https:\/\/www.tb.no\/5-76-2712749\" class=\"related-teaser has-image default-story-teaser article--c-eRUmMG article--c-eRUmMG-jKCPdD-design-default\" rel=\"nofollow noopener\" target=\"_blank\"><\/p>\n<p>    <img decoding=\"async\" loading=\"lazy\"  src=\"https:\/\/www.europesays.com\/no\/wp-content\/uploads\/2025\/10\/image_B8FF96DB-DD4E-4D68-A800-289F21F9ADA2_1761737246.heic\" alt=\"\" class=\"brick-c-cFOWSL\" style=\"\"\/><\/p>\n<p>\n            Les ogs\u00e5<\/p>\n<p>              Kunder kommer langveisfra for et bes\u00f8k hos Joakim: \u2013 Han er ekstremt dyktig\n        <\/p>\n<p>  <\/a><\/p>\n","protected":false},"excerpt":{"rendered":"(Nettavisen): \u2013 Oi, dette kan jo gi raskere rentekutt. Arbeidsledigheten (sesongjustert) \u00f8kte fra 2,1 til 2,2 prosent, heldigvis&hellip;\n","protected":false},"author":2,"featured_media":74658,"comment_status":"","ping_status":"","sticky":false,"template":"","format":"standard","meta":{"footnotes":""},"categories":[10],"tags":[36,20,21,24,25,15,22,23,652,13,30,28,29,14,16,572,1795,1510,26,27],"class_list":{"0":"post-75049","1":"post","2":"type-post","3":"status-publish","4":"format-standard","5":"has-post-thumbnail","7":"category-norge","8":"tag-art","9":"tag-breaking-news","10":"tag-breakingnews","11":"tag-featured-news","12":"tag-featurednews","13":"tag-headlines","14":"tag-latest-news","15":"tag-latestnews","16":"tag-nav","17":"tag-news","18":"tag-no","19":"tag-norge","20":"tag-norway","21":"tag-nyheter","22":"tag-overskrifter","23":"tag-okonomi","24":"tag-rente","25":"tag-story","26":"tag-top-stories","27":"tag-topstories"},"share_on_mastodon":{"url":"https:\/\/pubeurope.com\/@no\/115469722970705916","error":""},"_links":{"self":[{"href":"https:\/\/www.europesays.com\/no\/wp-json\/wp\/v2\/posts\/75049","targetHints":{"allow":["GET"]}}],"collection":[{"href":"https:\/\/www.europesays.com\/no\/wp-json\/wp\/v2\/posts"}],"about":[{"href":"https:\/\/www.europesays.com\/no\/wp-json\/wp\/v2\/types\/post"}],"author":[{"embeddable":true,"href":"https:\/\/www.europesays.com\/no\/wp-json\/wp\/v2\/users\/2"}],"replies":[{"embeddable":true,"href":"https:\/\/www.europesays.com\/no\/wp-json\/wp\/v2\/comments?post=75049"}],"version-history":[{"count":0,"href":"https:\/\/www.europesays.com\/no\/wp-json\/wp\/v2\/posts\/75049\/revisions"}],"wp:featuredmedia":[{"embeddable":true,"href":"https:\/\/www.europesays.com\/no\/wp-json\/wp\/v2\/media\/74658"}],"wp:attachment":[{"href":"https:\/\/www.europesays.com\/no\/wp-json\/wp\/v2\/media?parent=75049"}],"wp:term":[{"taxonomy":"category","embeddable":true,"href":"https:\/\/www.europesays.com\/no\/wp-json\/wp\/v2\/categories?post=75049"},{"taxonomy":"post_tag","embeddable":true,"href":"https:\/\/www.europesays.com\/no\/wp-json\/wp\/v2\/tags?post=75049"}],"curies":[{"name":"wp","href":"https:\/\/api.w.org\/{rel}","templated":true}]}}