{"id":75054,"date":"2025-10-31T16:30:09","date_gmt":"2025-10-31T16:30:09","guid":{"rendered":"https:\/\/www.europesays.com\/no\/75054\/"},"modified":"2025-10-31T16:30:09","modified_gmt":"2025-10-31T16:30:09","slug":"molly-sanden-avslorer-folelser-for-kvinner-i-nytt-intervju","status":"publish","type":"post","link":"https:\/\/www.europesays.com\/no\/75054\/","title":{"rendered":"Molly Sand\u00e9n avsl\u00f8rer f\u00f8lelser for kvinner i nytt intervju"},"content":{"rendered":"<p class=\"kicker \" style=\"\">Molly Sand\u00e9n:<\/p>\n<p>  I et nytt intervju letter den svenske popstjernen p\u00e5 sl\u00f8ret om sin egen seksualitet.\u00a0<\/p>\n<p>\n    \u00c5PNER OPP: Molly Sand\u00e9n forteller \u00e6rlig om sine opplevelser med \u00e5 f\u00e5 f\u00f8lelser for en jente. Foto: Skjermdump: @m0llys \/ Instagram\n  <\/p>\n<p>Molly Sand\u00e9n (33) har lenge v\u00e6rt en av Sveriges mest popul\u00e6re artister. N\u00e5 \u00e5pner hun opp om noe hun aldri har snakket om f\u00f8r.<\/p>\n<p>I et intervju med det svenske magasinet <a href=\"https:\/\/tidning.qx.se\/p\/qx-magasin\/november-2025-362\/r\/17\/32-33\/2419\/2022627\" rel=\"nofollow noopener\" target=\"_blank\">QX<\/a> svarer hun endelig p\u00e5 ryktene om sin seksuelle legning.<\/p>\n<p>    <a itemprop=\"url\" href=\"https:\/\/www.seher.no\/kjendis\/fikk-penis-og-hakekors-i-posten\/83791898\" rel=\"nofollow noopener\" target=\"_blank\"><\/p>\n<p>      <img loading=\"lazy\" decoding=\"async\" src=\"https:\/\/www.europesays.com\/no\/wp-content\/uploads\/2025\/10\/1761928208_695_83791819.webp\" width=\"980\" height=\"441\" title=\"Fikk penis og hakekors i posten\" alt=\"\" class=\"lazyload\" style=\"--aspect-ratio-image: 2.22; \"\/><\/p>\n<p>        Fikk penis og hakekors i posten<\/p>\n<p>    <\/a><\/p>\n<p class=\"font-weight-bold m-font-weight-bold\" data-lab-font_weight=\"font-weight-bold\">&#8211; Jeg har hatt f\u00f8lelser, og v\u00e6rt p\u00e5 \u00abg\u00bb med en jente. Men jeg vet ikke om jeg ville g\u00e5 s\u00e5 langt at jeg sier at jeg er bifil av den grunn. Jeg har ikke utforsket det nok. Men jeg har ikke lukket d\u00f8ren for det, sier Sand\u00e9n.<\/p>\n<p>Hun forteller at hun har v\u00e6rt tiltrukket av flere kvinner, men at det aldri har g\u00e5tt lenger enn den fysiske tiltrekningen.<\/p>\n<p>        HALLOWEEN: Alexandra Joner sin \u00e5rlige halloweenfest er rett rundt hj\u00f8rnet. Video: R\u00f8d L\u00f8per<\/p>\n<p>&#8211; Det f\u00f8ltes ikke s\u00e5 veldig stort, og hun var ogs\u00e5 s\u00e5 chill med alt. Det var virkelig ikke den klisjeen som viste seg \u00e5 v\u00e6re sann: At jeg blir forelsket i personen. N\u00e5r riktig person dukker opp, er det s\u00e5nn. Det handler om hvilken energi man s\u00f8ker, og den kan finnes uavhengig av kj\u00f8nn.<\/p>\n<p>          <img loading=\"lazy\" decoding=\"async\" src=\"https:\/\/www.europesays.com\/no\/wp-content\/uploads\/2025\/10\/83796051.webp\" width=\"686\" height=\"714\" title=\"NORGESVENN: Molly Sand\u00e9n under VG-lista Topp 40 p\u00e5 R\u00e5dhusplassen i juni. Der sang hun sin duett med Astrid S. Foto: NTB\" alt=\"\" class=\"\" style=\"--aspect-ratio-image: 0.96; \"\/><\/p>\n<p>\n          NORGESVENN: Molly Sand\u00e9n under VG-lista Topp 40 p\u00e5 R\u00e5dhusplassen i juni. Der sang hun sin duett med Astrid S. Foto: NTB\n      <\/p>\n<p>Sand\u00e9n velger \u00e5 ikke avsl\u00f8re hvem jenta hun ble forelsket i er, men hun innr\u00f8mmer at hun alltid har hatt en \u00abcrush\u00bb p\u00e5 den svenske artisten Daniela Rathana (29).<\/p>\n<p>        REAGERER: Nettet koker etter Julia Lemigovas intimavsl\u00f8ring under reunionepisoden av \u00abThe Real Housewives of Miami\u00bb. Video: TV 2 Play \/ R\u00f8d L\u00f8per<\/p>\n<p class=\"font-weight-bold m-font-weight-bold\" data-lab-font_weight=\"font-weight-bold\">&#8211; Jeg t\u00f8r ikke si det. Men s\u00e5 har jeg alltid hatt et crush p\u00e5 Daniela Rathana. Det begynte med noe fysisk&#8230; Alts\u00e5, jeg synes hun er den vakreste og den mest sexy som finnes. Men s\u00e5 ble vi venner og begynte \u00e5 skrive sammen.<\/p>\n<p>    <a itemprop=\"url\" href=\"https:\/\/www.seher.no\/kjendis\/tilgitt-etter-utroskap\/83790289\" rel=\"nofollow noopener\" target=\"_blank\"><\/p>\n<p>      <img loading=\"lazy\" decoding=\"async\" src=\"https:\/\/www.europesays.com\/no\/wp-content\/uploads\/2025\/10\/1761928209_36_83790485.webp\" width=\"980\" height=\"441\" title=\"Tilgitt etter utroskap\" alt=\"\" class=\"lazyload\" style=\"--aspect-ratio-image: 2.22; \"\/><\/p>\n<p>        Tilgitt etter utroskap<\/p>\n<p>    <\/a><\/p>\n<p>Artisten forteller ogs\u00e5 at flere av tekstene hennes har innslag fra det skeive milj\u00f8et. Hun r\u00f8per blant annet at noen av sangtekstene hennes handler om den mystiske jenta.<\/p>\n<p>Sand\u00e9n er i dag sammen med David Larsson (38), og sammen har de s\u00f8nnen Karl Beppe Elliot.<\/p>\n","protected":false},"excerpt":{"rendered":"Molly Sand\u00e9n: I et nytt intervju letter den svenske popstjernen p\u00e5 sl\u00f8ret om sin egen seksualitet.\u00a0 \u00c5PNER OPP:&hellip;\n","protected":false},"author":2,"featured_media":75055,"comment_status":"","ping_status":"","sticky":false,"template":"","format":"standard","meta":{"footnotes":""},"categories":[58],"tags":[71,479,10393,30,28,29,72],"class_list":{"0":"post-75054","1":"post","2":"type-post","3":"status-publish","4":"format-standard","5":"has-post-thumbnail","7":"category-underholdning","8":"tag-entertainment","9":"tag-kjendis","10":"tag-molly-sanden","11":"tag-no","12":"tag-norge","13":"tag-norway","14":"tag-underholdning"},"share_on_mastodon":{"url":"https:\/\/pubeurope.com\/@no\/115469734688640595","error":""},"_links":{"self":[{"href":"https:\/\/www.europesays.com\/no\/wp-json\/wp\/v2\/posts\/75054","targetHints":{"allow":["GET"]}}],"collection":[{"href":"https:\/\/www.europesays.com\/no\/wp-json\/wp\/v2\/posts"}],"about":[{"href":"https:\/\/www.europesays.com\/no\/wp-json\/wp\/v2\/types\/post"}],"author":[{"embeddable":true,"href":"https:\/\/www.europesays.com\/no\/wp-json\/wp\/v2\/users\/2"}],"replies":[{"embeddable":true,"href":"https:\/\/www.europesays.com\/no\/wp-json\/wp\/v2\/comments?post=75054"}],"version-history":[{"count":0,"href":"https:\/\/www.europesays.com\/no\/wp-json\/wp\/v2\/posts\/75054\/revisions"}],"wp:featuredmedia":[{"embeddable":true,"href":"https:\/\/www.europesays.com\/no\/wp-json\/wp\/v2\/media\/75055"}],"wp:attachment":[{"href":"https:\/\/www.europesays.com\/no\/wp-json\/wp\/v2\/media?parent=75054"}],"wp:term":[{"taxonomy":"category","embeddable":true,"href":"https:\/\/www.europesays.com\/no\/wp-json\/wp\/v2\/categories?post=75054"},{"taxonomy":"post_tag","embeddable":true,"href":"https:\/\/www.europesays.com\/no\/wp-json\/wp\/v2\/tags?post=75054"}],"curies":[{"name":"wp","href":"https:\/\/api.w.org\/{rel}","templated":true}]}}