{"id":75059,"date":"2025-10-31T16:35:09","date_gmt":"2025-10-31T16:35:09","guid":{"rendered":"https:\/\/www.europesays.com\/no\/75059\/"},"modified":"2025-10-31T16:35:09","modified_gmt":"2025-10-31T16:35:09","slug":"trump-kan-angripe-militaermal-i-venezuela-dagbladet","status":"publish","type":"post","link":"https:\/\/www.europesays.com\/no\/75059\/","title":{"rendered":"Trump kan angripe milit\u00e6rm\u00e5l i Venezuela &#8211; Dagbladet"},"content":{"rendered":"<ol>\n<li><a href=\"https:\/\/news.google.com\/rss\/articles\/CBMiiwFBVV95cUxQTlpfdmZyNUozaTBnYl95SnhCZnFjeWhNOUlmc1pETnBXbmZNMy1RVjJkZC00ZVBITnpKYjBZYjRmZHN1MlpSOWt6Z015MFRkRUJKTWFmYlNZWTAtLTBXRDhHYlBYNV94RDY1aDgtcFVhcHhqQnliaDFoMDFBYVg5cjlQRTJkTHdsdUow?oc=5\" target=\"_blank\" rel=\"nofollow noopener\">Trump kan angripe milit\u00e6rm\u00e5l i Venezuela<\/a>&nbsp;&nbsp;Dagbladet<\/li>\n<li><a href=\"https:\/\/news.google.com\/rss\/articles\/CBMinAFBVV95cUxPazBXY3F5NkxNX3F5SEh1V3k3cE9NV1pUeDhEcjZfOTlqeU1SbW5GRVNkdlNTRkJta3pRcTZOSUJiWTFESlVHc3BJSDJfYUtuRjlRdkZ2OHUzYmYzRWhMSklfcklvRmx3LWZoX0xYUWNEcDd0UnBnYkVBd2ZfT2lfYk1DRHZ4VEpNZkRJMGRDWWd2UkI4R05YQUZhMzE?oc=5\" target=\"_blank\" rel=\"nofollow noopener\">Trump avviser at han vurderer angrep i Venezuela<\/a>&nbsp;&nbsp;Teknisk Ukeblad<\/li>\n<li><a href=\"https:\/\/news.google.com\/rss\/articles\/CBMijAFBVV95cUxPcFNCdnp4NV9YSkNERDZ2dnNJQVRnT3lkSG42Tm90OFBJaGQ2dUtweWdJS1lPcm55bXFUTzU5T0c1aW40OVJ1QWNqMUEtdmhNN18xMkZ3N1U5cU9lZkVFTkJwSU9FaU1VTUxPYldNWHRmMWU3N3c0ZnFheDdzSG5GTVowcE9RX21oc0I4cA?oc=5\" target=\"_blank\" rel=\"nofollow noopener\">Avis: USA varsler angrep p\u00e5 milit\u00e6re m\u00e5l i Venezuela innen \u00abdager eller timer\u00bb<\/a>&nbsp;&nbsp;VG<\/li>\n<li><a href=\"https:\/\/news.google.com\/rss\/articles\/CBMiigFBVV95cUxQV0hDOTF2eldQdlNQOG5TOE5iRUI2U3dZaWR6TFJpajNibXJKNjg3czMyZkFRTjc2V3NsTzRHUUxzYm5fUGJJZ2JuYWJUd1c2UnJFSTdjVjhrMy1feDRZWEdLYlNFaTlzdktRZ0hwenNxVHM1TlEwSE1Eam9ZWXlOXzcza1pBUzRrMUE?oc=5\" target=\"_blank\" rel=\"nofollow noopener\">Donald Trump, USA | Avis: USA skal angripe Venezuela<\/a>&nbsp;&nbsp;Nettavisen<\/li>\n<li><a href=\"https:\/\/news.google.com\/rss\/articles\/CBMirwFBVV95cUxQdUFXRDA5cktRNTIwRWFjTlFrcHl0dmgtRzY2bzRHZ1NVbWVQSjdwdGFFNk5rTjctbV9BY1VXSV8yUXZpRUU5NVVkSktaMHVCY3FrV0R2bFJKN2p5bW53QmZLeU9URlNHZk92ck9sdWVWVF80MFBsZWloenEtTTgyTUs5aUIxWHk2MmZ1MDZLWHZwZWpQX0hXYkNHVWg0dUhsT1VOYTdIR0ZDZExBbUNn?oc=5\" target=\"_blank\" rel=\"nofollow noopener\">Nye kilder: USA forbereder milit\u00e6raksjon mot Venezuela<\/a>&nbsp;&nbsp;Finansavisen<\/li>\n<\/ol>\n","protected":false},"excerpt":{"rendered":"Trump kan angripe milit\u00e6rm\u00e5l i Venezuela&nbsp;&nbsp;Dagbladet Trump avviser at han vurderer angrep i Venezuela&nbsp;&nbsp;Teknisk Ukeblad Avis: USA varsler&hellip;\n","protected":false},"author":2,"featured_media":75014,"comment_status":"","ping_status":"","sticky":false,"template":"","format":"standard","meta":{"footnotes":""},"categories":[5],"tags":[20,21,24,25,15,19,22,23,17,18,13,30,28,29,14,16,26,27,766,50,412,95],"class_list":{"0":"post-75059","1":"post","2":"type-post","3":"status-publish","4":"format-standard","5":"has-post-thumbnail","7":"category-overskrifter","8":"tag-breaking-news","9":"tag-breakingnews","10":"tag-featured-news","11":"tag-featurednews","12":"tag-headlines","13":"tag-hovedoppslag","14":"tag-latest-news","15":"tag-latestnews","16":"tag-main-news","17":"tag-mainnews","18":"tag-news","19":"tag-no","20":"tag-norge","21":"tag-norway","22":"tag-nyheter","23":"tag-overskrifter","24":"tag-top-stories","25":"tag-topstories","26":"tag-trump","27":"tag-usa","28":"tag-utenriks","29":"tag-venezuela"},"share_on_mastodon":{"url":"https:\/\/pubeurope.com\/@no\/115469754336789058","error":""},"_links":{"self":[{"href":"https:\/\/www.europesays.com\/no\/wp-json\/wp\/v2\/posts\/75059","targetHints":{"allow":["GET"]}}],"collection":[{"href":"https:\/\/www.europesays.com\/no\/wp-json\/wp\/v2\/posts"}],"about":[{"href":"https:\/\/www.europesays.com\/no\/wp-json\/wp\/v2\/types\/post"}],"author":[{"embeddable":true,"href":"https:\/\/www.europesays.com\/no\/wp-json\/wp\/v2\/users\/2"}],"replies":[{"embeddable":true,"href":"https:\/\/www.europesays.com\/no\/wp-json\/wp\/v2\/comments?post=75059"}],"version-history":[{"count":0,"href":"https:\/\/www.europesays.com\/no\/wp-json\/wp\/v2\/posts\/75059\/revisions"}],"wp:featuredmedia":[{"embeddable":true,"href":"https:\/\/www.europesays.com\/no\/wp-json\/wp\/v2\/media\/75014"}],"wp:attachment":[{"href":"https:\/\/www.europesays.com\/no\/wp-json\/wp\/v2\/media?parent=75059"}],"wp:term":[{"taxonomy":"category","embeddable":true,"href":"https:\/\/www.europesays.com\/no\/wp-json\/wp\/v2\/categories?post=75059"},{"taxonomy":"post_tag","embeddable":true,"href":"https:\/\/www.europesays.com\/no\/wp-json\/wp\/v2\/tags?post=75059"}],"curies":[{"name":"wp","href":"https:\/\/api.w.org\/{rel}","templated":true}]}}