{"id":75060,"date":"2025-10-31T16:36:10","date_gmt":"2025-10-31T16:36:10","guid":{"rendered":"https:\/\/www.europesays.com\/no\/75060\/"},"modified":"2025-10-31T16:36:10","modified_gmt":"2025-10-31T16:36:10","slug":"rbk-treneren-konfronterte-19-aring-sa-hardt-at-spillere-reagerte","status":"publish","type":"post","link":"https:\/\/www.europesays.com\/no\/75060\/","title":{"rendered":"RBK-treneren konfronterte 19-\u00e5ring s\u00e5 hardt at spillere reagerte"},"content":{"rendered":"\n<p class=\"_lead_o9xde_2 _lead_xtcu6_50 layout-component text-serif-m layout-normal text-serif-l layout-component layout-wide layout-padded _wide_17hqh_1 layout-padded\">Alfred Johansson tok for seg m\u00e5lvakt Jesper Reitan-Sunde etter Sandefjords sene utligning onsdag.<\/p>\n<p><img alt=\" Foto: Ole Martin Wold \/ NTB\" class=\"_image_qp4xg_65 layout-component layout-wide\" data-fullscreen- data-track-element-type=\"Article image fullscreen\" data-track-name=\"ImageFullscreen\" fetchpriority=\"high\" decoding=\"sync\" loading=\"eager\" height=\"5760\" itemprop=\"image\"  src=\"https:\/\/www.europesays.com\/no\/wp-content\/uploads\/2025\/10\/c7aa27b9-124a-42d0-8719-fc7fbaddbdbe\"  style=\"object-position:0% 0%\" width=\"8640\"\/> Foto: Ole Martin Wold \/ NTB<\/p>\n<ul aria-hidden=\"true\" class=\"_images_18f0k_111\">\n<li><a class=\"_link_18f0k_116\" href=\"https:\/\/www.vg.no\/forfatter\/jens-friberg\" style=\"z-index:1\" title=\"Jens Friberg\" rel=\"nofollow noopener\" target=\"_blank\"><img alt=\"Bilde av Jens Friberg\" class=\"_image_18f0k_93\" fetchpriority=\"low\" loading=\"lazy\" decoding=\"async\" itemprop=\"image\"  src=\"https:\/\/www.europesays.com\/no\/wp-content\/uploads\/2025\/10\/1761928570_379_d5a4433c-4b68-4c86-a3bf-a19d98457272\"  width=\"480\"\/><\/a><\/li>\n<\/ul>\n<p> Oppdatert fredag 31. oktober kl. 17:08     <\/p>\n<p class=\"_paragraph_o9xde_4 _paragraph_xtcu6_10 layout-component text-serif-m layout-normal text-serif-m layout-padded\">Det var h\u00f8y temperatur i RBK-garderoben etter 1\u20131-kampen mot Sandefjord onsdag kveld. <\/p>\n<p class=\"_paragraph_o9xde_4 _paragraph_xtcu6_10 layout-component text-serif-m layout-normal text-serif-m layout-padded\">Sandefjord hadde utlignet \u00e5tte minutter p\u00e5 overtid, og frustrasjonen kokte over hos trener Alfred Johansson.<\/p>\n<p class=\"_paragraph_o9xde_4 _paragraph_xtcu6_10 layout-component text-serif-m layout-normal text-serif-m layout-padded\">If\u00f8lge <a href=\"https:\/\/www.aftenposten.no\/sport\/i\/8q3gRx\/sjefens-oppfoersel-skapte-reaksjoner-i-rbk-garderoben\" class=\"_link_o9xde_39\" rel=\"nofollow noopener\" target=\"_blank\">Adresseavisen<\/a> tok Johansson for seg 19 \u00e5r gamle <a href=\"https:\/\/www.vg.no\/tag\/jesper-reitan-sunde?utm_source=vg-article&amp;utm_medium=auto-tagger&amp;utm_campaign=63pbWz\" class=\"_link_o9xde_39\" rel=\"nofollow noopener\" target=\"_blank\">Jesper Reitan-Sunde<\/a> spesielt etter kampen. <\/p>\n<p class=\"_paragraph_o9xde_4 _paragraph_xtcu6_10 layout-component text-serif-m layout-normal text-serif-m layout-padded\">Kritikken var s\u00e5 hard og h\u00f8ylytt at flere i garderoben reagerte p\u00e5 oppf\u00f8rselen, skriver avisen.<\/p>\n<p class=\"_paragraph_o9xde_4 _paragraph_xtcu6_10 layout-component text-serif-m layout-normal text-serif-m layout-padded\">Reitan-Sunde var blant spillerne som var involvert i situasjonen som endte med utligningen.<\/p>\n<p class=\"_paragraph_o9xde_4 _paragraph_xtcu6_10 layout-component text-serif-m layout-normal text-serif-m layout-padded\">Se m\u00e5let som vekket reaksjonen p\u00e5 tampen av denne videoen:<\/p>\n<p class=\"_paragraph_o9xde_4 _paragraph_xtcu6_10 layout-component text-serif-m layout-normal text-serif-m layout-padded\">Etter hendelsen i garderoben skal 19-\u00e5ringen ha g\u00e5tt inn i et annet rom.<\/p>\n<p class=\"_paragraph_o9xde_4 _paragraph_xtcu6_10 layout-component text-serif-m layout-normal text-serif-m layout-padded\">\u2013 Etter kampen er jeg frustrert og \u00abpissed\u00bb over resultatet. Da er jeg kritisk rundt noen punkter, sier Johansson til Adresseavisen.<\/p>\n<p class=\"_paragraph_o9xde_4 _paragraph_xtcu6_10 layout-component text-serif-m layout-normal text-serif-m layout-padded\">Treneren innr\u00f8mmer at han reagerte hardt, men mener det er en del av toppidretten. Han understreker at det ikke var Reitan-Sundes skyld at laget slapp inn m\u00e5let.<\/p>\n<p class=\"_paragraph_o9xde_4 _paragraph_xtcu6_10 layout-component text-serif-m layout-normal text-serif-m layout-padded\">\u2013 Det er mange spillere som kunne gjort ting bedre i den situasjonen, sier Johansson.<\/p>\n<p class=\"_paragraph_o9xde_4 _paragraph_xtcu6_10 layout-component text-serif-m layout-normal text-serif-m layout-padded\">\u2013 Iblant koker det over i en garderobe etter en nedtur. Det er ganske normalt. Det ble slik denne gangen, og den er vi ferdige med, legger Johansson til.<\/p>\n<p class=\"_paragraph_o9xde_4 _paragraph_xtcu6_10 layout-component text-serif-m layout-normal text-serif-m layout-padded\">Reitan-Sunde selv tar hendelsen med ro og sier han har hatt gode samtaler med treneren etterp\u00e5.<\/p>\n<p class=\"_paragraph_o9xde_4 _paragraph_xtcu6_10 layout-component text-serif-m layout-normal text-serif-m layout-padded\">\u2013 Jeg f\u00f8ler jeg har kommet veldig styrket ut av den situasjonen, sier 19-\u00e5ringen til Adressa,<\/p>\n<p class=\"_paragraph_o9xde_4 _paragraph_xtcu6_10 layout-component text-serif-m layout-normal text-serif-m layout-padded\">RBK jakter sin f\u00f8rste seier p\u00e5 syv kamper n\u00e5r de m\u00f8ter Molde l\u00f8rdag.<\/p>\n","protected":false},"excerpt":{"rendered":"Alfred Johansson tok for seg m\u00e5lvakt Jesper Reitan-Sunde etter Sandefjords sene utligning onsdag. Foto: Ole Martin Wold \/&hellip;\n","protected":false},"author":2,"featured_media":75061,"comment_status":"","ping_status":"","sticky":false,"template":"","format":"standard","meta":{"footnotes":""},"categories":[59],"tags":[164,134,6742,30,28,29,162,83,82,46],"class_list":{"0":"post-75060","1":"post","2":"type-post","3":"status-publish","4":"format-standard","5":"has-post-thumbnail","7":"category-sport","8":"tag-alfred-johansson","9":"tag-eliteserien","10":"tag-jesper-reitan-sunde","11":"tag-no","12":"tag-norge","13":"tag-norway","14":"tag-rosenborg-bk","15":"tag-sport","16":"tag-sports","17":"tag-vgai"},"share_on_mastodon":{"url":"https:\/\/pubeurope.com\/@no\/115469758475300276","error":""},"_links":{"self":[{"href":"https:\/\/www.europesays.com\/no\/wp-json\/wp\/v2\/posts\/75060","targetHints":{"allow":["GET"]}}],"collection":[{"href":"https:\/\/www.europesays.com\/no\/wp-json\/wp\/v2\/posts"}],"about":[{"href":"https:\/\/www.europesays.com\/no\/wp-json\/wp\/v2\/types\/post"}],"author":[{"embeddable":true,"href":"https:\/\/www.europesays.com\/no\/wp-json\/wp\/v2\/users\/2"}],"replies":[{"embeddable":true,"href":"https:\/\/www.europesays.com\/no\/wp-json\/wp\/v2\/comments?post=75060"}],"version-history":[{"count":0,"href":"https:\/\/www.europesays.com\/no\/wp-json\/wp\/v2\/posts\/75060\/revisions"}],"wp:featuredmedia":[{"embeddable":true,"href":"https:\/\/www.europesays.com\/no\/wp-json\/wp\/v2\/media\/75061"}],"wp:attachment":[{"href":"https:\/\/www.europesays.com\/no\/wp-json\/wp\/v2\/media?parent=75060"}],"wp:term":[{"taxonomy":"category","embeddable":true,"href":"https:\/\/www.europesays.com\/no\/wp-json\/wp\/v2\/categories?post=75060"},{"taxonomy":"post_tag","embeddable":true,"href":"https:\/\/www.europesays.com\/no\/wp-json\/wp\/v2\/tags?post=75060"}],"curies":[{"name":"wp","href":"https:\/\/api.w.org\/{rel}","templated":true}]}}