{"id":75062,"date":"2025-10-31T16:37:10","date_gmt":"2025-10-31T16:37:10","guid":{"rendered":"https:\/\/www.europesays.com\/no\/75062\/"},"modified":"2025-10-31T16:37:10","modified_gmt":"2025-10-31T16:37:10","slug":"fresh-prince-i-bel-air-stjerna-er-dod","status":"publish","type":"post","link":"https:\/\/www.europesays.com\/no\/75062\/","title":{"rendered":"\u00abFresh Prince i Bel Air\u00bb-stjerna er d\u00f8d"},"content":{"rendered":"<p class=\"kicker t20\" style=\"\">Floyd Roger Myers Jr.<\/p>\n<p>  \u00abFresh Prince of Bel Air\u00bb-stjernen gikk bort onsdag kveld. D\u00f8ds\u00e5rsaken vekker oppsikt.<\/p>\n<p>\n    SJOKK-BORTGANG: Barneskuespilleren Floyd Roger Myers Jr. d\u00f8de tidligere denne uken. Foto: Instagram\n  <\/p>\n<p>Barnestjernen Floyd Roger Myers Jr. (42) gikk bort etter et hjerteinfarkt tidligere denne uken. Det melder\u00a0<a href=\"https:\/\/www.tmz.com\/2025\/10\/29\/floyd-roger-myers-jr-dead\/\" target=\"_blank\" rel=\"nofollow noopener\">TMZ<\/a>, som har snakket med Myers Jr. sin mor, Renee Trice.<\/p>\n<p>    <a itemprop=\"url\" href=\"https:\/\/www.seher.no\/kjendis\/min-tidligere-mor\/83792604\" rel=\"nofollow noopener\" target=\"_blank\"><\/p>\n<p>      <img loading=\"lazy\" decoding=\"async\" src=\"https:\/\/www.europesays.com\/no\/wp-content\/uploads\/2025\/10\/83792647.webp\" width=\"980\" height=\"441\" title=\"\u00abMin tidligere mor\u00bb...\" alt=\"\" class=\"lazyload\" style=\"--aspect-ratio-image: 2.22; \"\/><\/p>\n<p>        \u00abMin tidligere mor\u00bb&#8230;<\/p>\n<p>    <\/a><\/p>\n<p> Moren bekrefter ogs\u00e5 d\u00f8dsfallet i en post p\u00e5 sosiale medier, der hun skriver: \u00abDet skulle ikke v\u00e6re slik\u00bb. <\/p>\n<p>          <img loading=\"lazy\" decoding=\"async\" src=\"https:\/\/www.europesays.com\/no\/wp-content\/uploads\/2025\/10\/83789107.webp\" width=\"686\" height=\"453\" title=\"KNUST: I et Facebook-innlegg skriver Myers mor \u00abDet skulle ikke v\u00e6re slik\u00bb, etter s\u00f8nnens bortgang. Hun har ogs\u00e5 publisert en lenke hvor fans og andre ber\u00f8rte kan donere penger til hans gjenv\u00e6rende familie. Foto: Facebook\" alt=\"\" class=\"\" style=\"--aspect-ratio-image: 1.51; \"\/><\/p>\n<p>\n          KNUST: I et Facebook-innlegg skriver Myers mor \u00abDet skulle ikke v\u00e6re slik\u00bb, etter s\u00f8nnens bortgang. Hun har ogs\u00e5 publisert en lenke hvor fans og andre ber\u00f8rte kan donere penger til hans gjenv\u00e6rende familie. Foto: Facebook\n      <\/p>\n<p>Myers er kjent fra humorserien \u00abFresh Prince of Bel Air\u00bb hvor han spilte rollen som unge Will Smith.\u00a0<\/p>\n<p>Han spilte ogs\u00e5 rollen som Marlon Jackson i miniserien\u00a0\u00abThe Jacksons: An American Dream\u00bb.<\/p>\n<p>Sist gang han dukket opp p\u00e5 skjermen var i 2000 i ten\u00e5ringsserien \u00abYoung Americans\u00bb.<\/p>\n<p>        SL\u00c5R: Will Smith slo komiker Chris Rock under \u00e5rets Oscar-utdeling etter at Rock vitset om kona til Smith.<br \/>\nVideo: AP<\/p>\n<p>I tiden etter barnestjernekarrieren var Myers med p\u00e5 \u00e5 grunnlegge veldedighetsstiftelsen\u00a0\u00abFellaship Men\u2019s Group\u00bb. Stiftelsen er en st\u00f8ttegruppe og fellesskap, som fokuserer p\u00e5 psykisk helse hos menn.<\/p>\n<p>Stiftelsen publiserte en hyllest til barnestjernen i sine sosiale medier etter d\u00f8dsfallet.<\/p>\n<p>Barnestjernens mor, Renee Trice fortalte til TMZ at Myers har hatt tre hjerteinnfarkt de siste tre \u00e5rene.\u00a0<\/p>\n<p>\u00a0<\/p>\n","protected":false},"excerpt":{"rendered":"Floyd Roger Myers Jr. \u00abFresh Prince of Bel Air\u00bb-stjernen gikk bort onsdag kveld. D\u00f8ds\u00e5rsaken vekker oppsikt. SJOKK-BORTGANG: Barneskuespilleren&hellip;\n","protected":false},"author":2,"featured_media":75063,"comment_status":"","ping_status":"","sticky":false,"template":"","format":"standard","meta":{"footnotes":""},"categories":[58],"tags":[71,10394,479,2543,30,28,29,72],"class_list":{"0":"post-75062","1":"post","2":"type-post","3":"status-publish","4":"format-standard","5":"has-post-thumbnail","7":"category-underholdning","8":"tag-entertainment","9":"tag-fresh-prince-of-bel-air","10":"tag-kjendis","11":"tag-kjendisdesken","12":"tag-no","13":"tag-norge","14":"tag-norway","15":"tag-underholdning"},"share_on_mastodon":{"url":"https:\/\/pubeurope.com\/@no\/115469762226062508","error":""},"_links":{"self":[{"href":"https:\/\/www.europesays.com\/no\/wp-json\/wp\/v2\/posts\/75062","targetHints":{"allow":["GET"]}}],"collection":[{"href":"https:\/\/www.europesays.com\/no\/wp-json\/wp\/v2\/posts"}],"about":[{"href":"https:\/\/www.europesays.com\/no\/wp-json\/wp\/v2\/types\/post"}],"author":[{"embeddable":true,"href":"https:\/\/www.europesays.com\/no\/wp-json\/wp\/v2\/users\/2"}],"replies":[{"embeddable":true,"href":"https:\/\/www.europesays.com\/no\/wp-json\/wp\/v2\/comments?post=75062"}],"version-history":[{"count":0,"href":"https:\/\/www.europesays.com\/no\/wp-json\/wp\/v2\/posts\/75062\/revisions"}],"wp:featuredmedia":[{"embeddable":true,"href":"https:\/\/www.europesays.com\/no\/wp-json\/wp\/v2\/media\/75063"}],"wp:attachment":[{"href":"https:\/\/www.europesays.com\/no\/wp-json\/wp\/v2\/media?parent=75062"}],"wp:term":[{"taxonomy":"category","embeddable":true,"href":"https:\/\/www.europesays.com\/no\/wp-json\/wp\/v2\/categories?post=75062"},{"taxonomy":"post_tag","embeddable":true,"href":"https:\/\/www.europesays.com\/no\/wp-json\/wp\/v2\/tags?post=75062"}],"curies":[{"name":"wp","href":"https:\/\/api.w.org\/{rel}","templated":true}]}}