{"id":75065,"date":"2025-10-31T16:44:44","date_gmt":"2025-10-31T16:44:44","guid":{"rendered":"https:\/\/www.europesays.com\/no\/75065\/"},"modified":"2025-10-31T16:44:44","modified_gmt":"2025-10-31T16:44:44","slug":"forbruker-okonomi-nye-nav-tall-oi-dette-kan-jo-gi-raskere-rentekutt","status":"publish","type":"post","link":"https:\/\/www.europesays.com\/no\/75065\/","title":{"rendered":"Forbruker, \u00d8konomi | Nye Nav-tall: \u2013 Oi, dette kan jo gi raskere rentekutt"},"content":{"rendered":"\n<p><a href=\"https:\/\/www.nettavisen.no\/okonomi\/ny-nav-tall-oi-dette-kan-jo-gi-raskere-rentekutt\/s\/5-95-2701953\" rel=\"Follow nofollow noopener\" target=\"_blank\">(Nettavisen):<\/a> \u2013 Oi, dette kan jo gi raskere rentekutt. Arbeidsledigheten (sesongjustert) \u00f8kte fra 2,1 til 2,2 prosent, heldigvis er det fortsatt lav ledighet, men tallet er h\u00f8yere enn Norges Banks forventning. Dermed kan dette bidra til \u00e5 fremskynde rentekuttet fra Norges Bank., kommenterer sjef\u00f8konom i Sparebank1 S\u00f8r-Norge, Kyrre Knutsen, i en melding til Nettavisen.<\/p>\n<p>De ferske tallene fra Nav som viser en svak \u00f8kning i arbeidsledigheten i oktober Sesongjustert \u00f8kte andelen helt arbeidsledige fra 2,1 prosent i september til 2,2 prosent i oktober.<\/p>\n<p>Norges Bank skal ha neste rentem\u00f8te neste torsdag, men da ventes det ingen kutt.<\/p>\n<p>Lav ledighet p\u00e5 Nav<\/p>\n<p>Ved utgangen av oktober var 613.00 personer registrert som helt arbeidsledige hos NAV.<\/p>\n<p>Arbeids- og velferdsdirekt\u00f8r Hans Christian Holte uttalte i pressemeldingen at ledigheten n\u00e5 er &laquo;tilbake p\u00e5 samme niv\u00e5 som rett f\u00f8r pandemien&raquo; og at situasjonen p\u00e5 arbeidsmarkedet fortsatt er god.<\/p>\n<p>Til tross for at \u00f8kningen \u00e5pner for diskusjon om rentepolitikk, understreker sjef\u00f8konom Knudsen at arbeidsmarkedet i Norge fortsatt er robust:<\/p>\n<p>\u2013 Samtidig er der viktig \u00e5 minne om at arbeidsledigheten fortsatt er p\u00e5 et lavt niv\u00e5, og er en av de viktigste grunnene til at det g\u00e5r bra med norsk \u00f8konomi og norske forbrukere.<\/p>\n<p>Arbeidss\u00f8kere<\/p>\n<p>Totalt var 94 500 personer registrert som arbeidss\u00f8kere hos NAV. Mens den samlede ledigheten \u00f8kte, var det store utslag i enkeltgrupper og regioner.<\/p>\n<p>Den h\u00f8yeste ledigheten finner man innen reiseliv og transport (3,0 prosent), mens akademiske yrker har den laveste (0,8 prosent).<\/p>\n<p>I Buskerud er ledigheten p\u00e5 2,3 prosent. Oslo og \u00d8stfold hadde h\u00f8yest ledighet med 2,8 prosent.<\/p>\n<p>Selv om arbeidsmarkedet n\u00e5 viser sprekker som kan dempe inflasjonspresset og dermed p\u00e5virke rentesettingen, er det fortsatt stor ettersp\u00f8rsel etter arbeidskraft. I oktober ble det lyst ut 31 200 ledige stillinger, men dette er 7 prosent f\u00e6rre enn i samme m\u00e5ned i fjor.<\/p>\n","protected":false},"excerpt":{"rendered":"(Nettavisen): \u2013 Oi, dette kan jo gi raskere rentekutt. Arbeidsledigheten (sesongjustert) \u00f8kte fra 2,1 til 2,2 prosent, heldigvis&hellip;\n","protected":false},"author":2,"featured_media":75066,"comment_status":"","ping_status":"","sticky":false,"template":"","format":"standard","meta":{"footnotes":""},"categories":[10],"tags":[36,20,21,932,24,25,823,15,22,23,13,30,28,29,14,16,572,1510,26,27],"class_list":{"0":"post-75065","1":"post","2":"type-post","3":"status-publish","4":"format-standard","5":"has-post-thumbnail","7":"category-norge","8":"tag-art","9":"tag-breaking-news","10":"tag-breakingnews","11":"tag-buskerud","12":"tag-featured-news","13":"tag-featurednews","14":"tag-forbruker","15":"tag-headlines","16":"tag-latest-news","17":"tag-latestnews","18":"tag-news","19":"tag-no","20":"tag-norge","21":"tag-norway","22":"tag-nyheter","23":"tag-overskrifter","24":"tag-okonomi","25":"tag-story","26":"tag-top-stories","27":"tag-topstories"},"share_on_mastodon":{"url":"https:\/\/pubeurope.com\/@no\/115469789667960217","error":""},"_links":{"self":[{"href":"https:\/\/www.europesays.com\/no\/wp-json\/wp\/v2\/posts\/75065","targetHints":{"allow":["GET"]}}],"collection":[{"href":"https:\/\/www.europesays.com\/no\/wp-json\/wp\/v2\/posts"}],"about":[{"href":"https:\/\/www.europesays.com\/no\/wp-json\/wp\/v2\/types\/post"}],"author":[{"embeddable":true,"href":"https:\/\/www.europesays.com\/no\/wp-json\/wp\/v2\/users\/2"}],"replies":[{"embeddable":true,"href":"https:\/\/www.europesays.com\/no\/wp-json\/wp\/v2\/comments?post=75065"}],"version-history":[{"count":0,"href":"https:\/\/www.europesays.com\/no\/wp-json\/wp\/v2\/posts\/75065\/revisions"}],"wp:featuredmedia":[{"embeddable":true,"href":"https:\/\/www.europesays.com\/no\/wp-json\/wp\/v2\/media\/75066"}],"wp:attachment":[{"href":"https:\/\/www.europesays.com\/no\/wp-json\/wp\/v2\/media?parent=75065"}],"wp:term":[{"taxonomy":"category","embeddable":true,"href":"https:\/\/www.europesays.com\/no\/wp-json\/wp\/v2\/categories?post=75065"},{"taxonomy":"post_tag","embeddable":true,"href":"https:\/\/www.europesays.com\/no\/wp-json\/wp\/v2\/tags?post=75065"}],"curies":[{"name":"wp","href":"https:\/\/api.w.org\/{rel}","templated":true}]}}