{"id":75069,"date":"2025-10-31T16:52:19","date_gmt":"2025-10-31T16:52:19","guid":{"rendered":"https:\/\/www.europesays.com\/no\/75069\/"},"modified":"2025-10-31T16:52:19","modified_gmt":"2025-10-31T16:52:19","slug":"her-far-du-den-billigste-kaffen-denne-uka","status":"publish","type":"post","link":"https:\/\/www.europesays.com\/no\/75069\/","title":{"rendered":"Her f\u00e5r du den billigste kaffen denne uka"},"content":{"rendered":"<p class=\"kicker \" style=\"\">Kaffe<\/p>\n<p>  N\u00e5 t\u00f8mmes butikkhyllene for kaffe.<\/p>\n<p>\n    TILBUD: Det er stadig tilbud p\u00e5 kaffe i de ulike butikkjedene. Foto: Ida Ystmark.\n  <\/p>\n<p>For mange, meg selv inkludert, blir det ikke en god start p\u00e5 morgenen uten det sorte gull. Vi snakker selvf\u00f8lgelig om kaffe. Butikkjedene har tatt dette innover seg, for stadig reklameres det om en rekke ulike tilbud p\u00e5 den.<\/p>\n<p>Men med et hav av butikkjeder og ulike typer kampanjer kan det v\u00e6re vanskelig \u00e5 vite hvor man egentlig gj\u00f8r det beste kuppet &#8211; og ikke minst om handelen man gj\u00f8r i det hele tatt er et kupp.<\/p>\n<p>    <a itemprop=\"url\" href=\"https:\/\/www.kk.no\/mat\/ni-desserter-som-er-i-ferd-med-a-forsvinne\/83760323\" rel=\"nofollow noopener\" target=\"_blank\"><\/p>\n<p>      <img loading=\"lazy\" decoding=\"async\" src=\"https:\/\/www.europesays.com\/no\/wp-content\/uploads\/2025\/10\/1761929536_346_83761876.webp\" width=\"980\" height=\"441\" title=\"Ni desserter som er i ferd med \u00e5 forsvinne\" alt=\"\" class=\"lazyload\" style=\"--aspect-ratio-image: 2.22; \"\/><\/p>\n<p>        Ni desserter som er i ferd med \u00e5 forsvinne<\/p>\n<p>    <\/a><\/p>\n<p>Tilbud\t<\/p>\n<p>\u2013 Jeg vil p\u00e5st\u00e5 at det er full forvirring om kaffeprisene. Folk har ikke peiling for tida p\u00e5 hva som er et bra tilbud, <a href=\"https:\/\/www.nettavisen.no\/okonomi\/full-forvirring-om-kaffeprisene\/s\/5-95-2696085\" rel=\"nofollow noopener\" target=\"_blank\">sier spareblogger Rune Gjerrigknarken Nikolaisen til Nettavisen.<\/a><\/p>\n<p>Den siste tiden har en rekke butikkjeder kj\u00f8rt ulike tilbud p\u00e5 kaffe. Blant annet Extra, Kiwi, Rema 1000 og Spar har n\u00e5 tilbud p\u00e5 kjente kaffemerker som Friele og Evergood. Prisene varierer litt, men alle ligger rundt 45\u201349 kroner for 250 gram.<\/p>\n<p>Den billigste kaffen f\u00e5r man hos Spar, som denne uken har 40 prosent rabatt p\u00e5 Evergood kaffe. Der koster 250-gramposen 44,34 kroner.<\/p>\n<p class=\"italic m-italic\" data-lab-italic=\"italic\">Men er dette egentlig et godt tilbud?<\/p>\n<p>    <a itemprop=\"url\" href=\"https:\/\/www.kk.no\/mat\/dette-trikset-gjor-det-lettere-a-skrelle-egg-1\/83759555\" rel=\"nofollow noopener\" target=\"_blank\"><\/p>\n<p>      <img loading=\"lazy\" decoding=\"async\" src=\"https:\/\/www.europesays.com\/no\/wp-content\/uploads\/2025\/10\/83759646.webp\" width=\"980\" height=\"441\" title=\"Dette trikset gj\u00f8r det lettere \u00e5 skrelle egg\" alt=\"\" class=\"lazyload\" style=\"--aspect-ratio-image: 2.22; \"\/><\/p>\n<p>        Dette trikset gj\u00f8r det lettere \u00e5 skrelle egg<\/p>\n<p>    <\/a><\/p>\n<p>\u2013 Jeg tror en del kobler av og ikke sjekker priser\t<\/p>\n<p><a href=\"https:\/\/www.kk.no\/mat\/rekordhoye-priser-og-de-fortsetter\/82938172\" rel=\"nofollow noopener\" target=\"_blank\">KK har tidligere skrevet om at kaffeprisene har \u00f8kt kraftig de siste \u00e5rene.<\/a><\/p>\n<p>Kanskje er det ikke uten grunn at det kalles for det sorte gull, for prisene har den siste tiden v\u00e6rt stive.\u00a0<\/p>\n<p>At r\u00e5kaffe har blitt rekorddyrt, er mye p\u00e5 grunn av d\u00e5rligere avlinger i Brasil \u2013 derfor har ogs\u00e5 butikkene m\u00e5ttet sette opp prisene ytterligere. Spesielt fra november i fjor til februar har prisene \u00f8kt mye.<\/p>\n<p>Men siden februar har det skjedd mye. Kaffeprisen har nemlig falt med om lag 30 prosent.<\/p>\n<p>    <a itemprop=\"url\" href=\"https:\/\/www.kk.no\/helse\/fanny-var-sa-deprimert-og-sliten-at-da-hun-kom-inn-til-legen-knakk-hun-helt-sammen\/83515439\" rel=\"nofollow noopener\" target=\"_blank\"><\/p>\n<p>      <img loading=\"lazy\" decoding=\"async\" src=\"https:\/\/www.europesays.com\/no\/wp-content\/uploads\/2025\/10\/83523004.webp\" width=\"980\" height=\"441\" title=\"Fanny var s\u00e5 deprimert og sliten at da hun kom inn til legen, knakk hun helt sammen\" alt=\"\" class=\"lazyload\" style=\"--aspect-ratio-image: 2.22; \"\/><\/p>\n<p>        Fanny var s\u00e5 deprimert og sliten at da hun kom inn til legen, knakk hun helt sammen<\/p>\n<p>    <\/a><\/p>\n<p>Likevel er prisene i butikkhyllene stive, noe butikkene forklarer med at de kj\u00f8per inn kaffe lenge i forveien, og at prisendringene dermed tar tid \u00e5 sl\u00e5 ut.<\/p>\n<p>De nedsatte prisene p\u00e5 kaffe kan virke billige, fordi kaffe nylig har kostet rundt 70 kroner.<\/p>\n<p>\u2013 Jeg tror en del kobler av og ikke sjekker priser. Det tror jeg absolutt. Det er jo litt synd. Det betyr at folk g\u00e5r i baret og kj\u00f8per dyrt andre steder, <a href=\"https:\/\/www.nettavisen.no\/okonomi\/full-forvirring-om-kaffeprisene\/s\/5-95-2696085\" rel=\"nofollow noopener\" target=\"_blank\">sier Gjerrigknarken til Nettavisen.<\/a><\/p>\n","protected":false},"excerpt":{"rendered":"Kaffe N\u00e5 t\u00f8mmes butikkhyllene for kaffe. TILBUD: Det er stadig tilbud p\u00e5 kaffe i de ulike butikkjedene. Foto:&hellip;\n","protected":false},"author":2,"featured_media":75070,"comment_status":"","ping_status":"","sticky":false,"template":"","format":"standard","meta":{"footnotes":""},"categories":[56],"tags":[60,61,8871,1227,10396,10395,737,62,30,28,29,1725,2661,6845],"class_list":{"0":"post-75069","1":"post","2":"type-post","3":"status-publish","4":"format-standard","5":"has-post-thumbnail","7":"category-naeringsliv","8":"tag-business","9":"tag-economy","10":"tag-gjerrigknarken","11":"tag-kaffe","12":"tag-kaffeprisen","13":"tag-kaffepriser","14":"tag-mat","15":"tag-naeringsliv","16":"tag-no","17":"tag-norge","18":"tag-norway","19":"tag-spar","20":"tag-tilbud","21":"tag-tips"},"share_on_mastodon":{"url":"https:\/\/pubeurope.com\/@no\/115469821680879504","error":""},"_links":{"self":[{"href":"https:\/\/www.europesays.com\/no\/wp-json\/wp\/v2\/posts\/75069","targetHints":{"allow":["GET"]}}],"collection":[{"href":"https:\/\/www.europesays.com\/no\/wp-json\/wp\/v2\/posts"}],"about":[{"href":"https:\/\/www.europesays.com\/no\/wp-json\/wp\/v2\/types\/post"}],"author":[{"embeddable":true,"href":"https:\/\/www.europesays.com\/no\/wp-json\/wp\/v2\/users\/2"}],"replies":[{"embeddable":true,"href":"https:\/\/www.europesays.com\/no\/wp-json\/wp\/v2\/comments?post=75069"}],"version-history":[{"count":0,"href":"https:\/\/www.europesays.com\/no\/wp-json\/wp\/v2\/posts\/75069\/revisions"}],"wp:featuredmedia":[{"embeddable":true,"href":"https:\/\/www.europesays.com\/no\/wp-json\/wp\/v2\/media\/75070"}],"wp:attachment":[{"href":"https:\/\/www.europesays.com\/no\/wp-json\/wp\/v2\/media?parent=75069"}],"wp:term":[{"taxonomy":"category","embeddable":true,"href":"https:\/\/www.europesays.com\/no\/wp-json\/wp\/v2\/categories?post=75069"},{"taxonomy":"post_tag","embeddable":true,"href":"https:\/\/www.europesays.com\/no\/wp-json\/wp\/v2\/tags?post=75069"}],"curies":[{"name":"wp","href":"https:\/\/api.w.org\/{rel}","templated":true}]}}