{"id":75079,"date":"2025-10-31T17:07:11","date_gmt":"2025-10-31T17:07:11","guid":{"rendered":"https:\/\/www.europesays.com\/no\/75079\/"},"modified":"2025-10-31T17:07:11","modified_gmt":"2025-10-31T17:07:11","slug":"det-bekrefter-bare-at-vi-har-gjort-en-god-jobb-adressa-no","status":"publish","type":"post","link":"https:\/\/www.europesays.com\/no\/75079\/","title":{"rendered":"\u2013 Det bekrefter bare at vi har gjort en god jobb &#8211; adressa.no"},"content":{"rendered":"<ol>\n<li><a href=\"https:\/\/news.google.com\/rss\/articles\/CBMilgFBVV95cUxOSElDRjhDZkdTdlRDRG50NU0zekpmRFpONlhUSzJObUZPOVNGVEx1TEZZNUU5QllSV0Z6cTI1Q2gzWS1NVjljYzlOQ1E1LS1hX2hJcnFsMDFvUW45cVYwckExdVdPQlp0T25Ka3ZXeFp4R19lZFdEZHlHSzNteFhscldRRWt4Qms5TVMxaUViSll2U09LSVE?oc=5\" target=\"_blank\" rel=\"nofollow noopener\">\u2013 Det bekrefter bare at vi har gjort en god jobb<\/a>&nbsp;&nbsp;adressa.no<\/li>\n<li><a href=\"https:\/\/news.google.com\/rss\/articles\/CBMilwFBVV95cUxQUXN0cXFNTE5veDk0MEdXTzBERTZ0WHFmOXJwbGZEYzZXcnc2T1F3MXJfZ05zaTJVRE1iVUxuMEJRVW9MV1pFWEM0MVhwMFRyeUdwQWx0NURsTkVwb2RmY1NIU1RBRTdMTUdnem5UVE9Ray11c0hMUTlaWU52bllOU0hsd2lYTjZwc29qbzJwcGxLa3g5NTI4?oc=5\" target=\"_blank\" rel=\"nofollow noopener\">Ti nye aviser f\u00e5r pressest\u00f8tte \u2013 Samtiden kan endelig juble<\/a>&nbsp;&nbsp;Journalisten<\/li>\n<li><a href=\"https:\/\/news.google.com\/rss\/articles\/CBMiggFBVV95cUxOUUQ3elI1S0hURDUyRHdfc2p2Z1dKSWRWYzFlZlBZczg1anNrUVpBQkQ1T0Z0UHpFSUhRd3ZuR0lmY19hRDNHbWdyeUttaTVSMXNzYjBSYnQwdGR4cFktSFF2dlZxeV9MeFpnSTVrdnVaeDZra0FINzc4eGNNdHV6QXBn?oc=5\" target=\"_blank\" rel=\"nofollow noopener\">(+) Opptur for kristenavis \u2013 f\u00e5r pressest\u00f8tte<\/a>&nbsp;&nbsp;Dagen<\/li>\n<li><a href=\"https:\/\/news.google.com\/rss\/articles\/CBMiaEFVX3lxTE1ETzNIR3pEejl5S1V1TWlkRXdWTVhWTjVPSENKRFNpakVMay0tQkhPZko4ZUF2ZF9jTUQza2kzdmVnVTRXVndGdFdRM1ZxRlRTNHdSWHNlb0hqaUVXc0FaZ2pianNpSlpn?oc=5\" target=\"_blank\" rel=\"nofollow noopener\">iNyheter f\u00e5r pressest\u00f8tte<\/a>&nbsp;&nbsp;inyheter.no<\/li>\n<li><a href=\"https:\/\/news.google.com\/rss\/articles\/CBMijgFBVV95cUxNdVE3SGJ4V3pLem1oeXoxR3RNZ3JDTGNvT2g0Nkd0ZE1JY2MwODBFcmREQVR4VENhU24xb0ptMm85U1hqbWVpd2t0VWNXd0o5QXZwSkZpbDJGN09Zc05MbDc0YmlPcmxkVXhwUlRBQUE0d0s2c3FwU0xXTHBHNDhZSWZCd1luOHNELWtvT1VB?oc=5\" target=\"_blank\" rel=\"nofollow noopener\">Ti nye aviser f\u00e5r pressest\u00f8tte &#8211; seks f\u00e5r avslag<\/a>&nbsp;&nbsp;kampanje.com<\/li>\n<\/ol>\n","protected":false},"excerpt":{"rendered":"\u2013 Det bekrefter bare at vi har gjort en god jobb&nbsp;&nbsp;adressa.no Ti nye aviser f\u00e5r pressest\u00f8tte \u2013 Samtiden&hellip;\n","protected":false},"author":2,"featured_media":75080,"comment_status":"","ping_status":"","sticky":false,"template":"","format":"standard","meta":{"footnotes":""},"categories":[10],"tags":[20,21,24,25,15,7727,10398,22,23,10400,2898,10399,13,30,28,29,14,16,26,27],"class_list":{"0":"post-75079","1":"post","2":"type-post","3":"status-publish","4":"format-standard","5":"has-post-thumbnail","7":"category-norge","8":"tag-breaking-news","9":"tag-breakingnews","10":"tag-featured-news","11":"tag-featurednews","12":"tag-headlines","13":"tag-journalistikk","14":"tag-klaebuposten","15":"tag-latest-news","16":"tag-latestnews","17":"tag-lokalaviser","18":"tag-media","19":"tag-medietilsynet","20":"tag-news","21":"tag-no","22":"tag-norge","23":"tag-norway","24":"tag-nyheter","25":"tag-overskrifter","26":"tag-top-stories","27":"tag-topstories"},"share_on_mastodon":{"url":"","error":""},"_links":{"self":[{"href":"https:\/\/www.europesays.com\/no\/wp-json\/wp\/v2\/posts\/75079","targetHints":{"allow":["GET"]}}],"collection":[{"href":"https:\/\/www.europesays.com\/no\/wp-json\/wp\/v2\/posts"}],"about":[{"href":"https:\/\/www.europesays.com\/no\/wp-json\/wp\/v2\/types\/post"}],"author":[{"embeddable":true,"href":"https:\/\/www.europesays.com\/no\/wp-json\/wp\/v2\/users\/2"}],"replies":[{"embeddable":true,"href":"https:\/\/www.europesays.com\/no\/wp-json\/wp\/v2\/comments?post=75079"}],"version-history":[{"count":0,"href":"https:\/\/www.europesays.com\/no\/wp-json\/wp\/v2\/posts\/75079\/revisions"}],"wp:featuredmedia":[{"embeddable":true,"href":"https:\/\/www.europesays.com\/no\/wp-json\/wp\/v2\/media\/75080"}],"wp:attachment":[{"href":"https:\/\/www.europesays.com\/no\/wp-json\/wp\/v2\/media?parent=75079"}],"wp:term":[{"taxonomy":"category","embeddable":true,"href":"https:\/\/www.europesays.com\/no\/wp-json\/wp\/v2\/categories?post=75079"},{"taxonomy":"post_tag","embeddable":true,"href":"https:\/\/www.europesays.com\/no\/wp-json\/wp\/v2\/tags?post=75079"}],"curies":[{"name":"wp","href":"https:\/\/api.w.org\/{rel}","templated":true}]}}