{"id":75090,"date":"2025-10-31T17:14:21","date_gmt":"2025-10-31T17:14:21","guid":{"rendered":"https:\/\/www.europesays.com\/no\/75090\/"},"modified":"2025-10-31T17:14:21","modified_gmt":"2025-10-31T17:14:21","slug":"kontroversielle-halloween-kostymer-i-hollywood","status":"publish","type":"post","link":"https:\/\/www.europesays.com\/no\/75090\/","title":{"rendered":"Kontroversielle halloween-kostymer i Hollywood"},"content":{"rendered":"<p>\u00c5rets <a href=\"https:\/\/www.dagbladet.no\/nyheter\/kan-skape-frykt\/83793973\" rel=\"nofollow noopener\" target=\"_blank\">halloween-feiring er for alvor over oss<\/a>, og b\u00e5de i inn- og utland morer barn s\u00e5 vel som voksne seg med \u00e5 kle seg ut i mer eller mindre skumle, kreative og forseggjorte kostymer.\u00a0<\/p>\n<p>Fredag kveld <a href=\"https:\/\/www.dagbladet.no\/kjendis\/holder-det-helt-hemmelig\/83792569\" rel=\"nofollow noopener\" target=\"_blank\">arrangerer influenser og TV-profil Alexandra Joner (35)<\/a> sin<a href=\"https:\/\/www.dagbladet.no\/kjendis\/kjendisene-strommer-til\/82165563\" rel=\"nofollow noopener\" target=\"_blank\">\u00a0\u00e5rlige, kjendistunge halloween-fest<\/a> i Oslo, mens det i USA &#8211; den moderne halloween-feiringens hjemland &#8211; er klart for \u00e5rets utgave av <a href=\"https:\/\/www.dagbladet.no\/kjendis\/ugjenkjennelig-igjen\/80444409\" rel=\"nofollow noopener\" target=\"_blank\">supermodell Heidi Klums (52) legendariske halloween-fest<\/a>.\u00a0<\/p>\n<p>        HALLOWEEN: Alexandra Joner sin \u00e5rlige halloweenfest er rett rundt hj\u00f8rnet. Video: R\u00f8d L\u00f8per<\/p>\n<p>Selv om mange forbinder halloween med spennende kostymer, snop og god, men skummel stemning, hender det at feiringen ogs\u00e5 blir preget av kontroverser og kritikk. For til tross for at det finnes utallige valgmuligheter p\u00e5 kostymefronten, er det alltids noen som klarer \u00e5 tr\u00e5 feil.\u00a0<\/p>\n<p class=\"font-weight-bold m-font-weight-bold\" data-lab-font_weight=\"font-weight-bold\">La oss ta et tilbakeblikk p\u00e5 noen av Hollywood-kostymene som har f\u00e5tt mest oppmerksomhet i negativ forstand de seinere \u00e5ra.<\/p>\n<p>    <a itemprop=\"url\" href=\"https:\/\/www.dagbladet.no\/kjendis\/holder-det-helt-hemmelig\/83792569\" rel=\"nofollow noopener\" target=\"_blank\"><\/p>\n<p>      <img loading=\"lazy\" decoding=\"async\" src=\"https:\/\/www.europesays.com\/no\/wp-content\/uploads\/2025\/10\/1761930852_379_83794055.webp\" width=\"147\" height=\"167\" title=\"Holder det helt hemmelig\" alt=\"\" class=\"lazyload\" style=\"--aspect-ratio-image: 0.88; \"\/><\/p>\n<p>        Holder det helt hemmelig<\/p>\n<p>    <\/a><\/p>\n<p>&#8211; Bommet fullstendig\t<\/p>\n<p>Heidi Klum skaper hvert \u00e5r overskrifter med sine <a href=\"https:\/\/www.dagbladet.no\/kjendis\/hun-vinner-halloween\/71774612\" rel=\"nofollow noopener\" target=\"_blank\">ekstremt gjennomf\u00f8rte og oppsiktsvekkende halloween-kostymer<\/a>, men det er ikke alle kreasjonene som har falt i like god jord.\u00a0<\/p>\n<p>I 2008 kledde hun seg ut som den hinduistiske gudinnen Kali, noe flere hinduistiske og indisk-amerikanske ledere reagerte p\u00e5.\u00a0<\/p>\n<p>          <img loading=\"lazy\" decoding=\"async\" src=\"https:\/\/www.europesays.com\/no\/wp-content\/uploads\/2025\/10\/83795870.webp\" width=\"686\" height=\"981\" title=\"FIKK KRITIKK: Heidi Klums gudinne-kostyme i 2008 fikk ikke udelt positiv oppmerksomhet. Foto: Henry Lamb\/ BEI\/ REX\/ NTB\" alt=\"\" class=\"\" style=\"--aspect-ratio-image: 0.70; \"\/><\/p>\n<p>\n          FIKK KRITIKK: Heidi Klums gudinne-kostyme i 2008 fikk ikke udelt positiv oppmerksomhet. Foto: Henry Lamb\/ BEI\/ REX\/ NTB\n      <\/p>\n<p>&#8211; Gudinnen Kali er h\u00f8yt aktet i hinduismen og skal tilbes i templer, ikke brukes p\u00e5 klubber som et publisitetsstunt eller slenges rundt med for dramatisk effekt, uttalte den hinduistiske presten Rajan Zed, if\u00f8lge <a href=\"https:\/\/www.businessinsider.com\/celebrity-halloween-costumes-offensive-2017-10#ashley-tisdale-was-accused-of-sexualizing-an-image-mexicans-traditionally-use-to-honor-dead-relatives-13\" rel=\"nofollow noopener\" target=\"_blank\">Business Insider<\/a>.<\/p>\n<p class=\"font-weight-bold m-font-weight-bold\" data-lab-font_weight=\"font-weight-bold\"><a href=\"https:\/\/www.independent.co.uk\/life-style\/fashion\/celebrity-halloween-costumes-2022-wrong-b2213725.html\" rel=\"nofollow noopener\" target=\"_blank\">Independent<\/a> skriver at Klum \u00abbommet fullstendig\u00bb og \u00abfikk massiv kritikk\u00bb da hun valgte \u00e5 kle seg ut som den hinduistiske gudinnen for d\u00f8d og tid. If\u00f8lge\u00a0<a href=\"https:\/\/pagesix.com\/article\/most-offensive-celebrity-halloween-costumes\/\" rel=\"nofollow noopener\" target=\"_blank\">PageSix<\/a>\u00a0beklaget stjerna aldri for valget av kostyme.<\/p>\n<p>        SJOKKERTE: Supermodell og skuespiller Heidi Klum er for mange kjent som dronningen av halloween. Sjekk hva hun var utkledd som i 2022! Reporter: Christina H. Korneliussen\/Dagbladet TV<\/p>\n<p>M\u00e5tte legge seg flate\t<\/p>\n<p>Samme \u00e5r valgte modell Chrissy Teigen (39) ogs\u00e5 et kostyme av det mindre heldige slaget. Teigen hadde kledd opp sin kj\u00e6re, John Legend (46), som cowboy &#8211; mens hun selv var if\u00f8rt et kostyme basert p\u00e5 en amerikansk urfolksstereotypi:<\/p>\n<p>&#8211; Jeg kledde ham ut som en cowboy, og jeg var en indianer, s\u00e5 vi var &#8216;cowboy og indianer&#8217;. For meg var det veldig s\u00f8tt, men n\u00e5r jeg tenker tilbake p\u00e5 det n\u00e5, ville jeg aldri gjort det igjen. D\u00e5rlig id\u00e9, Chrissy, d\u00e5rlig id\u00e9! sa Teigen om kostymevalget til <a href=\"https:\/\/swimsuit.si.com\/swimnews\/chrissy-teigen-john-legend-best-halloween-costumes\" rel=\"nofollow noopener\" target=\"_blank\">Sports Illustrated<\/a> i 2015.<\/p>\n<p>          <img loading=\"lazy\" decoding=\"async\" src=\"https:\/\/www.europesays.com\/no\/wp-content\/uploads\/2025\/10\/83794565.webp\" width=\"686\" height=\"995\" title=\"ANGRER: Chrissy Teigen var veldig forn\u00f8yd med parkostymet sitt med John Legend i 2008, men har seinere sagt at det hele var en d\u00e5rlig id\u00e9. Foto: Chris Pizzello\/ AP Photo\/ NTB\" alt=\"\" class=\"\" style=\"--aspect-ratio-image: 0.69; \"\/><\/p>\n<p>\n          ANGRER: Chrissy Teigen var veldig forn\u00f8yd med parkostymet sitt med John Legend i 2008, men har seinere sagt at det hele var en d\u00e5rlig id\u00e9. Foto: Chris Pizzello\/ AP Photo\/ NTB\n      <\/p>\n<p>Det dav\u00e6rende kj\u00e6resteparet Hilary Duff (38) og Jason Walsh fikk p\u00e5 sin side passet p\u00e5skrevet da de i 2016 troppet opp p\u00e5 halloween-festen til tequilaselskapet Casamigos. Walsh stilte som en stereotypisk amerikansk urfolksh\u00f8vding, mens Duff var kledd som en buksel\u00f8s pilegrim.<\/p>\n<p class=\"font-weight-bold m-font-weight-bold\" data-lab-font_weight=\"font-weight-bold\">I et innlegg p\u00e5 sosiale medier ba Duff tydelig om unnskyldning, if\u00f8lge\u00a0<a href=\"https:\/\/pagesix.com\/article\/most-offensive-celebrity-halloween-costumes\/\" rel=\"nofollow noopener\" target=\"_blank\">PageSix<\/a>:\u00a0<\/p>\n<p>\u00abJeg er S\u00c5 lei meg overfor alle jeg forn\u00e6rmet med kostymet mitt. Det var d\u00e5rlig gjennomtenkt, og jeg er oppriktig lei meg, fra bunnen av mitt [hjerte-emoji].\u00bb<\/p>\n<p>          <img loading=\"lazy\" decoding=\"async\" src=\"https:\/\/www.europesays.com\/no\/wp-content\/uploads\/2025\/10\/83795176.webp\" width=\"686\" height=\"1002\" title=\"UHELDIG: B\u00e5de Hilary Duff og Jason Walsh m\u00e5tte beklage etter at de moret seg p\u00e5 halloween-fest i disse kostymene i 2016. Foto: Michael Kovac\/ Getty Images for Casamigos Tequila\/ AFP\/ NTB\" alt=\"\" class=\"\" style=\"--aspect-ratio-image: 0.68; \"\/><\/p>\n<p>\n          UHELDIG: B\u00e5de Hilary Duff og Jason Walsh m\u00e5tte beklage etter at de moret seg p\u00e5 halloween-fest i disse kostymene i 2016. Foto: Michael Kovac\/ Getty Images for Casamigos Tequila\/ AFP\/ NTB\n      <\/p>\n<p>Walsh postet p\u00e5 sin side at han ikke mente \u00e5 v\u00e6re respektl\u00f8s med halloween-kostymet sitt, og la til, if\u00f8lge <a href=\"https:\/\/people.com\/celebrity\/most-controversial-celebrity-halloween-costumes\/\" rel=\"nofollow noopener\" target=\"_blank\">People<\/a>:<\/p>\n<p>\u00abJeg har ingenting annet enn beundring for Amerikas urbefolkning. N\u00e5r jeg ser tilbake p\u00e5 det n\u00e5, ville jeg ikke tatt det samme valget. Jeg beklager overfor alle jeg kan ha forn\u00e6rmet.\u00bb<\/p>\n<p>    <a itemprop=\"url\" href=\"https:\/\/www.dagbladet.no\/kjendis\/gjor-som-pamela\/82187427\" rel=\"nofollow noopener\" target=\"_blank\"><\/p>\n<p>      <img loading=\"lazy\" decoding=\"async\" src=\"https:\/\/www.europesays.com\/no\/wp-content\/uploads\/2025\/10\/82187457.webp\" width=\"147\" height=\"183\" title=\"Gj\u00f8r som Pamela\" alt=\"\" class=\"lazyload\" style=\"--aspect-ratio-image: 0.80; \"\/><\/p>\n<p>        Gj\u00f8r som Pamela<\/p>\n<p>    <\/a><\/p>\n<p>&#8211; Aldri en god id\u00e9\t<\/p>\n<p>Stjerneparet Harry Hamlin (74) og Lisa Rinna (62) s\u00f8rget for at det ogs\u00e5 oppstod kontrovers p\u00e5 2015-utgaven av Casamigos&#8217; halloween-fest. De kledde seg ut som Sid Vicious og Nancy Spungen, et av punkens mest ikoniske \u2013\u00a0og tragiske\u00a0\u2013 par.<\/p>\n<p>Sex Pistols-bassisten d\u00f8de av en heroinoverdose i februar 1979, nesten fire m\u00e5neder etter at <a href=\"https:\/\/www.dagbladet.no\/kjendis\/stjerneparet-sjekket-inn-pa-det-myteomspunnede-hotellet-da-han-vaknet-var-kjaeresten-brutalt-drept\/68757210\" rel=\"nofollow noopener\" target=\"_blank\">kj\u00e6resten ble knivstukket og drept p\u00e5 sagnomsuste Hotel Chelsea<\/a> i New York. Vicious ble siktet for drap, men gikk alts\u00e5 selv bort f\u00f8r rettssaken kom i gang.\u00a0<\/p>\n<p class=\"font-weight-bold m-font-weight-bold\" data-lab-font_weight=\"font-weight-bold\">Da ekteparet Hamlin og Rinna kledde seg ut som duoen, var det imidlertid \u00e9n spesiell detalj som fikk folk til \u00e5 se r\u00f8dt: Hakekorset p\u00e5 Harry Hamlins r\u00f8de t-skjorte.\u00a0<\/p>\n<p>          <img loading=\"lazy\" decoding=\"async\" src=\"https:\/\/www.europesays.com\/no\/wp-content\/uploads\/2025\/10\/83795642.webp\" width=\"686\" height=\"844\" title=\"SKAPTE SINNE: Hakekorset p\u00e5 Harry Hamlins Sid Vicious-kostyme fikk kraftige reaksjoner i 2015. Kona Lisa Rinna var utkledd som Vicious' kj\u00e6reste, Nancy Spungen. NTB: Broadimage\/ REX\/ NTB\" alt=\"\" class=\"\" style=\"--aspect-ratio-image: 0.81; \"\/><\/p>\n<p>\n          SKAPTE SINNE: Hakekorset p\u00e5 Harry Hamlins Sid Vicious-kostyme fikk kraftige reaksjoner i 2015. Kona Lisa Rinna var utkledd som Vicious&#8217; kj\u00e6reste, Nancy Spungen. NTB: Broadimage\/ REX\/ NTB\n      <\/p>\n<p>Som\u00a0<a href=\"https:\/\/web.archive.org\/web\/20200220064806\/https:\/\/www.businessinsider.com\/celebrity-halloween-costumes-offensive-2017-10#harry-hamlin-wore-a-swastika-on-a-t-shirt-for-a-halloween-costume-10\" rel=\"nofollow noopener\" target=\"_blank\">Business Insider<\/a>\u00a0oppsummerer: \u00ab\u00c5 b\u00e6re et nazisymbol er aldri en god id\u00e9 \u2013 <a href=\"https:\/\/www.dagbladet.no\/kjendis\/sjokkpastand-om-nazi-uniform\/78216721\" rel=\"nofollow noopener\" target=\"_blank\">det vet prins Harry alt om<\/a>.\u00bb\u00a0<\/p>\n<p>Sid Vicious brukte en t-skjorte med hakekors som en provokasjon mot det etablerte samfunnet, if\u00f8lge <a href=\"https:\/\/www.rollingstone.com\/tv-movies\/tv-movie-reviews\/white-riot-movie-review-rock-against-racism-1074089\/\" rel=\"nofollow noopener\" target=\"_blank\">Rolling Stone<\/a>. Page Six skriver at Hamlin tolket Sid Vicious-kostymet sitt\u00a0\u00abfor bokstavelig\u00bb, og at kritikere mente at symbolet burde ha forblitt i fortida.\u00a0<\/p>\n<p class=\"font-weight-bold m-font-weight-bold\" data-lab-font_weight=\"font-weight-bold\">I etterkant forklarte stjerneparet det kontroversielle kostymevalget p\u00e5 Instagram:\u00a0<\/p>\n<p>\u00abVi fors\u00f8kte \u00e5 v\u00e6re tro mot karakterene Sid og Nancy med halloween-kostymene v\u00e5re. Det s\u00e5ret og provoserte mange av dere, og det er vi oppriktig lei oss for. Det var aldri meningen. Vi mente ikke \u00e5 st\u00f8te noen. Med kj\u00e6rlig hilsen, Lisa og Harry\u00bb, var blant det de meddelte.<\/p>\n<p>        UTKLEDD: Alexandra Joner arrangerer storslagen halloweenfest. Reporter: Viktoria L\u00f8vik. Video: Christina Holen Korneliussen \/ Dagbladet TV. <\/p>\n<p>&#8211; Utrolig pinlig\t<\/p>\n<p>I tillegg til de kontroversielle eller toned\u00f8ve kostymene, finnes det eksempler p\u00e5 Hollywood-stjerner som rett og slett har f\u00e5tt folk til \u00e5 kl\u00f8 seg i hodet med kostymevalgene sine.\u00a0<\/p>\n<p class=\"font-weight-bold m-font-weight-bold\" data-lab-font_weight=\"font-weight-bold\">Blant disse finner man den britiske filmstjerna Hugh Grant (65), som if\u00f8rte seg et halloween-antrekk av det\u00a0\u00ablatere\u00bb slaget i 2015, if\u00f8lge <a href=\"https:\/\/www.dailymail.co.uk\/tvshowbiz\/article-14022731\/worst-celebrity-halloween-costumes-kim-kardashian-chris-brown.html\" rel=\"nofollow noopener\" target=\"_blank\">Daily Mail<\/a>.<\/p>\n<p>          <img loading=\"lazy\" decoding=\"async\" src=\"https:\/\/www.europesays.com\/no\/wp-content\/uploads\/2025\/10\/83795775.webp\" width=\"686\" height=\"1016\" title=\"LAT L\u00d8VE: Superstjerna Hugh Grant if\u00f8rt et halloween-kostyme som tilsynelatende krevde minimalt med innsats i 2015. Foto: David Fisher\/ REX\/ NTB\" alt=\"\" class=\"\" style=\"--aspect-ratio-image: 0.68; \"\/><\/p>\n<p>\n          LAT L\u00d8VE: Superstjerna Hugh Grant if\u00f8rt et halloween-kostyme som tilsynelatende krevde minimalt med innsats i 2015. Foto: David Fisher\/ REX\/ NTB\n      <\/p>\n<p>\u00abPrisen for verdens slappeste kostyme g\u00e5r enkelt til Hugh Grants antrekk p\u00e5 UNICEFs \u00e5rlige halloween-ball i 2015. Grant er en av v\u00e5r tids mest suksessrike britiske stjerner, ber\u00f8mt for sin karisma og stil som romantisk komedie-helt, men det er vanskelig \u00e5 tro n\u00e5r man ser denne posete kosedressen og bisarre, lurvete hetta. Men han ser i alle fall forn\u00f8yd ut\u00bb, oppsummerer <a href=\"https:\/\/www.independent.co.uk\/life-style\/fashion\/celebrity-halloween-costumes-2022-wrong-b2213725.html\" rel=\"nofollow noopener\" target=\"_blank\">Independent<\/a>-journalist Saman Javed.<\/p>\n<p>    <a itemprop=\"url\" href=\"https:\/\/www.dagbladet.no\/kjendis\/vekker-oppsikt\/82324384\" rel=\"nofollow noopener\" target=\"_blank\"><\/p>\n<p>      <img loading=\"lazy\" decoding=\"async\" src=\"https:\/\/www.europesays.com\/no\/wp-content\/uploads\/2025\/10\/82324446.webp\" width=\"147\" height=\"137\" title=\"Vekker oppsikt\" alt=\"\" class=\"lazyload\" style=\"--aspect-ratio-image: 1.07; \"\/><\/p>\n<p>        Vekker oppsikt<\/p>\n<p>    <\/a><\/p>\n<p>I 2013 valgte kjendisblogger Perez Hilton (47) \u00e5 kle seg ut som popstjerna Miley Cyrus (32), som p\u00e5 tidspunktet blant annet fikk mye oppmerksomhet for sin MTV VMAs-opptreden med Robin Thicke (48).<\/p>\n<p>          <img loading=\"lazy\" decoding=\"async\" src=\"https:\/\/www.europesays.com\/no\/wp-content\/uploads\/2025\/10\/83795807.webp\" width=\"686\" height=\"721\" title=\"SKAPTE OVERSKRIFTER: Miley Cyrus' MTV VMAs-opptreden med 16 \u00e5r eldre Robin Thicke fikk mye oppmerksomhet i 2013. Foto: Scott Gries\/ Invision\/ AP\/ NTB\" alt=\"\" class=\"\" style=\"--aspect-ratio-image: 0.95; \"\/><\/p>\n<p>\n          SKAPTE OVERSKRIFTER: Miley Cyrus&#8217; MTV VMAs-opptreden med 16 \u00e5r eldre Robin Thicke fikk mye oppmerksomhet i 2013. Foto: Scott Gries\/ Invision\/ AP\/ NTB\n      <\/p>\n<p class=\"font-weight-bold m-font-weight-bold\" data-lab-font_weight=\"font-weight-bold\">Hilton if\u00f8rte seg en hudfarget lateksbikini og en stor skumfinger, slik Cyrus hadde gjort p\u00e5 MTV-scenen to m\u00e5neder tidligere. Nettstedet <a href=\"https:\/\/www.women.com\/2004556\/bad-celebrity-halloween-costumes-scary\/\" rel=\"nofollow noopener\" target=\"_blank\">Women<\/a> er ikke n\u00e5dig i sin dom over kostymet:\u00a0<\/p>\n<p>          <img loading=\"lazy\" decoding=\"async\" src=\"https:\/\/www.europesays.com\/no\/wp-content\/uploads\/2025\/10\/83795789.webp\" width=\"686\" height=\"927\" title=\"SPESIELT VALG: Kjendisblogger Perez Hilton utkledd som en slags vampyr-Miley Cyrus p\u00e5 Heidi Klums halloween-fest i 2013. Foto: Henry Lamb\/ Photowire\/ BEI\/REX\/ NTB\" alt=\"\" class=\"\" style=\"--aspect-ratio-image: 0.74; \"\/><\/p>\n<p>\n          SPESIELT VALG: Kjendisblogger Perez Hilton utkledd som en slags vampyr-Miley Cyrus p\u00e5 Heidi Klums halloween-fest i 2013. Foto: Henry Lamb\/ Photowire\/ BEI\/REX\/ NTB\n      <\/p>\n<p>\u00ab(&#8230;) hans framstilling av Cyrus i \u00abBangerz\u00bb-perioden var utrolig pinlig. Fra lateksbikinien til skumfingeren, s\u00e5 sladrebloggeren latterlig ut da han kledde seg ut som en 21-\u00e5ring. Vi er heller ikke sikre p\u00e5 hvorfor han valgte \u00e5 legge til vampyrtenner i antrekket. Hele kostymet var rett og slett en katastrofe &#8211; en skikkelig &#8216;wrecking ball&#8217;\u00bb.<\/p>\n","protected":false},"excerpt":{"rendered":"\u00c5rets halloween-feiring er for alvor over oss, og b\u00e5de i inn- og utland morer barn s\u00e5 vel som&hellip;\n","protected":false},"author":2,"featured_media":75091,"comment_status":"","ping_status":"","sticky":false,"template":"","format":"standard","meta":{"footnotes":""},"categories":[10],"tags":[2427,20,21,8747,24,25,8568,10403,15,10401,10402,479,1857,22,23,13,30,28,29,14,16,26,27],"class_list":{"0":"post-75090","1":"post","2":"type-post","3":"status-publish","4":"format-standard","5":"has-post-thumbnail","7":"category-norge","8":"tag-alexandra-joner","9":"tag-breaking-news","10":"tag-breakingnews","11":"tag-chrissy-teigen","12":"tag-featured-news","13":"tag-featurednews","14":"tag-halloween","15":"tag-halloweenkostymer","16":"tag-headlines","17":"tag-heidi-klum","18":"tag-hilary-duff","19":"tag-kjendis","20":"tag-kritikk","21":"tag-latest-news","22":"tag-latestnews","23":"tag-news","24":"tag-no","25":"tag-norge","26":"tag-norway","27":"tag-nyheter","28":"tag-overskrifter","29":"tag-top-stories","30":"tag-topstories"},"share_on_mastodon":{"url":"https:\/\/pubeurope.com\/@no\/115469907871545777","error":""},"_links":{"self":[{"href":"https:\/\/www.europesays.com\/no\/wp-json\/wp\/v2\/posts\/75090","targetHints":{"allow":["GET"]}}],"collection":[{"href":"https:\/\/www.europesays.com\/no\/wp-json\/wp\/v2\/posts"}],"about":[{"href":"https:\/\/www.europesays.com\/no\/wp-json\/wp\/v2\/types\/post"}],"author":[{"embeddable":true,"href":"https:\/\/www.europesays.com\/no\/wp-json\/wp\/v2\/users\/2"}],"replies":[{"embeddable":true,"href":"https:\/\/www.europesays.com\/no\/wp-json\/wp\/v2\/comments?post=75090"}],"version-history":[{"count":0,"href":"https:\/\/www.europesays.com\/no\/wp-json\/wp\/v2\/posts\/75090\/revisions"}],"wp:featuredmedia":[{"embeddable":true,"href":"https:\/\/www.europesays.com\/no\/wp-json\/wp\/v2\/media\/75091"}],"wp:attachment":[{"href":"https:\/\/www.europesays.com\/no\/wp-json\/wp\/v2\/media?parent=75090"}],"wp:term":[{"taxonomy":"category","embeddable":true,"href":"https:\/\/www.europesays.com\/no\/wp-json\/wp\/v2\/categories?post=75090"},{"taxonomy":"post_tag","embeddable":true,"href":"https:\/\/www.europesays.com\/no\/wp-json\/wp\/v2\/tags?post=75090"}],"curies":[{"name":"wp","href":"https:\/\/api.w.org\/{rel}","templated":true}]}}