{"id":75104,"date":"2025-10-31T17:40:15","date_gmt":"2025-10-31T17:40:15","guid":{"rendered":"https:\/\/www.europesays.com\/no\/75104\/"},"modified":"2025-10-31T17:40:15","modified_gmt":"2025-10-31T17:40:15","slug":"vg-datatrobbel-for-apotek-over-hele-landet-bergensavisen","status":"publish","type":"post","link":"https:\/\/www.europesays.com\/no\/75104\/","title":{"rendered":"VG: Datatr\u00f8bbel for apotek over hele landet &#8211; Bergensavisen"},"content":{"rendered":"<ol>\n<li><a href=\"https:\/\/news.google.com\/rss\/articles\/CBMif0FVX3lxTFA5Vmpud0pkOXhGNE9lY1pTb09MSVBNNm1mNVQ4V2VUYUNsN2lLbmRtLWk1ZDJ1ZmVpQjNtSVY0cHpoNk5PYkNwbjJ2YjJ1T2dGX24ySzZfek85VmZndk9VbVlST2dHT2F5cERSbVZRTXF2aTJKbUZtdW1IbDNWbUk?oc=5\" target=\"_blank\" rel=\"nofollow noopener\">VG: Datatr\u00f8bbel for apotek over hele landet<\/a>&nbsp;&nbsp;Bergensavisen<\/li>\n<li><a href=\"https:\/\/news.google.com\/rss\/articles\/CBMihwFBVV95cUxOVks0V3dXWUZ3ekxxYVZVdGJXRm1jWmh5MXJBUmg2WWt3WWZzbkp0Z2JTOHdqdnV5R0FTMHUtLTdnSVhlc2FCQnZqMFprUWRHQ1B1bzRvU3czRjBJN1VUZzBKMmFRejFKcEg1cnUyTk5oWnh3NE9jNlVqTUd2YkpSUXhELU15Vk0?oc=5\" target=\"_blank\" rel=\"nofollow noopener\">Datatr\u00f8bbel for apotekene l\u00f8st<\/a>&nbsp;&nbsp;VG<\/li>\n<li><a href=\"https:\/\/news.google.com\/rss\/articles\/CBMirAFBVV95cUxQa1YzT01OeGtTVE1Wa0JXaWM2MV9pNVZxQ3FTV1RTdGdSNmtkYnFIeC00UWFHWEJFZUtTRmNROEtEOGVSamhUUkxWM29nc3k3X2xtMFd1U2VxOFhZeFBDaUduM1p4QW1pQ2wwYkpTLUVSdWVtNkVmek5mbnI1ZENWUDVGRXFIblk4NlJWdEcyQmRGdGthWUlqYzZlTWVsc3UxYlYwQ21IeTMxdHFm?oc=5\" target=\"_blank\" rel=\"nofollow noopener\">M\u00f8tte stengte d\u00f8rer p\u00e5 apoteket: \u2013 Flere ble oppgitt og gikk<\/a>&nbsp;&nbsp;Bergens Tidende<\/li>\n<li><a href=\"https:\/\/news.google.com\/rss\/articles\/CBMinAFBVV95cUxOdVFMZ2pObFBZOTFidUFOcjRLUVlPVUVhekNfTmJYUGkyYWExNGRtYzktY0w1cE5kQnRPampSLXF2VVZPY2RnZEY1NXM3NVpVWDYwY25YblhKOFR0VzVPNWd6bVEtcXR0d19Fa1RqYURoUlJQOUJGS1UwakVQLVFlcmtIbE5XNVp3LTl6RDY0ZnpFYmtuY0VUYmcwc3Q?oc=5\" target=\"_blank\" rel=\"nofollow noopener\">VG: Datatr\u00f8bbel for apoteker over hele landet er l\u00f8st<\/a>&nbsp;&nbsp;Aftenposten<\/li>\n<li><a href=\"https:\/\/news.google.com\/rss\/articles\/CBMibEFVX3lxTE5mUXhXS3R2Z1EwTndBRENkZFhxNnQ4Z2FMS1dETXhwZGs5a3VHaEtwS09sbk5fZWtMSm1Xd3RxTFVQNlpGckprS1pwNnd4dURhRl9QYkhhZm9xQWdJaEtrVGF3TzYyYjZNay16Ug?oc=5\" target=\"_blank\" rel=\"nofollow noopener\">Nyhetsstudio &#8211; Datatr\u00f8bbel for apotek over hele landet<\/a>&nbsp;&nbsp;Dagbladet<\/li>\n<\/ol>\n","protected":false},"excerpt":{"rendered":"VG: Datatr\u00f8bbel for apotek over hele landet&nbsp;&nbsp;Bergensavisen Datatr\u00f8bbel for apotekene l\u00f8st&nbsp;&nbsp;VG M\u00f8tte stengte d\u00f8rer p\u00e5 apoteket: \u2013 Flere&hellip;\n","protected":false},"author":2,"featured_media":1615,"comment_status":"","ping_status":"","sticky":false,"template":"","format":"standard","meta":{"footnotes":""},"categories":[10],"tags":[5987,36,20,21,10405,24,25,15,565,22,23,13,30,28,29,14,16,1510,26,27],"class_list":{"0":"post-75104","1":"post","2":"type-post","3":"status-publish","4":"format-standard","5":"has-post-thumbnail","7":"category-norge","8":"tag-apotek","9":"tag-art","10":"tag-breaking-news","11":"tag-breakingnews","12":"tag-datatrobbel","13":"tag-featured-news","14":"tag-featurednews","15":"tag-headlines","16":"tag-it","17":"tag-latest-news","18":"tag-latestnews","19":"tag-news","20":"tag-no","21":"tag-norge","22":"tag-norway","23":"tag-nyheter","24":"tag-overskrifter","25":"tag-story","26":"tag-top-stories","27":"tag-topstories"},"share_on_mastodon":{"url":"https:\/\/pubeurope.com\/@no\/115470009860985344","error":""},"_links":{"self":[{"href":"https:\/\/www.europesays.com\/no\/wp-json\/wp\/v2\/posts\/75104","targetHints":{"allow":["GET"]}}],"collection":[{"href":"https:\/\/www.europesays.com\/no\/wp-json\/wp\/v2\/posts"}],"about":[{"href":"https:\/\/www.europesays.com\/no\/wp-json\/wp\/v2\/types\/post"}],"author":[{"embeddable":true,"href":"https:\/\/www.europesays.com\/no\/wp-json\/wp\/v2\/users\/2"}],"replies":[{"embeddable":true,"href":"https:\/\/www.europesays.com\/no\/wp-json\/wp\/v2\/comments?post=75104"}],"version-history":[{"count":0,"href":"https:\/\/www.europesays.com\/no\/wp-json\/wp\/v2\/posts\/75104\/revisions"}],"wp:featuredmedia":[{"embeddable":true,"href":"https:\/\/www.europesays.com\/no\/wp-json\/wp\/v2\/media\/1615"}],"wp:attachment":[{"href":"https:\/\/www.europesays.com\/no\/wp-json\/wp\/v2\/media?parent=75104"}],"wp:term":[{"taxonomy":"category","embeddable":true,"href":"https:\/\/www.europesays.com\/no\/wp-json\/wp\/v2\/categories?post=75104"},{"taxonomy":"post_tag","embeddable":true,"href":"https:\/\/www.europesays.com\/no\/wp-json\/wp\/v2\/tags?post=75104"}],"curies":[{"name":"wp","href":"https:\/\/api.w.org\/{rel}","templated":true}]}}