{"id":75165,"date":"2025-10-31T18:53:21","date_gmt":"2025-10-31T18:53:21","guid":{"rendered":"https:\/\/www.europesays.com\/no\/75165\/"},"modified":"2025-10-31T18:53:21","modified_gmt":"2025-10-31T18:53:21","slug":"en-deilig-skrekk-som-setter-seg-i-kroppen","status":"publish","type":"post","link":"https:\/\/www.europesays.com\/no\/75165\/","title":{"rendered":"En deilig skrekk som setter seg i kroppen"},"content":{"rendered":"<p>2025 har bydd p\u00e5 mye bra skrekk p\u00e5 kino, og n\u00e5 kan mange av filmene leies p\u00e5 nett. Dessuten kan man f\u00e5 et \u00abhjertelig\u00bb gjensyn med klovnen Pennywise i en ny \u00abIt\u00bb-serie.<\/p>\n<p>        <img class=\"image__img lazyload\" itemprop=\"image\" title=\"Foto: HBO Max\" alt=\"\u00abIt: Welcome to Derry\u00bb: I den nye serien er den fryktinngytende klovnen tilbake. Foto: HBO Max\" width=\"675\" height=\"473\" bad-src=\"https:\/\/www.europesays.com\/no\/wp-content\/uploads\/2025\/10\/18244005.webp\" fetchpriority=\"auto\" \/><\/p>\n<p>      \u00abIt: Welcome to Derry\u00bb: I den nye serien er den fryktinngytende klovnen tilbake.<br \/>\n         Foto: HBO Max<\/p>\n<p>\u00a0\u00abIt: Welcome to Derry\u00bb\u00a0<\/p>\n<p>(HBO Max, 2 episoder ute)<\/p>\n<p>Serien \u00abIt:<br \/>\nWelcome to Derry\u00bb er en forl\u00f8per til filmene, og her skal vi tilbake til det<br \/>\nfargesterke 60-tallet. Det starter med en heftig, gr\u00f8ssende sekvens som<br \/>\nvirkelig setter stemningen for serien, og som er det forel\u00f8pige h\u00f8ydepunktet av<br \/>\nde fem episodene som er gjort tilgjengelig for anmeldelse.<\/p>\n<p>Matty pr\u00f8ver \u00e5 r\u00f8mme fra Derry, men den tilsynelatende hyggelige familien som<br \/>\nplukker han opp, viser seg \u00e5 v\u00e6re alt annet enn hyggelig, og bilturen blir heller<br \/>\nen fest av blod og g\u00f8rr. Mattys forsvinning gj\u00f8r at en gruppe barn setter i gang sin egen etterforskning.<\/p>\n<p>        <img class=\"image__img lazyload\" itemprop=\"image\" title=\"Foto: HBO Max\" alt=\"\u00abIt: Welcome to Derry\u00bb: Skummelt for barna p\u00e5 60-tallet i byen Derry. Foto: HBO Max\" width=\"675\" height=\"379\" bad-src=\"https:\/\/www.europesays.com\/no\/wp-content\/uploads\/2025\/10\/18243996.webp\" fetchpriority=\"auto\" \/><\/p>\n<p>      \u00abIt: Welcome to Derry\u00bb: Skummelt for barna p\u00e5 60-tallet i byen Derry.<br \/>\n         Foto: HBO Max<\/p>\n<p>Som i<br \/>\nden f\u00f8rste \u00abIt\u00bb-filmen er det en skikkelig bra gjeng med barn som er litt<br \/>\nutafor, men som finner sammen i jakten p\u00e5 hva som egentlig foreg\u00e5r i denne merkelige<br \/>\nsm\u00e5byen. N\u00e5r de en etter en m\u00f8ter sine st\u00f8rste redsler, setter det nok av<br \/>\nskrekk i seeren ogs\u00e5.\u00a0<\/p>\n<p>Samtidig er det en st\u00f8rre historie i denne serien. Milit\u00e6ret er satt inn for \u00e5<br \/>\nlete etter \u00abnoe\u00bb, mens en gruppe amerikanske urfolk har en hemmelighet.<\/p>\n<p>\u00a0\u00abIt: Welcome to Derry\u00bb er blitt en medrivende serie, med barn man virkelig<br \/>\nheier p\u00e5, og deilige gr\u00f8sserelementer som funker aller best n\u00e5r ikke CGI-en ikke<br \/>\ng\u00e5r helt amok.<br \/>\nDet er en historie som utvider seg og har gode, interessante rollefigurer gestaltet<br \/>\nav gode skuespillere.\u00a0<\/p>\n<p>Terningkast 5\u00a0<\/p>\n<p>\u00abWeapons\u00bb<\/p>\n<p>En veldig passende film for Halloween. Dette er en skrekkfilm som leverer nerve<br \/>\nog skikkelig guffen stemning, fra start til slutt.\u00a0<\/p>\n<p>En hel skoleklasse forsvinner en natt, bortsett fra Alex (Cary Christopher).<br \/>\nBarna l\u00f8per ut i m\u00f8rket og kommer aldri tilbake. Vi f\u00f8lger dermed flere sin jakt p\u00e5 hva som har skjedd, deriblant l\u00e6reren (Julia<br \/>\nGarner) og en far (Josh Brolin).\u00a0<\/p>\n<p>        <img class=\"image__img lazyload\" itemprop=\"image\" title=\"Foto: Warner Bros. Entertainment Inc.\" alt=\"\u00abWeapons\u00bb: Julia Garner er l\u00e6reren som plutselig f\u00e5r et tomt klasserom. Foto: Warner Bros. Entertainment Inc.\" width=\"978\" height=\"551\" bad-src=\"https:\/\/www.europesays.com\/no\/wp-content\/uploads\/2025\/10\/18244001.webp\" fetchpriority=\"auto\" \/><\/p>\n<p>      \u00abWeapons\u00bb: Julia Garner er l\u00e6reren som plutselig f\u00e5r et tomt klasserom.<br \/>\n         Foto: Warner Bros. Entertainment Inc.<\/p>\n<p>Den er fortalt p\u00e5 en spennende m\u00e5te med at de ulike f\u00e5r hvert sitt kapittel,<br \/>\nslik at historien n\u00f8stes opp, sakte, men sikkert.\u00a0<\/p>\n<p>\u00abWeapons\u00bb er uforutsigbar og bruker<br \/>\nlang tid f\u00f8r den gir noen svar. N\u00e5r svaret til slutt kommer, er det til og<br \/>\nmed en ganske tilfredsstillende l\u00f8sning.\u00a0<\/p>\n<p>\u00abWeapons\u00bb byr p\u00e5 b\u00e5de \u00abjump scares\u00bb og humor, men har f\u00f8rst og fremst en deilig<br \/>\nskrekkstemning som setter seg i kroppen.\u00a0<\/p>\n<p class=\"bold m-bold\" data-lab-font_weight=\"bold\">Terningkast 5\u00a0<\/p>\n<p> \u00ab28 Years Later\u00bb <\/p>\n<p>22 \u00e5r etter den f\u00f8rste zombiefilmen \u00ab28 Days Later\u00bb er n\u00e5 Danny Boyle tilbake i<br \/>\nregistolen, med hell.\u00a0<\/p>\n<p>I den tredje filmen i serien m\u00f8ter vi et samfunn som har klart \u00e5 holde zombie-viruset<br \/>\nunna ved \u00e5 bo p\u00e5 en \u00f8y med begrenset kontakt med omverdenen.<\/p>\n<p>N\u00e5r 12 \u00e5r gamle Spike (<a href=\"https:\/\/www.imdb.com\/name\/nm12595111\/?ref_=tt_cst_t_12\" rel=\"nofollow noopener\" target=\"_blank\">Alfie Williams<\/a>) tar med seg sin syke mor (Jodie Comer) over<br \/>\ntil fastlandet p\u00e5 jakt etter en lege, blir det en mildt sagt utfordrende reise<br \/>\nfor mor og s\u00f8nn, med zombie-farer rundt hvert tre.\u00a0<\/p>\n<p>        <img class=\"image__img lazyload\" itemprop=\"image\" title=\"Foto: SF Norge\" alt=\"\u00ab28 years later\u00bb: Regiss\u00f8r Danny Boyles nye zombiefilm, 22 \u00e5r etter den f\u00f8rste filmen. Foto: SF Norge\" width=\"978\" height=\"551\" bad-src=\"https:\/\/www.europesays.com\/no\/wp-content\/uploads\/2025\/10\/18243997.webp\" fetchpriority=\"auto\" \/><\/p>\n<p>      \u00ab28 years later\u00bb: Regiss\u00f8r Danny Boyles nye zombiefilm, 22 \u00e5r etter den f\u00f8rste filmen.<br \/>\n         Foto: SF Norge<\/p>\n<p>Selv om vi har f\u00e5tt et vell av zombieserier og -filmer de siste \u00e5rene, klarer<br \/>\nBoyles ekle og varierte zombier \u00e5 levere gr\u00f8ss, spesielt med hyl som g\u00e5r gjennom<br \/>\nmarg og bein.\u00a0<\/p>\n<p>Hovedgrunnen til at \u00ab28 Years Later\u00bb funker s\u00e5 bra som den gj\u00f8r er imidlertid<br \/>\nat den har s\u00e5 mye hjertet. Vi heier skikkelig p\u00e5 Spike og er med p\u00e5 hans<br \/>\nmedrivende reise.\u00a0<\/p>\n<p class=\"bold m-bold\" data-lab-font_weight=\"bold\">Terningkast 5\u00a0<\/p>\n<p>\u00abSinners\u00bb\u00a0<\/p>\n<p>\u00abSinners\u00bb er en film med vampyrer, men er likevel langt mer enn en vampyrfilm.\u00a0<\/p>\n<p>Vi skal til Mississippi p\u00e5 30-tallet der tvillingbr\u00f8drene Smoke og Stack,<br \/>\nbegge spilt av Michael B. Jordan, kommer tilbake til hjembyen. Der skal de \u00e5pne<br \/>\nen bar, der bluesen og alkoholen kan flyte fritt.<\/p>\n<p>Det er en by preget av sterk rasisme og som i vampyrfilmer flest handler det om<br \/>\nutenforskap i ulike varianter.\u00a0<\/p>\n<p>        <img class=\"image__img lazyload\" itemprop=\"image\" title=\"Foto: Warner Bros. Entertainment Inc.\" alt=\"\u00abSinners\u00bb: Michael B. Jordan spiller eneggede tvillingbr\u00f8dre i 30-tallets Mississippi. Foto: Warner Bros. Entertainment Inc.\" width=\"978\" height=\"551\" bad-src=\"https:\/\/www.europesays.com\/no\/wp-content\/uploads\/2025\/10\/18244000.webp\" fetchpriority=\"auto\" \/><\/p>\n<p>      \u00abSinners\u00bb: Michael B. Jordan spiller eneggede tvillingbr\u00f8dre i 30-tallets Mississippi.<br \/>\n         Foto: Warner Bros. Entertainment Inc.<\/p>\n<p>Det tar litt tid f\u00f8r skrekken setter inn. Vi f\u00e5r<br \/>\nf\u00f8rst bare sm\u00e5 varsler, men n\u00e5r skrekken f\u00f8rst tar tak, s\u00e5 svinger det<br \/>\nskikkelig. Og det som svinger aller mest her er musikken, med pulserende rytmer<br \/>\nog en vidunderlig dr\u00f8mmeaktig sekvens der fortid og n\u00e5tid blandes sammen i et<br \/>\nmusikalsk crescendo.\u00a0<\/p>\n<p>I \u00abSinners\u00bb er det dessuten et rikt rollegalleri, der absolutt alle karakterene<br \/>\ner interessante og en fryd \u00e5 f\u00f8lge.\u00a0<\/p>\n<p>Terningkast 5 <\/p>\n<p>\u00abFinal<br \/>\nDestination: Bloodlines\u00bb\u00a0<\/p>\n<p>Som i de tidligere \u00abFinal Destination\u00bb-filmene er det en rollefigur som f\u00e5r et<br \/>\nsyn og forutser en kommende katastrofe. Det f\u00f8rer til at mange liv blir reddet,<br \/>\nsom egentlig skulle v\u00e6rt tapt. Men d\u00f8den er vanskelig \u00e5 lure.\u00a0<\/p>\n<p>I \u00abBloodlines\u00bb er det en som har klart \u00e5 overleve s\u00e5pass lenge at hun har f\u00e5tt<br \/>\nb\u00e5de barn og barnebarn, men if\u00f8lge d\u00f8den skulle de jo egentlig ikke v\u00e6rt f\u00f8dt. Dermed<br \/>\nbegynner jakten.\u00a0<\/p>\n<p>        <img class=\"image__img lazyload\" itemprop=\"image\" title=\"Foto: Warner Bros. Entertainment Inc.\" alt=\"\u00abFinal Destination Bloodlines\u00bb: D\u00f8den er p\u00e5 jakt etter familien. Foto: Warner Bros. Entertainment Inc.\" width=\"978\" height=\"551\" bad-src=\"https:\/\/www.europesays.com\/no\/wp-content\/uploads\/2025\/10\/18243998.webp\" fetchpriority=\"auto\" \/><\/p>\n<p>      \u00abFinal Destination Bloodlines\u00bb: D\u00f8den er p\u00e5 jakt etter familien.<br \/>\n         Foto: Warner Bros. Entertainment Inc.<\/p>\n<p>Familiemedlemmene blir innhentet, en etter en, og tatt livet av p\u00e5 ulike,<br \/>\nfantasifulle m\u00e5ter. Selve dramaet er ikke spesielt fengende, selv om det er mye<br \/>\nfamiliedrama-potensiale, men det som er den drivende kraften her er p\u00e5 hvilken<br \/>\nbestialsk m\u00e5te de blir drept.\u00a0<\/p>\n<p>\u00abFinal Destination: Bloodlines\u00bb er full av humor og blod og g\u00f8rr, og med et<br \/>\ns\u00e5pass artig premiss, funker den absolutt som en Halloween-splatter.<\/p>\n<p>\u00a0Terningkast 4 <\/p>\n<p>\u00abFrankenstein\u00bb\u00a0<\/p>\n<p>Om du vil oppleve skrekk p\u00e5 kino framfor i<br \/>\nsofaen, g\u00e5r \u00abFrankenstein\u00bb p\u00e5 utvalgte kinoer, og kommer p\u00e5 Netflix 7.<br \/>\nnovember.\u00a0<\/p>\n<p>N\u00e5r det kommer en ny horrorfilm fra \u00abPan\u2019s Labyrinth\u00bb-regiss\u00f8r Guillermo del<br \/>\nToro, blir i hvert fall denne anmelders forventninger skrudd godt opp. \u00abFrankenstein\u00bb<br \/>\nhar veldig mye fint ved seg, men n\u00e5r dessverre ikke helt opp til<br \/>\nforventningene.\u00a0<\/p>\n<p>Historien starter i Arktis i 1857. Et dansk skip er strandet i isen, vitenskapsmannen<br \/>\nVictor Frankenstein blir jaktet p\u00e5 av noe monsterlignende og blir reddet av de danske<br \/>\nsj\u00f8mennene.<\/p>\n<p>Deretter f\u00e5r vi h\u00f8re hans historie, og hvordan hans problematiske<br \/>\noppvekst f\u00f8rer til en intens jakt p\u00e5 \u00e5 klare \u00e5 skape liv. Som vi allerede vet veldig godt, klarer han til slutt \u00e5 lage et monster, men her<br \/>\nstilles sp\u00f8rsm\u00e5let om hvem som egentlig er monsteret.\u00a0<\/p>\n<p>        <img class=\"image__img lazyload\" itemprop=\"image\" title=\"Foto: 2025 \u00a9 Netflix Inc.\" alt=\"\u00abFrankenstein\u00bb: Oscar Isaac er vitenskapsmannen Victor Frankenstein. Foto: 2025 \u00a9 Netflix Inc.\" width=\"978\" height=\"551\" bad-src=\"https:\/\/www.europesays.com\/no\/wp-content\/uploads\/2025\/10\/18244004.webp\" fetchpriority=\"auto\" \/><\/p>\n<p>      \u00abFrankenstein\u00bb: Oscar Isaac er vitenskapsmannen Victor Frankenstein.<br \/>\n         Foto: 2025 \u00a9 Netflix Inc.<\/p>\n<p>I denne \u00abFrankenstein\u00bb-versjonen omtales for \u00f8vrig monsteret som \u00abvesenet\u00bb, og<br \/>\ni en uvant rolle, s\u00e5 er det kjekkasen Jacob Elordi som skjuler seg bak \u00abmonstermasken\u00bb.\u00a0<\/p>\n<p>Elordi klarer \u00e5 frembringe en \u00f8mhet for denne skapningen, som egentlig har et<br \/>\nbarns nysgjerrighet p\u00e5 livet, men som er uheldig med hvem som er hans skaper.\u00a0<\/p>\n<p>Filmen er en visuell nytelse, med sterke farger og det m\u00f8rke, gotiske i skj\u00f8nn<br \/>\nforening. Det er en interessant dreining at vi ogs\u00e5 f\u00e5r fortalt vesenets<br \/>\nhistorie.\u00a0<\/p>\n<p>Jacob Elordi er et h\u00f8ydepunkt, men \u00abFrankenstein\u00bb er likevel tidvis altfor<br \/>\nseig, og selv om Oscar Isaac er god som den geniale og halvgale<br \/>\nvitenskapsmannen, klarer han ikke \u00e5 f\u00e5 engasjementet nok opp hos seeren.\u00a0<\/p>\n<p>Terningkast 4 <\/p>\n","protected":false},"excerpt":{"rendered":"2025 har bydd p\u00e5 mye bra skrekk p\u00e5 kino, og n\u00e5 kan mange av filmene leies p\u00e5 nett.&hellip;\n","protected":false},"author":2,"featured_media":75166,"comment_status":"","ping_status":"","sticky":false,"template":"","format":"standard","meta":{"footnotes":""},"categories":[58],"tags":[71,30,28,29,72],"class_list":{"0":"post-75165","1":"post","2":"type-post","3":"status-publish","4":"format-standard","5":"has-post-thumbnail","7":"category-underholdning","8":"tag-entertainment","9":"tag-no","10":"tag-norge","11":"tag-norway","12":"tag-underholdning"},"share_on_mastodon":{"url":"https:\/\/pubeurope.com\/@no\/115470296953471197","error":""},"_links":{"self":[{"href":"https:\/\/www.europesays.com\/no\/wp-json\/wp\/v2\/posts\/75165","targetHints":{"allow":["GET"]}}],"collection":[{"href":"https:\/\/www.europesays.com\/no\/wp-json\/wp\/v2\/posts"}],"about":[{"href":"https:\/\/www.europesays.com\/no\/wp-json\/wp\/v2\/types\/post"}],"author":[{"embeddable":true,"href":"https:\/\/www.europesays.com\/no\/wp-json\/wp\/v2\/users\/2"}],"replies":[{"embeddable":true,"href":"https:\/\/www.europesays.com\/no\/wp-json\/wp\/v2\/comments?post=75165"}],"version-history":[{"count":0,"href":"https:\/\/www.europesays.com\/no\/wp-json\/wp\/v2\/posts\/75165\/revisions"}],"wp:featuredmedia":[{"embeddable":true,"href":"https:\/\/www.europesays.com\/no\/wp-json\/wp\/v2\/media\/75166"}],"wp:attachment":[{"href":"https:\/\/www.europesays.com\/no\/wp-json\/wp\/v2\/media?parent=75165"}],"wp:term":[{"taxonomy":"category","embeddable":true,"href":"https:\/\/www.europesays.com\/no\/wp-json\/wp\/v2\/categories?post=75165"},{"taxonomy":"post_tag","embeddable":true,"href":"https:\/\/www.europesays.com\/no\/wp-json\/wp\/v2\/tags?post=75165"}],"curies":[{"name":"wp","href":"https:\/\/api.w.org\/{rel}","templated":true}]}}