{"id":75212,"date":"2025-10-31T20:13:10","date_gmt":"2025-10-31T20:13:10","guid":{"rendered":"https:\/\/www.europesays.com\/no\/75212\/"},"modified":"2025-10-31T20:13:10","modified_gmt":"2025-10-31T20:13:10","slug":"equinor-sa-ingen-hadde-varslet-om-kontrakter-motsies-av-motereferat","status":"publish","type":"post","link":"https:\/\/www.europesays.com\/no\/75212\/","title":{"rendered":"Equinor sa ingen hadde varslet om kontrakter \u2013 motsies av m\u00f8tereferat"},"content":{"rendered":"\n<ul class=\"_list_o9xde_3 _list_64s2r_85 _unordered_o9xde_106 text-sans-m\">\n<li class=\"_item_o9xde_30\">Jurister mener innleide, utenlandske arbeidere p\u00e5 Equinor-anlegg har ulovlige korttidskontrakter.<\/li>\n<li class=\"_item_o9xde_30\">Equinor sa de ikke kjente til dette, men m\u00f8tereferat fra Melk\u00f8ya viser at en HMS-leder ble informert i november.<\/li>\n<li class=\"_item_o9xde_30\">LO reagerer kraftig og mener Equinor skulle ha reagert.<\/li>\n<\/ul>\n<p>Vis mer <\/p>\n<p class=\"_paragraph_o9xde_4 _paragraph_xtcu6_10 layout-component text-serif-m layout-normal text-serif-m layout-padded\">Innleide, utenlandske arbeidere p\u00e5 Equinors olje- og gassanlegg har hatt ulovlige arbeidskontrakter, <a href=\"https:\/\/www.vg.no\/nyheter\/i\/zAWGo1\/vg-avsloerer-omfattende-bruk-av-korte-kontrakter-paa-equinor-anlegg-jurister-mener-de-er-ulovlige\" data-track-element-type=\"Link\" data-track-id=\"link:zAWGo1\" class=\"_link_o9xde_39\" rel=\"nofollow noopener\" target=\"_blank\">konkluderte jurister<\/a> i VGs avsl\u00f8ring s\u00f8ndag.<\/p>\n<p class=\"_paragraph_o9xde_4 _paragraph_xtcu6_10 layout-component text-serif-m layout-normal text-serif-m layout-padded\">Flere av utleiebyr\u00e5ene bestrider konklusjonen.<\/p>\n<p class=\"_paragraph_o9xde_4 _paragraph_xtcu6_10 layout-component text-serif-m layout-normal text-serif-m layout-padded\">Norges st\u00f8rste selskap har sagt at det ikke visste om kontraktene. Ingen hadde varslet dem f\u00f8r VG tok kontakt, var Equinors forklaring. <\/p>\n<p class=\"_paragraph_o9xde_4 _paragraph_xtcu6_10 layout-component text-serif-m layout-normal text-serif-m layout-padded\">\u2013 Vi er ikke kjent med henvendelser fra leverand\u00f8rer eller andre ang\u00e5ende tematikken som VG tar opp, sa talsperson Ellen Maria Skjelsb\u00e6k.<\/p>\n<p class=\"_paragraph_o9xde_4 _paragraph_xtcu6_10 layout-component text-serif-m layout-normal text-serif-m layout-padded\">Det samme opplyste Equinor til NRK f\u00f8r kontraktene <a href=\"https:\/\/tv.nrk.no\/serie\/dagsnytt-atten-tv\/sesong\/202510\/episode\/NNFA56103025\" class=\"_link_o9xde_39\" rel=\"nofollow noopener\" target=\"_blank\">ble debattert<\/a> i Dagsnytt 18 torsdag.<\/p>\n<p class=\"_paragraph_o9xde_4 _paragraph_xtcu6_10 layout-component text-serif-m layout-normal text-serif-m layout-padded\">Equinor har n\u00e5 igangsatt det de kaller en \u00abekstraordin\u00e6r gjennomgang\u00bb av kontraktene.<\/p>\n<p><img decoding=\"async\" alt=\"Bilde av Ellen Maria Skjelsb\u00e6k\" class=\"_image_ygndg_42\" height=\"23\" itemprop=\"image\" loading=\"lazy\"  src=\"https:\/\/www.europesays.com\/no\/wp-content\/uploads\/2025\/10\/1761941589_473_13624e7b-5955-41dc-bd35-2bd0dce2773d\"  width=\"40\"\/><strong class=\"_name_ygndg_51 title-serif-xs\">Ellen Maria Skjelsb\u00e6k<\/strong><\/p>\n<p class=\"_paragraph_o9xde_4 text-sans-m _description_ygndg_56\">Talsperson for Equinor<\/p>\n<p>Dette er Melk\u00f8ya<\/p>\n<p class=\"_paragraph_o9xde_4 _paragraph_xtcu6_10 _paragraph_16v91_10 layout-component text-serif-m layout-normal text-sans-m layout-padded\">Et anlegg utenfor Hammerfest hvor Equinor tar imot gass fra tre reservoarer ute p\u00e5 havbunnen.<\/p>\n<p class=\"_paragraph_o9xde_4 _paragraph_xtcu6_10 _paragraph_16v91_10 layout-component text-serif-m layout-normal text-sans-m layout-padded\">Gassen gj\u00f8res flytende p\u00e5 anlegget, f\u00f8r den fraktes videre i tankskip.<\/p>\n<p class=\"_paragraph_o9xde_4 _paragraph_xtcu6_10 _paragraph_16v91_10 layout-component text-serif-m layout-normal text-sans-m layout-padded\">Det foreg\u00e5r en enorm utbygging p\u00e5 Melk\u00f8ya, som skal kobles p\u00e5 str\u00f8mnettet. I dag drives anlegget av et gasskraftverk p\u00e5 fabrikken, som forurenser mye.<\/p>\n<p class=\"_paragraph_o9xde_4 _paragraph_xtcu6_10 _paragraph_16v91_10 layout-component text-serif-m layout-normal text-sans-m layout-padded\">Utbyggingen er politisk omstridt og har et skj\u00f8rt flertall i Stortinget.<\/p>\n<p>Vis mer<\/p>\n<p class=\"_paragraph_o9xde_4 _paragraph_xtcu6_10 layout-component text-serif-m layout-normal text-serif-m layout-padded\">VG har f\u00e5tt tilgang p\u00e5 et referat fra et m\u00f8te som fant sted p\u00e5 <a href=\"https:\/\/www.vg.no\/tag\/melkoeya?utm_source=vg-article&amp;utm_medium=auto-tagger&amp;utm_campaign=63paw3\" class=\"_link_o9xde_39\" rel=\"nofollow noopener\" target=\"_blank\">Melk\u00f8ya<\/a> i november i fjor.<\/p>\n<p class=\"_paragraph_o9xde_4 _paragraph_xtcu6_10 layout-component text-serif-m layout-normal text-serif-m layout-padded\">M\u00f8tet ble holdt etter at en rekke arbeidere <a href=\"https:\/\/www.vg.no\/nyheter\/i\/MnlkXE\/melkoeya-baade-norske-og-polske-arbeidere-forteller-om-diskriminerende-og-nedsettende-oppfoersel-mot-utenlandske-arbeidere\" data-track-element-type=\"Link\" data-track-id=\"link:MnlkXE\" class=\"_link_o9xde_39\" rel=\"nofollow noopener\" target=\"_blank\">hadde levert et omfattende varsel<\/a> om arbeidsforholdene p\u00e5 Melk\u00f8ya.<\/p>\n<p class=\"_paragraph_o9xde_4 _paragraph_xtcu6_10 layout-component text-serif-m layout-normal text-serif-m layout-padded\"><strong class=\"_strong_o9xde_25\">En av Equinors ledere for helse, milj\u00f8 og sikkerhet p\u00e5 Melk\u00f8ya-utbyggingen var til stede p\u00e5 m\u00f8tet, if\u00f8lge deltagerlisten. <\/strong><\/p>\n<p class=\"_paragraph_o9xde_4 _paragraph_xtcu6_10 layout-component text-serif-m layout-normal text-serif-m layout-padded\">I referatet st\u00e5r det at noen tok opp akkurat det advokatene tydeligst har konkludert med at er ulovlig:<\/p>\n<p class=\"_paragraph_o9xde_4 _paragraph_xtcu6_10 layout-component text-serif-m layout-normal text-serif-m layout-padded\">Flere arbeidere \u00abhar kun 1 md. ansettelseskontrakter\u00bb hos bemanningsbyr\u00e5et de er leid ut fra, st\u00e5r det i referatet.<\/p>\n<p>Dette fant VG i kontrakteneKorte kontrakter gang p\u00e5 gang<\/p>\n<p class=\"_paragraph_o9xde_4 _paragraph_xtcu6_10 _paragraph_16v91_10 layout-component text-serif-m layout-normal text-sans-m layout-padded\" itemprop=\"text\">Arbeidere som leies ut skal, som alle andre i Norge, ha\u00a0fast jobb i bunn som hovedregel.<\/p>\n<p class=\"_paragraph_o9xde_4 _paragraph_xtcu6_10 _paragraph_16v91_10 layout-component text-serif-m layout-normal text-sans-m layout-padded\" itemprop=\"text\">Men titalls kontrakter VG har f\u00e5tt tilgang til, viser at arbeidere i stedet f\u00e5r fem ukers jobbkontrakt hos bemanningsbyr\u00e5et sitt om gangen \u2013 gang p\u00e5 gang.<\/p>\n<p class=\"_paragraph_o9xde_4 _paragraph_xtcu6_10 _paragraph_16v91_10 layout-component text-serif-m layout-normal text-sans-m layout-padded\" itemprop=\"text\">Da kan bemanningsbyr\u00e5et droppe dem i det \u00f8yeblikket de er ferdig p\u00e5 en utleietur.<\/p>\n<p>Lange perioder uten l\u00f8nn<\/p>\n<p class=\"_paragraph_o9xde_4 _paragraph_xtcu6_10 _paragraph_16v91_10 layout-component text-serif-m layout-normal text-sans-m layout-padded\" itemprop=\"text\">Av og til kan det v\u00e6re lenge mellom hver gang bemanningsbyr\u00e5et har et prosjekt til deg.<\/p>\n<p class=\"_paragraph_o9xde_4 _paragraph_xtcu6_10 _paragraph_16v91_10 layout-component text-serif-m layout-normal text-sans-m layout-padded\" itemprop=\"text\">Arbeidere som har faste kontrakter, forteller at de likevel ikke f\u00e5r l\u00f8nn i disse periodene. VG har sett enkelte l\u00f8nnsslipper som bekrefter dette.<\/p>\n<p>Jobber n\u00e6r fulltid, f\u00e5r deltid<\/p>\n<p class=\"_paragraph_o9xde_4 _paragraph_xtcu6_10 _paragraph_16v91_10 layout-component text-serif-m layout-normal text-sans-m layout-padded\" itemprop=\"text\">Flere av kontraktene VG har vist advokatene, er p\u00e5 50 prosent og ogs\u00e5 helt nede p\u00e5 20 prosent.<\/p>\n<p class=\"_paragraph_o9xde_4 _paragraph_xtcu6_10 _paragraph_16v91_10 layout-component text-serif-m layout-normal text-sans-m layout-padded\" itemprop=\"text\">Men arbeiderne ender opp med \u00e5 jobbe langt mer enn dette. Det viser l\u00f8nnsslipper VG har f\u00e5tt tilgang p\u00e5.<\/p>\n<p class=\"_paragraph_o9xde_4 _paragraph_xtcu6_10 _paragraph_16v91_10 layout-component text-serif-m layout-normal text-sans-m layout-padded\" itemprop=\"text\">En arbeidsgiver har ikke lov til \u00e5 gi deg hvilken som helst stillingsbr\u00f8k. De plikter \u00e5 gi deg s\u00e5 stor stilling som de planlegger at du skal jobbe.<\/p>\n<p class=\"_paragraph_o9xde_4 _paragraph_xtcu6_10 layout-component text-serif-m layout-normal text-serif-m layout-padded\">Den aktuelle Equinor-lederen \u00f8nsker ikke \u00e5 svare p\u00e5 sp\u00f8rsm\u00e5l.<\/p>\n<p class=\"_paragraph_o9xde_4 _paragraph_xtcu6_10 layout-component text-serif-m layout-normal text-serif-m layout-padded\">VG har blant annet spurt ham:<\/p>\n<p class=\"_paragraph_o9xde_4 _paragraph_xtcu6_10 layout-component text-serif-m layout-normal text-serif-m layout-padded\">\u2013 Hvordan reagerte du som HMSHMSForkortelse for helse, milj\u00f8 og sikkerhet.-leder da du fikk vite at de innleide arbeiderne ikke hadde fast jobb i bunn?<\/p>\n<p class=\"_paragraph_o9xde_4 _paragraph_xtcu6_10 layout-component text-serif-m layout-normal text-serif-m layout-padded\">\u2013 Slo du alarm innad i Equinor?<\/p>\n<p class=\"_paragraph_o9xde_4 _paragraph_xtcu6_10 layout-component text-serif-m layout-normal text-serif-m layout-padded\">To andre m\u00f8tedeltagere bekrefter at arbeidskontraktene var et tema og at Equinor var representert p\u00e5 m\u00f8tet.<\/p>\n<p>Equinor-sjefen: \u2013 Mitt ansvar<\/p>\n<p class=\"_paragraph_o9xde_4 _paragraph_xtcu6_10 layout-component text-serif-m layout-normal text-serif-m layout-padded\">\u00d8verste sjef i Equinor, Anders Opedal, sier i et intervju med VG at han ikke har kjent til dette f\u00f8r VG viser ham m\u00f8tereferatet.<\/p>\n<p class=\"_paragraph_o9xde_4 _paragraph_xtcu6_10 layout-component text-serif-m layout-normal text-serif-m layout-padded\">\u2013 N\u00e5r vi blir kjent med slike saker, s\u00e5 forplikter vi oss til \u00e5 ta tak i det. Dette kunne ha dannet grunnlag for en ekstra unders\u00f8kelse og verifikasjon av at alle avtaler er i tr\u00e5d med regelverket.<\/p>\n<p class=\"_paragraph_o9xde_4 _paragraph_xtcu6_10 layout-component text-serif-m layout-normal text-serif-m layout-padded\">\u2013 Men det ser det ikke ut som dere har gjort i dette tilfellet?<\/p>\n<p class=\"_paragraph_o9xde_4 _paragraph_xtcu6_10 layout-component text-serif-m layout-normal text-serif-m layout-padded\">\u2013 Jeg vil ikke kommentere p\u00e5 hva en enkeltansatt har gjort eller ikke gjort, for alt som gj\u00f8res eller ikke i dette selskapet er til syvende og sist mitt ansvar. N\u00e5 har vi blitt gjort kjent med det og vi har gjort tiltak for \u00e5 se om det er ulovligheter. Hvis det er det, skal vi ta tak i det.<\/p>\n<p><img alt=\"Equinor-sjef Anders Opedal.  Foto: J\u00f8rgen Braastad \/ VG\" class=\"_image_qp4xg_65 layout-component layout-normal\" data-fullscreen- data-track-element-type=\"Article image fullscreen\" data-track-name=\"ImageFullscreen\" decoding=\"async\" loading=\"lazy\" height=\"5464\" itemprop=\"image\"  src=\"https:\/\/www.europesays.com\/no\/wp-content\/uploads\/2025\/10\/52d0fdd2-d63f-471a-90d7-01c2ca1f0df7\"  style=\"object-position:0% 0%\" width=\"8192\"\/>Equinor-sjef Anders Opedal.  Foto: J\u00f8rgen Braastad \/ VG<\/p>\n<p class=\"_paragraph_o9xde_4 _paragraph_xtcu6_10 layout-component text-serif-m layout-normal text-serif-m layout-padded\">\u2013 Dere har sagt utad at Equinor ikke har kjent til dette. Det er feil. Hvis alt som gj\u00f8res i selskapet er ditt ansvar, s\u00e5 betyr det at du har ansvaret for at dere har feilinformert offentligheten?<\/p>\n<p class=\"_paragraph_o9xde_4 _paragraph_xtcu6_10 layout-component text-serif-m layout-normal text-serif-m layout-padded\">\u2013\u00a0Jeg m\u00e5 ta ansvar for alt som foreg\u00e5r i dette selskapet. Det er konsernsjefs ansvar. B\u00e5de n\u00e5r det g\u00e5r bra, og n\u00e5r vi ikke gj\u00f8r slik som vi skal gj\u00f8re.<\/p>\n<p> LO: Skulle \u00e5penbart reagert<\/p>\n<p class=\"_paragraph_o9xde_4 _paragraph_xtcu6_10 layout-component text-serif-m layout-normal text-serif-m layout-padded\">Arbeidstakerorganisasonen LOLOLO er den st\u00f8rste og mektigste sammenslutningen av fagforeninger i Norge. LO er ikke i seg selv en fagforening, men en paraply for 23 ulike fagforeninger. LO har n\u00e6re b\u00e5nd til Arbeiderpartiet. reagerer kraftig:<\/p>\n<p class=\"_paragraph_o9xde_4 _paragraph_xtcu6_10 layout-component text-serif-m layout-normal text-serif-m layout-padded\">\u2013 Her har de jo faktisk hatt representant til stede i m\u00f8ter der dette er blitt tatt opp. Og s\u00e5 etterp\u00e5 kommer de og sier at dette er ikke vi kjent med. Da mener jeg &#8230; de pr\u00f8ver \u00e5 skyve ansvaret over p\u00e5 andre, sier LO-sekret\u00e6rLO-sekret\u00e6rLOs \u00f8verste ledelse best\u00e5r av ni personer: leder, to nestledere, f\u00f8rstesekret\u00e6r og fem sekret\u00e6rer. Frode Engen.<\/p>\n<p><img decoding=\"async\" alt=\"Bilde av Frode Engen\" class=\"_image_ygndg_42\" height=\"31\" itemprop=\"image\" loading=\"lazy\"  src=\"https:\/\/www.europesays.com\/no\/wp-content\/uploads\/2025\/10\/9e0eed45-cf8c-4cd1-9f11-e02d6aefeb29\"  width=\"40\"\/><strong class=\"_name_ygndg_51 title-serif-xs\">Frode Engen<\/strong><\/p>\n<p class=\"_paragraph_o9xde_4 text-sans-m _description_ygndg_56\">LO-sekret\u00e6r<\/p>\n<p class=\"_paragraph_o9xde_4 _paragraph_xtcu6_10 layout-component text-serif-m layout-normal text-serif-m layout-padded\">\u2013 Dette synes jeg er alvorlig. Det viser at de ikke tar p\u00e5sepliktenp\u00e5sepliktenP\u00e5seplikten betyr at selskaper som Equinor har et ansvar for \u00e5 p\u00e5se at alt g\u00e5r riktig for seg p\u00e5 deres anlegg, ogs\u00e5 hos selskapene som er hyret inn for \u00e5 jobbe der. sin p\u00e5 alvor og at de ikke er interessert i hva som foreg\u00e5r p\u00e5 deres eget anlegg. Det syns jeg er f\u00e6lt, fortsetter Engen.<\/p>\n<p class=\"_paragraph_o9xde_4 _paragraph_xtcu6_10 layout-component text-serif-m layout-normal text-serif-m layout-padded\">Han mener Equinor-lederen som satt i m\u00f8tet, raskt burde kunne konstatert at kontraktene som ble beskrevet, var ulovlige. <\/p>\n<p class=\"_paragraph_o9xde_4 _paragraph_xtcu6_10 layout-component text-serif-m layout-normal text-serif-m layout-padded\">\u2013 Der burde varsellampene kommet p\u00e5. Da m\u00e5 de faktisk sjekke opp om dette er sant. <\/p>\n<p class=\"_paragraph_o9xde_4 _paragraph_xtcu6_10 layout-component text-serif-m layout-normal text-serif-m layout-padded\">Equinor-sjef Opedal ble forelagt kritikken fra LO-sekret\u00e6r Engen etter at VG hadde intervjuet ham. Opedal \u00f8nsker ikke \u00e5 legge til noe utover det han allerede hadde sagt. <\/p>\n","protected":false},"excerpt":{"rendered":"Jurister mener innleide, utenlandske arbeidere p\u00e5 Equinor-anlegg har ulovlige korttidskontrakter. Equinor sa de ikke kjente til dette, men&hellip;\n","protected":false},"author":2,"featured_media":75213,"comment_status":"","ping_status":"","sticky":false,"template":"","format":"standard","meta":{"footnotes":""},"categories":[10],"tags":[20,21,2261,24,25,15,22,23,1486,13,30,28,29,14,16,26,27],"class_list":{"0":"post-75212","1":"post","2":"type-post","3":"status-publish","4":"format-standard","5":"has-post-thumbnail","7":"category-norge","8":"tag-breaking-news","9":"tag-breakingnews","10":"tag-equinor","11":"tag-featured-news","12":"tag-featurednews","13":"tag-headlines","14":"tag-latest-news","15":"tag-latestnews","16":"tag-melkoya","17":"tag-news","18":"tag-no","19":"tag-norge","20":"tag-norway","21":"tag-nyheter","22":"tag-overskrifter","23":"tag-top-stories","24":"tag-topstories"},"share_on_mastodon":{"url":"https:\/\/pubeurope.com\/@no\/115470611892693507","error":""},"_links":{"self":[{"href":"https:\/\/www.europesays.com\/no\/wp-json\/wp\/v2\/posts\/75212","targetHints":{"allow":["GET"]}}],"collection":[{"href":"https:\/\/www.europesays.com\/no\/wp-json\/wp\/v2\/posts"}],"about":[{"href":"https:\/\/www.europesays.com\/no\/wp-json\/wp\/v2\/types\/post"}],"author":[{"embeddable":true,"href":"https:\/\/www.europesays.com\/no\/wp-json\/wp\/v2\/users\/2"}],"replies":[{"embeddable":true,"href":"https:\/\/www.europesays.com\/no\/wp-json\/wp\/v2\/comments?post=75212"}],"version-history":[{"count":0,"href":"https:\/\/www.europesays.com\/no\/wp-json\/wp\/v2\/posts\/75212\/revisions"}],"wp:featuredmedia":[{"embeddable":true,"href":"https:\/\/www.europesays.com\/no\/wp-json\/wp\/v2\/media\/75213"}],"wp:attachment":[{"href":"https:\/\/www.europesays.com\/no\/wp-json\/wp\/v2\/media?parent=75212"}],"wp:term":[{"taxonomy":"category","embeddable":true,"href":"https:\/\/www.europesays.com\/no\/wp-json\/wp\/v2\/categories?post=75212"},{"taxonomy":"post_tag","embeddable":true,"href":"https:\/\/www.europesays.com\/no\/wp-json\/wp\/v2\/tags?post=75212"}],"curies":[{"name":"wp","href":"https:\/\/api.w.org\/{rel}","templated":true}]}}