{"id":75354,"date":"2025-11-01T00:09:11","date_gmt":"2025-11-01T00:09:11","guid":{"rendered":"https:\/\/www.europesays.com\/no\/75354\/"},"modified":"2025-11-01T00:09:11","modified_gmt":"2025-11-01T00:09:11","slug":"egenberedskap-egenberedskapsuka-2025-alexandra-28-er-beredskapsradgiver-egenberedskap-er-viktig","status":"publish","type":"post","link":"https:\/\/www.europesays.com\/no\/75354\/","title":{"rendered":"Egenberedskap, Egenberedskapsuka 2025 | Alexandra (28) er beredskapsr\u00e5dgiver: \u2013 Egenberedskap er viktig"},"content":{"rendered":"\n<p>Som 16-\u00e5ring startet Alexandra Gresholdt (28) \u00e5 jobbe frivillig i R\u00f8de Kors. Her fikk hun mye erfaring med beredskap, og syntes det var et spennende tema.<\/p>\n<p>Mens hun jobbet der fikk hun v\u00e6re med p\u00e5 et seminar, hvor temaet var om nettopp beredskap.<\/p>\n<p>\u2013 Jeg tenkte da at dette har jeg lyst til \u00e5 jobbe med, forteller hun.<\/p>\n<p>N\u00e5 jobber hun som beredskapsr\u00e5dgiver for Halden kommune.<\/p>\n<p>Ny utdanning<\/p>\n<p>Etter flere \u00e5r som sykepleier s\u00f8kte 28-\u00e5ringen fra Sarpsborg seg inn p\u00e5 bachelorstudiummet internasjonal beredskap. Like f\u00f8r endt grad dukket det opp en stillingsannonse hos Halden kommune.<\/p>\n<p>Kommunen trengte nemlig ny beredskapsr\u00e5dgiver.<\/p>\n<p>\u2013 Jeg hadde ikke tenkt at jeg skulle f\u00e5 en slik stilling s\u00e5 fort, forteller Alexandra Gresholdt.<\/p>\n<p>   <img decoding=\"async\" width=\"5712\" height=\"4284\" fetchpriority=\"low\"  loading=\"lazy\"  src=\"https:\/\/www.europesays.com\/no\/wp-content\/uploads\/2025\/11\/IMG_0858+2.HEIC\" alt=\"\" class=\"brick-c-cFOWSL\" style=\"--brick-image-ratio: 5712 \/ 4284;\"\/><\/p>\n<p>      Alexandra Gresholdt (28) er beredskapsr\u00e5dgiver i Halden kommune.<br \/>\n      Foto: Nora Pedersen Fosdahl\n    <\/p>\n<p>Fra 1. august gikk hun inn i stillingen, og har med dette det overordnede ansvaret for kommunens beredskapsplanlegging og kriseh\u00e5ndtering.<\/p>\n<p>\u2013 Jeg synes jo dette er fryktelig spennende, sier 28-\u00e5ringen.<\/p>\n<p>Hun opplever Halden som en kommune hvor mange bryr seg om beredskap, i tillegg til at det er en by med mange elementer som gj\u00f8r<\/p>\n<p>Egenberedskapsuka<\/p>\n<p>Denne uken er Egenberedskapsuka, som er en \u00e5rlig nasjonal kampanjeuke arrangert av Direktoratet for samfunnssikkerhet og beredskap (DSB).<\/p>\n<p>Form\u00e5let er \u00e5 \u00f8ke befolkningens kunnskap og bevissthet om hvordan man kan klare seg selv i kriser og uforutsette hendelser.<\/p>\n<p>   <img decoding=\"async\" width=\"5712\" height=\"4284\" fetchpriority=\"low\"  loading=\"lazy\"  src=\"https:\/\/www.europesays.com\/no\/wp-content\/uploads\/2025\/11\/IMG_0853+2.HEIC\" alt=\"\" class=\"brick-c-cFOWSL\" style=\"--brick-image-ratio: 5712 \/ 4284;\"\/><\/p>\n<p>      Dette er lurt \u00e5 ha i egenberedskap.<br \/>\n      Foto: Nora Pedersen Fosdahl\n    <\/p>\n<p>\u2013 Egenberedskap er viktig, fordi n\u00e5r en krise skjer kan myndighetene og n\u00f8detatene prioritere de som er mest s\u00e5rbare. Det er ogs\u00e5 en trygghet for deg og de rundt deg, forteller Alexandra Gresholdt.<\/p>\n<p>Hun forteller at mange allerede har utstyr til egenberedskap hjemme, og at det ikke er behov for \u00e5 fylle opp alt med en gang. Det lureste er \u00e5 starte med de viktigste tingene, som vann og varme.<\/p>\n<p>\u2013 Vi skj\u00f8nner at det er dyrt og kostbart \u00e5 ha alt dette utstyret, men noe er bedre enn ingenting, sier hun.<\/p>\n<p>Egenberedskap<\/p>\n<p>P\u00e5 DSB finnes det en sjekkliste for egenberedskap, her st\u00e5r det tips til hva hver enkelt burde ha p\u00e5 lager.<\/p>\n<p>\u2013 Vann er kanskje det viktigste man trenger, sier 28-\u00e5ringen. <\/p>\n<p>   <img decoding=\"async\" width=\"4284\" height=\"5712\" fetchpriority=\"low\"  loading=\"lazy\"  src=\"https:\/\/www.europesays.com\/no\/wp-content\/uploads\/2025\/11\/IMG_0863+2.HEIC\" alt=\"\" class=\"brick-c-cFOWSL\" style=\"--brick-image-ratio: 4284 \/ 5712;\"\/><\/p>\n<p>      Det er viktig med mat som kan oppbevares i romtemperatur.<br \/>\n      Foto: Nora Pedersen Fosdahl\n    <\/p>\n<p>Dersom du har egne vanndunker hjemme kan disse fylles opp. Det er da viktig \u00e5 vaske disse n\u00f8ye, f\u00f8r man fyller den med kaldt vann. Falskene b\u00f8r deretter st\u00e5 p\u00e5 et m\u00f8rkt og kaldt sted.<\/p>\n<p>Deretter er det viktig med mat som kan oppbevares i romtemperatur. Eksempler p\u00e5 det er knekkebr\u00f8d, havregryn og mat og p\u00e5legg p\u00e5 hermetikk.<\/p>\n<p>\u2013 Litt n\u00f8tter, kjeks og frukt er ogs\u00e5 greit \u00e5 ha, forsetter hun.<\/p>\n<p>Hvis str\u00f8mmen g\u00e5r er det viktig \u00e5 holde varmen. Alexandra Gresholdt forteller at det derfor er lurt med pledd, stearinlys (ogs\u00e5 til opplysning) og ved dersom du har vedovn. Lommelykt er ogs\u00e5 lurt dersom lyset g\u00e5r.<\/p>\n<p>For alternativ matlaging er det lurt med gass, som enten kan brukes til grill eller stormkj\u00f8kken.<\/p>\n<p>\u2013 Det er ogs\u00e5 viktig med fyrstikker, batteri og radio som g\u00e5r p\u00e5 batteri, sveiv eller solceller.<\/p>\n<p>    Vil du se neste video?<\/p>\n<p>    <a href=\"https:\/\/www.ha-halden.no\/golfturnering-pa-halden-golfklubb\/v\/5-20-1769320\" class=\"recommend-poster\" data-adp-clicklabel=\"video-recommend\" data-adp-clickvalue=\"poster\" rel=\"nofollow noopener\" target=\"_blank\"><br \/>\n      <img decoding=\"async\" width=\"200\" height=\"200\" loading=\"lazy\" src=\"https:\/\/www.europesays.com\/no\/wp-content\/uploads\/2025\/11\/v-i-6a1f82dc-37cf-461b-8701-fc2157c5f2c5-1.jpg\" alt=\"\" class=\"brick-c-cFOWSL\" style=\"--brick-image-ratio: 200 \/ 200;\"\/><\/p>\n<p>Golfturnering p\u00e5 Halden Golfklubb2:23<\/p>\n<p>    <\/a><\/p>\n<p>Sanitetsprodukter er ogs\u00e5 vesentlig. Tamponger og bind, bleier dersom du har barn, v\u00e5tservietter og antibac. I tillegg er det lurt med f\u00f8rstehjelpsutstyr.<\/p>\n<p>\u2013 NRK P1, det er en nasjonal beredskapskanal. S\u00e5 der kommer det viktig informasjon, sier beredskapsr\u00e5dgiveren.<\/p>\n<p>Videre forteller Gresholdt at det er lurt med kontanter dersom bankterminalene er nede, i tillegg til powerbank for \u00e5 kunne lade opp forskjellig utstyr hjemme.<\/p>\n<p>Stand p\u00e5 Tista senter<\/p>\n<p>Til l\u00f8rdag vil det v\u00e6re stand p\u00e5 Tista senter. Her kan haldenserne komme innom for r\u00e5d og tips til egenberedskap. I tillegg skal de vise tips hvordan man selv kan bygge et eget beredskapslager.<\/p>\n<p>\u2013 Vi anbefaler at man skal kunne greie seg en uke p\u00e5 det lageret man har. Det er derfor opp til husstanden hvor mye man trenger, sier Alexandra Gresholdt.<\/p>\n<p>Brannbamsen Bj\u00f8rnis vil ogs\u00e5 komme p\u00e5 bes\u00f8k denne l\u00f8rdagen.<\/p>\n","protected":false},"excerpt":{"rendered":"Som 16-\u00e5ring startet Alexandra Gresholdt (28) \u00e5 jobbe frivillig i R\u00f8de Kors. Her fikk hun mye erfaring med&hellip;\n","protected":false},"author":2,"featured_media":75355,"comment_status":"","ping_status":"","sticky":false,"template":"","format":"standard","meta":{"footnotes":""},"categories":[10],"tags":[36,20,21,9855,10442,24,25,10443,15,22,23,13,30,28,29,14,16,1510,26,27],"class_list":{"0":"post-75354","1":"post","2":"type-post","3":"status-publish","4":"format-standard","5":"has-post-thumbnail","7":"category-norge","8":"tag-art","9":"tag-breaking-news","10":"tag-breakingnews","11":"tag-egenberedskap","12":"tag-egenberedskapsuka-2025","13":"tag-featured-news","14":"tag-featurednews","15":"tag-halden-kommune","16":"tag-headlines","17":"tag-latest-news","18":"tag-latestnews","19":"tag-news","20":"tag-no","21":"tag-norge","22":"tag-norway","23":"tag-nyheter","24":"tag-overskrifter","25":"tag-story","26":"tag-top-stories","27":"tag-topstories"},"share_on_mastodon":{"url":"https:\/\/pubeurope.com\/@no\/115471539476335536","error":""},"_links":{"self":[{"href":"https:\/\/www.europesays.com\/no\/wp-json\/wp\/v2\/posts\/75354","targetHints":{"allow":["GET"]}}],"collection":[{"href":"https:\/\/www.europesays.com\/no\/wp-json\/wp\/v2\/posts"}],"about":[{"href":"https:\/\/www.europesays.com\/no\/wp-json\/wp\/v2\/types\/post"}],"author":[{"embeddable":true,"href":"https:\/\/www.europesays.com\/no\/wp-json\/wp\/v2\/users\/2"}],"replies":[{"embeddable":true,"href":"https:\/\/www.europesays.com\/no\/wp-json\/wp\/v2\/comments?post=75354"}],"version-history":[{"count":0,"href":"https:\/\/www.europesays.com\/no\/wp-json\/wp\/v2\/posts\/75354\/revisions"}],"wp:featuredmedia":[{"embeddable":true,"href":"https:\/\/www.europesays.com\/no\/wp-json\/wp\/v2\/media\/75355"}],"wp:attachment":[{"href":"https:\/\/www.europesays.com\/no\/wp-json\/wp\/v2\/media?parent=75354"}],"wp:term":[{"taxonomy":"category","embeddable":true,"href":"https:\/\/www.europesays.com\/no\/wp-json\/wp\/v2\/categories?post=75354"},{"taxonomy":"post_tag","embeddable":true,"href":"https:\/\/www.europesays.com\/no\/wp-json\/wp\/v2\/tags?post=75354"}],"curies":[{"name":"wp","href":"https:\/\/api.w.org\/{rel}","templated":true}]}}