{"id":75410,"date":"2025-11-01T05:16:10","date_gmt":"2025-11-01T05:16:10","guid":{"rendered":"https:\/\/www.europesays.com\/no\/75410\/"},"modified":"2025-11-01T05:16:10","modified_gmt":"2025-11-01T05:16:10","slug":"andrew-fjernes-ikke-fra-arverekken-til-tronen","status":"publish","type":"post","link":"https:\/\/www.europesays.com\/no\/75410\/","title":{"rendered":"Andrew fjernes ikke fra arverekken til tronen"},"content":{"rendered":"\n<p class=\"_lead_o9xde_2 _lead_xtcu6_50 layout-component text-serif-m layout-normal text-serif-l layout-component layout-wide layout-padded _wide_17hqh_1 layout-padded\">Det er ingen planer om \u00e5 fjerne Andrew Mountbatten Windsor fra arverekken til tronen. <\/p>\n<p><img alt=\"DEN GANG DA: Bildet er tatt i mai 2023 i forbindelse med kroningen av kong Charles og dronning Camilla i Westminster Abbey. Foto: Toby Melville \/ Pa Photos\" class=\"_image_qp4xg_65 layout-component layout-wide\" data-fullscreen- data-track-element-type=\"Article image fullscreen\" data-track-name=\"ImageFullscreen\" fetchpriority=\"high\" decoding=\"sync\" loading=\"eager\" height=\"3394\" itemprop=\"image\"  src=\"https:\/\/www.europesays.com\/no\/wp-content\/uploads\/2025\/11\/5b15de74-28dc-4117-bd53-97ea48167638\"  style=\"object-position:0% 0%\" width=\"5225\"\/>DEN GANG DA: Bildet er tatt i mai 2023 i forbindelse med kroningen av kong Charles og dronning Camilla i Westminster Abbey. Foto: Toby Melville \/ Pa Photos<\/p>\n<ul aria-hidden=\"true\" class=\"_images_18f0k_111\">\n<li><a class=\"_link_18f0k_116\" href=\"https:\/\/www.vg.no\/forfatter\/stella-bugge\" style=\"z-index:2\" title=\"Stella Bugge\" rel=\"nofollow noopener\" target=\"_blank\"><img alt=\"Bilde av Stella Bugge\" class=\"_image_18f0k_93\" fetchpriority=\"low\" loading=\"lazy\" decoding=\"async\" itemprop=\"image\"  src=\"https:\/\/www.europesays.com\/no\/wp-content\/uploads\/2025\/11\/c673ac82-f3e7-47d3-aa1d-79bb6eca457a\"  width=\"480\"\/><\/a><\/li>\n<li><a class=\"_link_18f0k_116\" href=\"https:\/\/www.vg.no\/forfatter\/kari-aarstad-aase\" style=\"z-index:1\" title=\"Kari Aarstad Aase\" rel=\"nofollow noopener\" target=\"_blank\"><img alt=\"Bilde av Kari Aarstad Aase\" class=\"_image_18f0k_93\" fetchpriority=\"low\" loading=\"lazy\" decoding=\"async\" itemprop=\"image\"  src=\"https:\/\/www.europesays.com\/no\/wp-content\/uploads\/2025\/11\/1761974169_805_0dbde33e-6d8e-4680-8e4f-e2a64281e2b8\"  width=\"480\"\/><\/a><\/li>\n<\/ul>\n<p> Oppdatert l\u00f8rdag 1. november kl. 04:01     <\/p>\n<p class=\"_paragraph_o9xde_4 _paragraph_xtcu6_10 layout-component text-serif-m layout-normal text-serif-m layout-padded\">Det melder <a href=\"https:\/\/www.bbc.com\/news\/live\/cnveqgj957dt?post=asset%3A1500ffd8-d9b0-473b-b797-a059fbded1bb\" class=\"_link_o9xde_39\" rel=\"nofollow noopener\" target=\"_blank\">BBC <\/a>som viser til regjeringen. En slik endring ville kreve en lovendring og en talsperson for regjeringen sier til BBC at dette ikke er aktuelt.<\/p>\n<p class=\"_paragraph_o9xde_4 _paragraph_xtcu6_10 layout-component text-serif-m layout-normal text-serif-m layout-padded\">\u00c5 vedta en lov for \u00e5 endre arverekkef\u00f8lgen ville v\u00e6re komplisert, da det ville kreve samtykke fra de 14 Commonwealth-landene, inkludert Australia og Canada, <a href=\"https:\/\/www.bbc.com\/news\/live\/cnveqgj957dt?post=asset%3A1500ffd8-d9b0-473b-b797-a059fbded1bb\" class=\"_link_o9xde_39\" rel=\"nofollow noopener\" target=\"_blank\">skriver den britiske kringkasteren.<\/a><\/p>\n<p class=\"_paragraph_o9xde_4 _paragraph_xtcu6_10 layout-component text-serif-m layout-normal text-serif-m layout-padded\">Craig Prescott, konstitusjonell ekspert ved Royal Holloway University, sier at \u00abdet kanskje ikke er en d\u00f8r kongehuset \u00f8nsker \u00e5 \u00e5pne\u00bb, da det kan n\u00f8re opp under republikanske holdninger i noen av disse landene.<\/p>\n<p>Nummer \u00e5tte<\/p>\n<p class=\"_paragraph_o9xde_4 _paragraph_xtcu6_10 layout-component text-serif-m layout-normal text-serif-m layout-padded\">Dermed vil Kong Charles\u00b4 yngre bror fortsatt v\u00e6re nummer 8 i rekken til den britiske tronen, selv om han n\u00e5 <a href=\"https:\/\/www.vg.no\/rampelys\/i\/3Mlned\/en-ydmykelse-for-historieboekene\" data-track-element-type=\"Link\" data-track-id=\"link:3Mlned\" class=\"_link_o9xde_39\" rel=\"nofollow noopener\" target=\"_blank\">mister prinsetittelen<\/a> etter \u00e5revis med skandaler. <\/p>\n<p class=\"_paragraph_o9xde_4 _paragraph_xtcu6_10 layout-component text-serif-m layout-normal text-serif-m layout-padded\">Kong Charles <a href=\"https:\/\/www.vg.no\/nyheter\/i\/QMneOA\/bbc-prins-andrew-mister-prinsetittelen-sin\" data-track-element-type=\"Link\" data-track-id=\"link:QMneOA\" class=\"_link_o9xde_39\" rel=\"nofollow noopener\" target=\"_blank\">har fratatt sin bror Andrew alle kongelige titler<\/a>\u00a0og sparket ham ut av Royal Lodge i Windsor. N\u00e5 skal han kun v\u00e6re kjent som Andrew Mountbatten Windsor.<\/p>\n<p class=\"_paragraph_o9xde_4 _paragraph_xtcu6_10 layout-component text-serif-m layout-normal text-serif-m layout-padded\"><a href=\"https:\/\/www.vg.no\/tag\/prins-andrew?utm_source=vg-article&amp;utm_medium=auto-tagger&amp;utm_campaign=vgvMBL\" class=\"_link_o9xde_39\" rel=\"nofollow noopener\" target=\"_blank\">Prins Andrew<\/a> skal flytte til den private delen av Sandringham i Norfolk som ligger ca. 225 km nord\u00f8st for der hvor han bor i dag. Dermed holdes han langt unna kongen og dronningen, som bor i London, samt prinsen og prinsessen av Wales. Den kongelige biografen Robert Hardman beskriver flyttingen som det n\u00e6rmeste du kommer et kongelig Sibir.<\/p>\n<p><img alt=\"Foto: Toby Melville \/ Reuters \/ NTB\" class=\"_image_qp4xg_65 layout-component layout-normal\" data-fullscreen- data-track-element-type=\"Article image fullscreen\" data-track-name=\"ImageFullscreen\" decoding=\"async\" loading=\"lazy\" height=\"3264\" itemprop=\"image\"  src=\"https:\/\/www.europesays.com\/no\/wp-content\/uploads\/2025\/11\/baab804b-b129-40fb-afea-0add824e4d59\"  style=\"object-position:0% 0%\" width=\"4896\"\/>Foto: Toby Melville \/ Reuters \/ NTBF\u00e5r penger av kongen<\/p>\n<p class=\"_paragraph_o9xde_4 _paragraph_xtcu6_10 layout-component text-serif-m layout-normal text-serif-m layout-padded\">Samtidig er Prins Andrew i ferd med \u00e5 motta en stor engangsutbetaling og \u00e5rlig st\u00f8tte fra kong Charles etter at han mistet alle sine kongelige titler torsdag, melder\u00a0The Guardian.<\/p>\n<p class=\"_paragraph_o9xde_4 _paragraph_xtcu6_10 layout-component text-serif-m layout-normal text-serif-m layout-padded\">If\u00f8lge kilder skal Andrew f\u00e5 et sekssifret bel\u00f8p for \u00e5 dekke flyttingen fra Royal Lodge i Windsor til privat bolig i Sandringham. Deretter f\u00f8lger en \u00e5rlig utbetaling fra kongens private midler, som skal v\u00e6re flere ganger st\u00f8rre enn Andrews marinepensjonen p\u00e5 20.000 pund i \u00e5ret.<\/p>\n<p><img alt=\"Royal Lodge  Foto: TOLGA AKMEN \/ EPA \/ NTB\" class=\"_image_qp4xg_65 layout-component layout-normal\" data-fullscreen- data-track-element-type=\"Article image fullscreen\" data-track-name=\"ImageFullscreen\" decoding=\"async\" loading=\"lazy\" height=\"3278\" itemprop=\"image\"  src=\"https:\/\/www.europesays.com\/no\/wp-content\/uploads\/2025\/11\/ef7a4b90-1d46-454c-a101-c7b0ba3cbc7b\"  style=\"object-position:0% 0%\" width=\"4915\"\/>Royal Lodge  Foto: TOLGA AKMEN \/ EPA \/ NTB<\/p>\n<p class=\"_paragraph_o9xde_4 _paragraph_xtcu6_10 layout-component text-serif-m layout-normal text-serif-m layout-padded\">Statsminister Keir Starmer st\u00f8tter fullt ut kongens beslutning. En talsperson sa at \u00abv\u00e5re hjerter g\u00e5r ut til Virginia Giuffres familie og alle ofrene som led under Jeffrey Epsteins avskyelige forbrytelser\u00bb.<\/p>\n<p class=\"_paragraph_o9xde_4 _paragraph_xtcu6_10 layout-component text-serif-m layout-normal text-serif-m layout-padded\">Virginia Giuffres bror, Sky Roberts, sa til The Guardian at palassets uttalelse var en kongelig \u00aberkjennelse av at noe skjedde\u00bb mellom den van\u00e6rede hertugen og s\u00f8steren hans, som tok sitt eget liv i \u00e5r.<\/p>\n<p class=\"_paragraph_o9xde_4 _paragraph_xtcu6_10 layout-component text-serif-m layout-normal text-serif-m layout-padded\">Andrew nekter fortsatt for alle anklager mot ham, men Scotland Yard vurderer \u00e5 starte nye kriminelle etterforskning av hans p\u00e5st\u00e5tte aktiviteter.<\/p>\n<p class=\"_paragraph_o9xde_4 _paragraph_xtcu6_10 layout-component text-serif-m layout-normal text-serif-m layout-padded\">Den tidligere prinsen forventes ikke \u00e5 forlate Royal Lodge f\u00f8r etter jul.<\/p>\n<p> Kunne nesten blitt naboer<\/p>\n<p class=\"_paragraph_o9xde_4 _paragraph_xtcu6_10 layout-component text-serif-m layout-normal text-serif-m layout-padded\">N\u00e5r Andrew pakker koffertene, l\u00f8ser han ogs\u00e5 et annet problem, if\u00f8lge BBC. Prins William og prinsesse Kate skal nemlig <a href=\"https:\/\/www.bbc.com\/news\/articles\/cpwyk1v0p8yo\" class=\"_link_o9xde_39\" rel=\"nofollow noopener\" target=\"_blank\">flytte til Forest Lodge<\/a> i Windsor. Den \u00e6rverdige boligen med \u00e5tte soverom ligger nemlig bare 2,15 km i luftlinje fra Royal Lodge hvor Andrew holder hus i dag.<\/p>\n<p class=\"_paragraph_o9xde_4 _paragraph_xtcu6_10 layout-component text-serif-m layout-normal text-serif-m layout-padded\">Det var torsdag at kong Charles III kunngjorde at han har startet en formell prosess for \u00e5 fjerne Andrew Mountbatten-Windsors titler og \u00e6resbevisninger. Hertugtittelen er det parlamentet som m\u00e5 frata ham, samt titlene som jarl og baron.<\/p>\n<p class=\"_paragraph_o9xde_4 _paragraph_xtcu6_10 layout-component text-serif-m layout-normal text-serif-m layout-padded\">Det skjer etter \u00e5revis med skandaler knyttet til Andrews vennskap med den d\u00f8mte sexforbryteren\u00a0<a href=\"https:\/\/www.vg.no\/tag\/jeffrey-epstein?utm_source=vg-article&amp;utm_medium=auto-tagger&amp;utm_campaign=3Mlned\" class=\"_link_o9xde_39\" rel=\"nofollow noopener\" target=\"_blank\">Jeffrey Epstein<\/a>. Virginia Giuffre anklaget Andrew for \u00e5 ha forgrepet seg p\u00e5 henne da hun var 17 \u00e5r gammel.<\/p>\n<p class=\"_paragraph_o9xde_4 _paragraph_xtcu6_10 layout-component text-serif-m layout-normal text-serif-m layout-padded\">Saken har f\u00e5tt fornyet oppmerksomhet etter at<a href=\"https:\/\/www.vg.no\/nyheter\/i\/93jvKw\/avdoede-virginia-giuffre-skrev-om-sex-med-prins-andrew-i-selvbiografien\" data-track-element-type=\"Link\" data-track-id=\"link:93jvKw\" class=\"_link_o9xde_39\" rel=\"nofollow noopener\" target=\"_blank\">\u00a0selvbiografien til avd\u00f8de Virginia Giuffre\u00a0<\/a>kom ut tidligere denne m\u00e5neden. Giuffre var en av de mest profilerte anklagerne mot<a href=\"https:\/\/www.vg.no\/tag\/jeffrey-epstein?utm_source=vg-article&amp;utm_medium=auto-tagger&amp;utm_campaign=93jvKw\" class=\"_link_o9xde_39\" rel=\"nofollow noopener\" target=\"_blank\">\u00a0Epstein<\/a>.<\/p>\n<p class=\"_paragraph_o9xde_4 _paragraph_xtcu6_10 layout-component text-serif-m layout-normal text-serif-m layout-padded\">I memoarene hevder Giuffre at hun hadde sex med Andrew ved tre separate anledninger, inkludert \u00e9n gang med Epstein og omtrent \u00e5tte andre unge kvinner til stede, if\u00f8lge BBC, som har lest boken.<\/p>\n<p class=\"_paragraph_o9xde_4 _paragraph_xtcu6_10 layout-component text-serif-m layout-normal text-serif-m layout-padded\">Andrew, som inngikk et<a href=\"https:\/\/www.vg.no\/rampelys\/i\/dn0OPj\/prins-andrew-og-virginia-giuffre-har-inngaatt-forlik\" data-track-element-type=\"Link\" data-track-id=\"link:dn0OPj\" class=\"_link_o9xde_39\" rel=\"nofollow noopener\" target=\"_blank\">\u00a0\u00f8konomisk forlik\u00a0<\/a>med Giuffre i 2022, har alltid benektet anklagene.<\/p>\n","protected":false},"excerpt":{"rendered":"Det er ingen planer om \u00e5 fjerne Andrew Mountbatten Windsor fra arverekken til tronen. DEN GANG DA: Bildet&hellip;\n","protected":false},"author":2,"featured_media":75411,"comment_status":"","ping_status":"","sticky":false,"template":"","format":"standard","meta":{"footnotes":""},"categories":[5],"tags":[20,21,24,25,15,19,1649,10454,3994,22,23,17,18,13,30,28,29,14,16,4840,4636,865,26,27],"class_list":{"0":"post-75410","1":"post","2":"type-post","3":"status-publish","4":"format-standard","5":"has-post-thumbnail","7":"category-overskrifter","8":"tag-breaking-news","9":"tag-breakingnews","10":"tag-featured-news","11":"tag-featurednews","12":"tag-headlines","13":"tag-hovedoppslag","14":"tag-jeffrey-epstein","15":"tag-kate","16":"tag-kong-charles","17":"tag-latest-news","18":"tag-latestnews","19":"tag-main-news","20":"tag-mainnews","21":"tag-news","22":"tag-no","23":"tag-norge","24":"tag-norway","25":"tag-nyheter","26":"tag-overskrifter","27":"tag-prins-andrew","28":"tag-prins-william","29":"tag-storbritannia","30":"tag-top-stories","31":"tag-topstories"},"share_on_mastodon":{"url":"https:\/\/pubeurope.com\/@no\/115472746772389523","error":""},"_links":{"self":[{"href":"https:\/\/www.europesays.com\/no\/wp-json\/wp\/v2\/posts\/75410","targetHints":{"allow":["GET"]}}],"collection":[{"href":"https:\/\/www.europesays.com\/no\/wp-json\/wp\/v2\/posts"}],"about":[{"href":"https:\/\/www.europesays.com\/no\/wp-json\/wp\/v2\/types\/post"}],"author":[{"embeddable":true,"href":"https:\/\/www.europesays.com\/no\/wp-json\/wp\/v2\/users\/2"}],"replies":[{"embeddable":true,"href":"https:\/\/www.europesays.com\/no\/wp-json\/wp\/v2\/comments?post=75410"}],"version-history":[{"count":0,"href":"https:\/\/www.europesays.com\/no\/wp-json\/wp\/v2\/posts\/75410\/revisions"}],"wp:featuredmedia":[{"embeddable":true,"href":"https:\/\/www.europesays.com\/no\/wp-json\/wp\/v2\/media\/75411"}],"wp:attachment":[{"href":"https:\/\/www.europesays.com\/no\/wp-json\/wp\/v2\/media?parent=75410"}],"wp:term":[{"taxonomy":"category","embeddable":true,"href":"https:\/\/www.europesays.com\/no\/wp-json\/wp\/v2\/categories?post=75410"},{"taxonomy":"post_tag","embeddable":true,"href":"https:\/\/www.europesays.com\/no\/wp-json\/wp\/v2\/tags?post=75410"}],"curies":[{"name":"wp","href":"https:\/\/api.w.org\/{rel}","templated":true}]}}