{"id":75416,"date":"2025-11-01T05:52:17","date_gmt":"2025-11-01T05:52:17","guid":{"rendered":"https:\/\/www.europesays.com\/no\/75416\/"},"modified":"2025-11-01T05:52:17","modified_gmt":"2025-11-01T05:52:17","slug":"halloween-naeringsliv-ma-bruke-natta-pa-a-fylle-opp-butikken-i-gar-var-det-fullstendig-kaos","status":"publish","type":"post","link":"https:\/\/www.europesays.com\/no\/75416\/","title":{"rendered":"Halloween, N\u00e6ringsliv | M\u00e5 bruke natta p\u00e5 \u00e5 fylle opp butikken: \u2013 I g\u00e5r var det fullstendig kaos"},"content":{"rendered":"\n<p>\u2013 I dag forventa jeg det, sier Wenche Johansen, som er eier av Arti L\u00e6ll, om den lange k\u00f8en i butikken.<\/p>\n<p>Hun har nemlig l\u00e6rt av erfaring.<\/p>\n<p>\u2013 I g\u00e5r var det fullstendig kaos, og om en time blir det nok igjen fullstendig kaos, sier hun til Nidaros i litt f\u00f8r klokka 14 fredag.<\/p>\n<p>\u2013 Jeg var mer forundra over g\u00e5rsdagen. Det var en \u00aball time high\u00bb.<\/p>\n<p>Hun har enn\u00e5 ikke oversikt over hvor mye de har omsatt for, eller hvor mange som var innom. Natta har nemlig blitt brukt p\u00e5 \u00e5 fylle opp og rydde i butikken etter kjempeinnrykket torsdag. F\u00f8rst p\u00e5 s\u00f8ndag f\u00e5r de svar p\u00e5 om det blir rekordomsetning i butikken.<\/p>\n<p>\u2013 For oss i denne bransjen er dette julaften, sier hun.<\/p>\n<p>   <img decoding=\"async\" width=\"6016\" height=\"4016\" fetchpriority=\"low\"  loading=\"lazy\"  src=\"https:\/\/www.europesays.com\/no\/wp-content\/uploads\/2025\/11\/photo_3.jpg\" alt=\"\" class=\"brick-c-cFOWSL\" style=\"--brick-image-ratio: 6016 \/ 4016;\"\/><\/p>\n<p>  Dette er mest popul\u00e6rt i \u00e5r<\/p>\n<p>De har v\u00e6rt n\u00f8dt til \u00e5 kalle inn ekstra hjelp for den travle tida.<\/p>\n<p>\u2013 Akkurat i dag er vi ikke s\u00e5 fryktelig mange p\u00e5 jobb \u2013 men vi er veldig effektive! Det blir lange dager, men ikke alle kan jobbe like mye. Det er jo en del skoleelever som jobber her. Men de som kan jobbe, de jobber og noen jobber veldig lange dager.<\/p>\n<p>   <img decoding=\"async\" width=\"6016\" height=\"4016\" fetchpriority=\"low\"  loading=\"lazy\"  src=\"https:\/\/www.europesays.com\/no\/wp-content\/uploads\/2025\/11\/photo.jpg\" alt=\"\" class=\"brick-c-cFOWSL\" style=\"--brick-image-ratio: 6016 \/ 4016;\"\/><\/p>\n<p>      Det er mange skumle \u00e5 se inne i Halloween-butikken i \u00e5r.<br \/>\n      Foto: Ida Sofie Skinlo S\u00e6ter\n    <\/p>\n<p>Hun sier at folk som er innom butikken virker veldig forn\u00f8yd.<\/p>\n<p>\u2013 Det er veldig artig. Det er bare trivelige folk. De er kreative, og det er utrolig hvor mye de finner p\u00e5!<\/p>\n<p>Hun viser fram det som er det mest popul\u00e6re kostymet i \u00e5r:<\/p>\n<p>\u2013 Korsett! Det selger vi mye av. Kostymer med korsett, som engel, djevel, It-kostyme og alv. Da har de gr\u00f8nne korsett.<\/p>\n<p>Hun sier at det ogs\u00e5 at det g\u00e5r mye av Super Mario, fangedrakt, Baywatch og Top Gun.<\/p>\n<p>\u2013 Mange er kjempekreative og lager kostymene selv. De skal ha masse st\u00e6sj.<\/p>\n<p>Michael Jackson, en pimp og en baby<\/p>\n<p>Shana \u00d8stby (21), Ragnhild Lund tangen (25). De skal p\u00e5 vors, s\u00e5 p\u00e5 halloweenfest. Begge skal v\u00e6re djevel med korsett. De forventet at det skulle v\u00e6re mye folk inne i butikken.<\/p>\n<p>\u2013 Ja, det er jo litt i siste liten.<\/p>\n<p>   <img decoding=\"async\" width=\"6016\" height=\"4016\" fetchpriority=\"low\"  loading=\"lazy\"  src=\"https:\/\/www.europesays.com\/no\/wp-content\/uploads\/2025\/11\/photo_4.jpg\" alt=\"\" class=\"brick-c-cFOWSL\" style=\"--brick-image-ratio: 6016 \/ 4016;\"\/><\/p>\n<p>      Jentene forteller at det er stort utvalg.<br \/>\n      Foto: Ida Sofie Skinlo S\u00e6ter\n    <\/p>\n<p>Bastian Antonsen (24), Sigurd Evjen (26) og Halvor Kj\u00f8nn\u00f8-Olsen (24) har plukket seg ut noen godbiter fra utvalget. De skal v\u00e6re henholdsvis Michael Jackson, en pimp og en baby.<\/p>\n<p>\u2013 Vi burde ha tenkt gjennom det, men det var ikke s\u00e5 godt gjennomtenkt at det var s\u00e5 mye folk her.<\/p>\n<p>   <img decoding=\"async\" width=\"6016\" height=\"4016\" fetchpriority=\"low\"  loading=\"lazy\"  src=\"https:\/\/www.europesays.com\/no\/wp-content\/uploads\/2025\/11\/NID_9063.jpeg\" alt=\"\" class=\"brick-c-cFOWSL\" style=\"--brick-image-ratio: 6016 \/ 4016;\"\/><\/p>\n<p>      Fra venstre: Bastian Antonsen (24), Sigurd Evjen (26) og Halvor Kj\u00f8nn\u00f8-Olsen (24) forteller at de er lei av Halloweenkostymene \u00abtyv og r\u00f8ver\u00bb.<br \/>\n      Foto: Ida Sofie Skinlo S\u00e6ter\n    <\/p>\n<p>De forteller at de blant annet skal markere dagen med det de kaller en \u00absilent dinner\u00bb.<\/p>\n<p>\u2013 Vi skal spise middag med litt greier underveis. Et vors egentlig.<\/p>\n<p>\u2013 Men hvorfor er det \u00absilent\u00bb?<\/p>\n<p>\u2013 Fordi vi m\u00e5 holde kjeft mens vi spiser, sier Bastian.<\/p>\n","protected":false},"excerpt":{"rendered":"\u2013 I dag forventa jeg det, sier Wenche Johansen, som er eier av Arti L\u00e6ll, om den lange&hellip;\n","protected":false},"author":2,"featured_media":75417,"comment_status":"","ping_status":"","sticky":false,"template":"","format":"standard","meta":{"footnotes":""},"categories":[5],"tags":[36,20,21,24,25,8568,15,19,10347,22,23,17,18,62,13,30,28,29,14,16,1510,26,27],"class_list":{"0":"post-75416","1":"post","2":"type-post","3":"status-publish","4":"format-standard","5":"has-post-thumbnail","7":"category-overskrifter","8":"tag-art","9":"tag-breaking-news","10":"tag-breakingnews","11":"tag-featured-news","12":"tag-featurednews","13":"tag-halloween","14":"tag-headlines","15":"tag-hovedoppslag","16":"tag-kostymer","17":"tag-latest-news","18":"tag-latestnews","19":"tag-main-news","20":"tag-mainnews","21":"tag-naeringsliv","22":"tag-news","23":"tag-no","24":"tag-norge","25":"tag-norway","26":"tag-nyheter","27":"tag-overskrifter","28":"tag-story","29":"tag-top-stories","30":"tag-topstories"},"share_on_mastodon":{"url":"https:\/\/pubeurope.com\/@no\/115472888269615512","error":""},"_links":{"self":[{"href":"https:\/\/www.europesays.com\/no\/wp-json\/wp\/v2\/posts\/75416","targetHints":{"allow":["GET"]}}],"collection":[{"href":"https:\/\/www.europesays.com\/no\/wp-json\/wp\/v2\/posts"}],"about":[{"href":"https:\/\/www.europesays.com\/no\/wp-json\/wp\/v2\/types\/post"}],"author":[{"embeddable":true,"href":"https:\/\/www.europesays.com\/no\/wp-json\/wp\/v2\/users\/2"}],"replies":[{"embeddable":true,"href":"https:\/\/www.europesays.com\/no\/wp-json\/wp\/v2\/comments?post=75416"}],"version-history":[{"count":0,"href":"https:\/\/www.europesays.com\/no\/wp-json\/wp\/v2\/posts\/75416\/revisions"}],"wp:featuredmedia":[{"embeddable":true,"href":"https:\/\/www.europesays.com\/no\/wp-json\/wp\/v2\/media\/75417"}],"wp:attachment":[{"href":"https:\/\/www.europesays.com\/no\/wp-json\/wp\/v2\/media?parent=75416"}],"wp:term":[{"taxonomy":"category","embeddable":true,"href":"https:\/\/www.europesays.com\/no\/wp-json\/wp\/v2\/categories?post=75416"},{"taxonomy":"post_tag","embeddable":true,"href":"https:\/\/www.europesays.com\/no\/wp-json\/wp\/v2\/tags?post=75416"}],"curies":[{"name":"wp","href":"https:\/\/api.w.org\/{rel}","templated":true}]}}