{"id":75521,"date":"2025-11-01T08:55:20","date_gmt":"2025-11-01T08:55:20","guid":{"rendered":"https:\/\/www.europesays.com\/no\/75521\/"},"modified":"2025-11-01T08:55:20","modified_gmt":"2025-11-01T08:55:20","slug":"inyheter-far-pressestotte","status":"publish","type":"post","link":"https:\/\/www.europesays.com\/no\/75521\/","title":{"rendered":"iNyheter f\u00e5r pressest\u00f8tte"},"content":{"rendered":"<p><strong>iNyheter er tilkjent pressest\u00f8tte for f\u00f8rste gang. Tildelingen kom kl 11:20 idag. <\/strong><\/p>\n<p>Tildelingen er basert p\u00e5 produksjonen av artikler for 2024. Etter en eksternt gjennomgang har Medietilsynet funnet at iNyheter oppfyller kriteriene. Vi har f\u00e5tt tildelt 1.390.000. <\/p>\n<p>Tildelingen er begrenset av at man bare kan f\u00e5 inntil 40 prosent av diftskostnadene i s\u00f8knads\u00e5ret. Ellers ville vi kunne kvalifisert til ca 2,7 millioner. Det \u00abstraffer\u00bb seg \u00e5 ha sm\u00e5 kostnader.<\/p>\n<p>Jeg vil takke hele redaksjonen for innsatsen, og ikke minst dere abonnenter og de som donerer som har holdt liv i oss.<\/p>\n<p><strong>Tegn abonnement <a href=\"https:\/\/inyheter.no\/abonnement\/\" rel=\"nofollow noopener\" target=\"_blank\">her<\/a>.<\/strong><\/p>\n<p>Vi har g\u00e5tt med underskudd hvert \u00e5r siden oppstart i 2022 og var p\u00e5 vei mot det ogs\u00e5 i \u00e5r uten denne pressest\u00f8tten.<\/p>\n<p>At vi f\u00e5r pressest\u00f8tte gj\u00f8r ikke at vi ikke trenger fortsatt hjelp og st\u00f8tte fra dere lesere. Tvert imot. Niv\u00e5et p\u00e5 pressest\u00f8tten vi mottar er en direkte konsekvens av niv\u00e5et p\u00e5 abonnementsinntektene. <\/p>\n<p>S\u00e5 for hver krone dere gir oss i abonnement, f\u00e5r vi ogs\u00e5 en andel fra Medietilsynet. <\/p>\n<p>Vi har i \u00f8yeblikket n\u00e5dd 2300 abonnenter. Og det er en vekst p\u00e5 1000 abonnenter det siste dr\u00f8ye \u00e5ret. Vi h\u00e5per veksten fortsetter og vil omdanne \u00f8kte inntekter til et stadig bedre produkt.<\/p>\n<p>Men denne pressest\u00f8tten inneb\u00e6rer n\u00e5 at iNyheter er godt sikret videre drift. Vi er kommet for \u00e5 bli.<\/p>\n<p>Jeg kan ogs\u00e5 love at tildelingen ikke vil p\u00e5virke v\u00e5r redaksjonelle linje. Den er autonom og st\u00e5r fast.<\/p>\n<p>Tusen takk, og gratulerer!<\/p>\n<p>iNyheter trenger din st\u00f8tte.\u00a0<a style=\"background-color: #ffff00;\" href=\"https:\/\/inyheter.no\/abonnement\/\" rel=\"nofollow noopener\" target=\"_blank\">Tegn abonnement<\/a>\u00a0eller st\u00f8tt oss p\u00e5 Vipps\u00a0<strong>763291<\/strong>\u00a0bank\u00a0<strong>1506.80.92768\u00a0<\/strong>eller\u00a0<a style=\"background-color: #ffff00;\" href=\"https:\/\/www.paypal.com\/donate\/?hosted_button_id=UN7V8VFJ5QA38\" rel=\"nofollow noopener\" target=\"_blank\">PayPal<\/a><\/p>\n<p>\u00a0<\/p>\n","protected":false},"excerpt":{"rendered":"iNyheter er tilkjent pressest\u00f8tte for f\u00f8rste gang. Tildelingen kom kl 11:20 idag. Tildelingen er basert p\u00e5 produksjonen av&hellip;\n","protected":false},"author":2,"featured_media":75522,"comment_status":"","ping_status":"","sticky":false,"template":"","format":"standard","meta":{"footnotes":""},"categories":[5],"tags":[20,21,24,25,15,19,10460,22,23,17,18,13,30,28,29,14,16,10461,26,27],"class_list":{"0":"post-75521","1":"post","2":"type-post","3":"status-publish","4":"format-standard","5":"has-post-thumbnail","7":"category-overskrifter","8":"tag-breaking-news","9":"tag-breakingnews","10":"tag-featured-news","11":"tag-featurednews","12":"tag-headlines","13":"tag-hovedoppslag","14":"tag-inyheter","15":"tag-latest-news","16":"tag-latestnews","17":"tag-main-news","18":"tag-mainnews","19":"tag-news","20":"tag-no","21":"tag-norge","22":"tag-norway","23":"tag-nyheter","24":"tag-overskrifter","25":"tag-pressestotte","26":"tag-top-stories","27":"tag-topstories"},"share_on_mastodon":{"url":"https:\/\/pubeurope.com\/@no\/115473607800343005","error":""},"_links":{"self":[{"href":"https:\/\/www.europesays.com\/no\/wp-json\/wp\/v2\/posts\/75521","targetHints":{"allow":["GET"]}}],"collection":[{"href":"https:\/\/www.europesays.com\/no\/wp-json\/wp\/v2\/posts"}],"about":[{"href":"https:\/\/www.europesays.com\/no\/wp-json\/wp\/v2\/types\/post"}],"author":[{"embeddable":true,"href":"https:\/\/www.europesays.com\/no\/wp-json\/wp\/v2\/users\/2"}],"replies":[{"embeddable":true,"href":"https:\/\/www.europesays.com\/no\/wp-json\/wp\/v2\/comments?post=75521"}],"version-history":[{"count":0,"href":"https:\/\/www.europesays.com\/no\/wp-json\/wp\/v2\/posts\/75521\/revisions"}],"wp:featuredmedia":[{"embeddable":true,"href":"https:\/\/www.europesays.com\/no\/wp-json\/wp\/v2\/media\/75522"}],"wp:attachment":[{"href":"https:\/\/www.europesays.com\/no\/wp-json\/wp\/v2\/media?parent=75521"}],"wp:term":[{"taxonomy":"category","embeddable":true,"href":"https:\/\/www.europesays.com\/no\/wp-json\/wp\/v2\/categories?post=75521"},{"taxonomy":"post_tag","embeddable":true,"href":"https:\/\/www.europesays.com\/no\/wp-json\/wp\/v2\/tags?post=75521"}],"curies":[{"name":"wp","href":"https:\/\/api.w.org\/{rel}","templated":true}]}}