{"id":75523,"date":"2025-11-01T09:00:17","date_gmt":"2025-11-01T09:00:17","guid":{"rendered":"https:\/\/www.europesays.com\/no\/75523\/"},"modified":"2025-11-01T09:00:17","modified_gmt":"2025-11-01T09:00:17","slug":"dodsdomt-mann-som-brant-offerets-oyne-velger-hvordan-mote-doden","status":"publish","type":"post","link":"https:\/\/www.europesays.com\/no\/75523\/","title":{"rendered":"D\u00f8dsd\u00f8mt mann som brant offerets \u00f8yne velger hvordan m\u00f8te d\u00f8den"},"content":{"rendered":"<p><strong>En d\u00f8dsd\u00f8mt mann i South Carolina har valgt \u00e5 bli henrettet ved skyting.<\/strong><\/p>\n<p>If\u00f8lge <a href=\"https:\/\/www.foxnews.com\/us\/death-row-inmate-stephen-bryant-chooses-firing-squad-execution-admitting-gruesome-murder\" rel=\"nofollow noopener\" target=\"_blank\">Fox News<\/a> skal 44 \u00e5r gamle Stephen Bryant henrettes 14. november \u2013 skutt av tre frivillige fra 15 meters hold.<\/p>\n<p>Bryant ble d\u00f8mt for \u00e5 ha skutt og drept en mann, brent offerets \u00f8yne med sigaretter og skrevet meldingen \u00abcatch me if u can\u00bb p\u00e5 veggen med blodet hans. Etter drapet tente han lys rundt kroppen og etterlot en blodig beskjed om at et nytt offer ville komme innen to uker.<\/p>\n<p>Delstaten gjenopptok henrettelser i 2024 etter 13 \u00e5rs pause, og d\u00f8dsd\u00f8mte f\u00e5r n\u00e5 velge mellom giftspr\u00f8yte, elektrisk stol eller skyting. Bryant er den tredje som velger eksekusjonspelotong.<\/p>\n<p>If\u00f8lge Fox News er metoden omstridt. Ved en tidligere henrettelse skal skytterne ha bommet p\u00e5 hjertet \u2013 og det tok over et minutt f\u00f8r den d\u00f8dsd\u00f8mte d\u00f8de.<\/p>\n","protected":false},"excerpt":{"rendered":"En d\u00f8dsd\u00f8mt mann i South Carolina har valgt \u00e5 bli henrettet ved skyting. If\u00f8lge Fox News skal 44&hellip;\n","protected":false},"author":2,"featured_media":75524,"comment_status":"","ping_status":"","sticky":false,"template":"","format":"standard","meta":{"footnotes":""},"categories":[12],"tags":[20,21,24,25,15,9788,22,23,13,30,28,29,14,16,10462,26,27,50,42,43,44,45],"class_list":{"0":"post-75523","1":"post","2":"type-post","3":"status-publish","4":"format-standard","5":"has-post-thumbnail","7":"category-verden","8":"tag-breaking-news","9":"tag-breakingnews","10":"tag-featured-news","11":"tag-featurednews","12":"tag-headlines","13":"tag-henrettelse","14":"tag-latest-news","15":"tag-latestnews","16":"tag-news","17":"tag-no","18":"tag-norge","19":"tag-norway","20":"tag-nyheter","21":"tag-overskrifter","22":"tag-south-carolina","23":"tag-top-stories","24":"tag-topstories","25":"tag-usa","26":"tag-verden","27":"tag-world","28":"tag-world-news","29":"tag-worldnews"},"share_on_mastodon":{"url":"https:\/\/pubeurope.com\/@no\/115473627614683758","error":""},"_links":{"self":[{"href":"https:\/\/www.europesays.com\/no\/wp-json\/wp\/v2\/posts\/75523","targetHints":{"allow":["GET"]}}],"collection":[{"href":"https:\/\/www.europesays.com\/no\/wp-json\/wp\/v2\/posts"}],"about":[{"href":"https:\/\/www.europesays.com\/no\/wp-json\/wp\/v2\/types\/post"}],"author":[{"embeddable":true,"href":"https:\/\/www.europesays.com\/no\/wp-json\/wp\/v2\/users\/2"}],"replies":[{"embeddable":true,"href":"https:\/\/www.europesays.com\/no\/wp-json\/wp\/v2\/comments?post=75523"}],"version-history":[{"count":0,"href":"https:\/\/www.europesays.com\/no\/wp-json\/wp\/v2\/posts\/75523\/revisions"}],"wp:featuredmedia":[{"embeddable":true,"href":"https:\/\/www.europesays.com\/no\/wp-json\/wp\/v2\/media\/75524"}],"wp:attachment":[{"href":"https:\/\/www.europesays.com\/no\/wp-json\/wp\/v2\/media?parent=75523"}],"wp:term":[{"taxonomy":"category","embeddable":true,"href":"https:\/\/www.europesays.com\/no\/wp-json\/wp\/v2\/categories?post=75523"},{"taxonomy":"post_tag","embeddable":true,"href":"https:\/\/www.europesays.com\/no\/wp-json\/wp\/v2\/tags?post=75523"}],"curies":[{"name":"wp","href":"https:\/\/api.w.org\/{rel}","templated":true}]}}