{"id":75567,"date":"2025-11-01T09:59:10","date_gmt":"2025-11-01T09:59:10","guid":{"rendered":"https:\/\/www.europesays.com\/no\/75567\/"},"modified":"2025-11-01T09:59:10","modified_gmt":"2025-11-01T09:59:10","slug":"170-000-russiske-soldater-samlet-ved-donetsk-fronten","status":"publish","type":"post","link":"https:\/\/www.europesays.com\/no\/75567\/","title":{"rendered":"170 000 russiske soldater samlet ved Donetsk-fronten"},"content":{"rendered":"<p><strong>Russland har samlet rundt 170 000 soldater for en ny offensiv i Donetsk-regionen \u00f8st i Ukraina, if\u00f8lge president Volodymyr Zelenskyj.<\/strong><\/p>\n<p>I sin daglige tale fredag kveld sa Zelenskyj at de russiske styrkene fors\u00f8ker \u00e5 presse fremover ved Pokrovsk, en by som de siste ukene har v\u00e6rt utsatt for gjentatte angrep, melder, <a href=\"https:\/\/apnews.com\/article\/russia-ukraine-war-missile-united-nations-4624a6463aa3637e2d47baec9c5edcbe\" rel=\"nofollow noopener\" target=\"_blank\">AP News<\/a>.<\/p>\n<p>\u2013 Situasjonen er ekstremt vanskelig, s\u00e6rlig ved Pokrovsk-sektoren, der Russland har konsentrert enorme styrker, sa den ukrainske presidenten.<\/p>\n<p>Zelenskyj beskrev situasjonen som \u00aben av de mest alvorlige siden Russlands invasjon\u00bb startet i februar 2022. Han la til at de ukrainske styrkene \u00abfortsetter \u00e5 holde linjen, men betaler en h\u00f8y pris\u00bb.<\/p>\n<p>If\u00f8lge den britiske etterretningsvurderingen fra forsvarsdepartementet, som Zelenskyj refererte til, skal Russland ha flyttet store deler av sine reserver til Donetsk, inkludert pansrede enheter og luftb\u00e5rne tropper.<\/p>\n<p>Ukrainske forsvarskilder hevder at den russiske offensiven er ment \u00e5 presse Ukraina til \u00e5 trekke styrker bort fra Kharkiv og Zaporizjzja-fronten, hvor kampene ogs\u00e5 har tiltatt.<\/p>\n<p>\u2013 De pr\u00f8ver \u00e5 utnytte v\u00e5r utmattelse og mangel p\u00e5 ammunisjon, sa Zelenskyj.<\/p>\n<p>Uttalelsene kommer samtidig som Kyiv advarer om \u00f8kt press mot energiinfrastrukturen f\u00f8r vinteren. Ukrainske myndigheter frykter en ny b\u00f8lge av russiske angrep mot str\u00f8mnettet.<\/p>\n<p>AP News skriver at Zelenskyjs advarsel markerer et av de tydeligste signalene hittil om at Russland forbereder en ny fase i krigen.<\/p>\n","protected":false},"excerpt":{"rendered":"Russland har samlet rundt 170 000 soldater for en ny offensiv i Donetsk-regionen \u00f8st i Ukraina, if\u00f8lge president&hellip;\n","protected":false},"author":2,"featured_media":61027,"comment_status":"","ping_status":"","sticky":false,"template":"","format":"standard","meta":{"footnotes":""},"categories":[12],"tags":[20,21,24,25,15,179,22,23,13,30,28,29,14,16,188,26,27,42,43,44,45,6495],"class_list":{"0":"post-75567","1":"post","2":"type-post","3":"status-publish","4":"format-standard","5":"has-post-thumbnail","7":"category-verden","8":"tag-breaking-news","9":"tag-breakingnews","10":"tag-featured-news","11":"tag-featurednews","12":"tag-headlines","13":"tag-krigen-i-ukraina","14":"tag-latest-news","15":"tag-latestnews","16":"tag-news","17":"tag-no","18":"tag-norge","19":"tag-norway","20":"tag-nyheter","21":"tag-overskrifter","22":"tag-russland","23":"tag-top-stories","24":"tag-topstories","25":"tag-verden","26":"tag-world","27":"tag-world-news","28":"tag-worldnews","29":"tag-zelenskyj"},"share_on_mastodon":{"url":"https:\/\/pubeurope.com\/@no\/115473859666293388","error":""},"_links":{"self":[{"href":"https:\/\/www.europesays.com\/no\/wp-json\/wp\/v2\/posts\/75567","targetHints":{"allow":["GET"]}}],"collection":[{"href":"https:\/\/www.europesays.com\/no\/wp-json\/wp\/v2\/posts"}],"about":[{"href":"https:\/\/www.europesays.com\/no\/wp-json\/wp\/v2\/types\/post"}],"author":[{"embeddable":true,"href":"https:\/\/www.europesays.com\/no\/wp-json\/wp\/v2\/users\/2"}],"replies":[{"embeddable":true,"href":"https:\/\/www.europesays.com\/no\/wp-json\/wp\/v2\/comments?post=75567"}],"version-history":[{"count":0,"href":"https:\/\/www.europesays.com\/no\/wp-json\/wp\/v2\/posts\/75567\/revisions"}],"wp:featuredmedia":[{"embeddable":true,"href":"https:\/\/www.europesays.com\/no\/wp-json\/wp\/v2\/media\/61027"}],"wp:attachment":[{"href":"https:\/\/www.europesays.com\/no\/wp-json\/wp\/v2\/media?parent=75567"}],"wp:term":[{"taxonomy":"category","embeddable":true,"href":"https:\/\/www.europesays.com\/no\/wp-json\/wp\/v2\/categories?post=75567"},{"taxonomy":"post_tag","embeddable":true,"href":"https:\/\/www.europesays.com\/no\/wp-json\/wp\/v2\/tags?post=75567"}],"curies":[{"name":"wp","href":"https:\/\/api.w.org\/{rel}","templated":true}]}}