{"id":75612,"date":"2025-11-01T10:58:10","date_gmt":"2025-11-01T10:58:10","guid":{"rendered":"https:\/\/www.europesays.com\/no\/75612\/"},"modified":"2025-11-01T10:58:10","modified_gmt":"2025-11-01T10:58:10","slug":"peter-frolich-hoyre-peter-frolich-sier-nei-til-a-bli-partileder-i-hoyre-na","status":"publish","type":"post","link":"https:\/\/www.europesays.com\/no\/75612\/","title":{"rendered":"Peter Fr\u00f8lich, H\u00f8yre | Peter Fr\u00f8lich sier nei til \u00e5 bli partileder i H\u00f8yre n\u00e5"},"content":{"rendered":"\n<p>\u2013 Jeg har fra f\u00f8rste sekund snakket ganske \u00e6rlig om hva jeg tror om realismen i ledersp\u00f8rsm\u00e5let, og s\u00e5 har jeg ikke lukket noen d\u00f8rer fordi jeg vil at valgkomiteen skal gj\u00f8re sitt arbeid og at partiet skal komme med sine innspill, sier Fr\u00f8lich (38) til <a href=\"https:\/\/www.vg.no\/nyheter\/i\/OoLV4O\/hoeyre-froelich-nesten-ustoppelig-naar-jeg-faar-tenning\" rel=\"nofollow noopener\" target=\"_blank\">avisen.<\/a><\/p>\n<p>Bergenseren har tidligere antydet at et lederverv hadde blitt litt mye da han har to barn hjemme i Bergen. Det gjorde han blant annet da <a href=\"https:\/\/www.ba.no\/peter-frolich-h-trekkes-frem-som-lederkandidat\/s\/5-8-3149891\" rel=\"Follow nofollow noopener\" target=\"_blank\">BA intervjuet ham p\u00e5 valgdagen. <\/a><\/p>\n<p>\u2013 Jeg har pr\u00f8vd \u00e5 si flere ganger at det ikke er et s\u00e6rlig aktuelt scenario, for jeg har to sm\u00e5 barn i Bergen, og det \u00e5 si ja til en slik jobb betyr ogs\u00e5 \u00e5 m\u00e5tte si ja til \u00e5 bli statsminister, sa han da.<\/p>\n<p>P\u00e5 sp\u00f8rsm\u00e5l fra VG om han sier nei dersom partiet vil ha ham, svarer han:<\/p>\n<p>\u2013 Ja det g\u00e5r antakelig ikke. Et s\u00e5 \u00e6rlig svar har jeg lyst \u00e5 si.<\/p>\n<p>Men han sier at han gjerne vil v\u00e6re nestleder i partiet.<\/p>\n<p>Fr\u00f8lich har v\u00e6rt nevnt som en av lederkandidatene sammen med Henrik Asheim og Nikolai Astrup, som begge har ytret \u00f8nske om \u00e5 bli leder. Favoritt til ledervervet er uansett Ine Eriksen S\u00f8reide. Hun har enn\u00e5 ikke svart klart p\u00e5 om hun \u00f8nsker vervet etter Erna Solberg.<\/p>\n<p>Valgkomiteen i partiet har bedt om innspill fra fylkeslagene og invitert alle H\u00f8yre-medlemmer om \u00e5 si sin mening om hvem som b\u00f8r bli leder. Det har kommet inn et tusentalls tilbakemeldinger, som komiteen n\u00e5 g\u00e5r gjennom.<\/p>\n<p>P\u00e5 H\u00f8yres landsm\u00f8te i februar skal det velges ny leder.<\/p>\n<p>  <a href=\"https:\/\/www.ba.no\/5-8-3149891\" class=\"related-teaser has-image default-story-teaser article--c-eRUmMG article--c-eRUmMG-jKCPdD-design-default\" rel=\"nofollow noopener\" target=\"_blank\"><\/p>\n<p>    <img decoding=\"async\" loading=\"lazy\"  src=\"https:\/\/www.europesays.com\/no\/wp-content\/uploads\/2025\/09\/1757688730_854_SE1_1937_1.JPG\" alt=\"\" class=\"brick-c-cFOWSL\" style=\"\"\/><\/p>\n<p>\n            Les ogs\u00e5<\/p>\n<p>              Livsavgj\u00f8rende kveld for Fr\u00f8lich. N\u00e5 har velgerne trukket ham frem som lederkandidat.\n        <\/p>\n<p>  <\/a><\/p>\n<p>  <a href=\"https:\/\/www.ba.no\/5-8-3168544\" class=\"related-teaser has-image default-story-teaser article--c-eRUmMG article--c-eRUmMG-jKCPdD-design-default\" rel=\"nofollow noopener\" target=\"_blank\"><\/p>\n<p>    <img decoding=\"async\" loading=\"lazy\"  src=\"https:\/\/www.europesays.com\/no\/wp-content\/uploads\/2025\/11\/EWB_3340.jpg\" alt=\"\" class=\"brick-c-cFOWSL\" style=\"\"\/><\/p>\n<p>\n            Les ogs\u00e5<\/p>\n<p>              Nettavisen og NRK: Erna Solberg fortsetter som parlamentarisk leder\n        <\/p>\n<p>  <\/a><\/p>\n<p>  <a href=\"https:\/\/www.ba.no\/5-8-3156979\" class=\"related-teaser has-image default-story-teaser article--c-eRUmMG article--c-eRUmMG-jKCPdD-design-default\" rel=\"nofollow noopener\" target=\"_blank\"><\/p>\n<p>    <img decoding=\"async\" loading=\"lazy\"  src=\"https:\/\/www.europesays.com\/no\/wp-content\/uploads\/2025\/11\/EWB_8624.jpg\" alt=\"\" class=\"brick-c-cFOWSL\" style=\"\"\/><\/p>\n<p>\n            Les ogs\u00e5<\/p>\n<p>              UiB-forskere mener Erna kunne vunnet valget om Sylvi ikke pekte p\u00e5 seg selv\n        <\/p>\n<p>  <\/a><\/p>\n","protected":false},"excerpt":{"rendered":"\u2013 Jeg har fra f\u00f8rste sekund snakket ganske \u00e6rlig om hva jeg tror om realismen i ledersp\u00f8rsm\u00e5let, og&hellip;\n","protected":false},"author":2,"featured_media":75613,"comment_status":"","ping_status":"","sticky":false,"template":"","format":"standard","meta":{"footnotes":""},"categories":[10],"tags":[36,20,21,327,24,25,15,762,22,23,13,30,28,29,14,16,7858,1510,26,27],"class_list":{"0":"post-75612","1":"post","2":"type-post","3":"status-publish","4":"format-standard","5":"has-post-thumbnail","7":"category-norge","8":"tag-art","9":"tag-breaking-news","10":"tag-breakingnews","11":"tag-erna-solberg","12":"tag-featured-news","13":"tag-featurednews","14":"tag-headlines","15":"tag-hoyre","16":"tag-latest-news","17":"tag-latestnews","18":"tag-news","19":"tag-no","20":"tag-norge","21":"tag-norway","22":"tag-nyheter","23":"tag-overskrifter","24":"tag-peter-frolich","25":"tag-story","26":"tag-top-stories","27":"tag-topstories"},"share_on_mastodon":{"url":"https:\/\/pubeurope.com\/@no\/115474091540248214","error":""},"_links":{"self":[{"href":"https:\/\/www.europesays.com\/no\/wp-json\/wp\/v2\/posts\/75612","targetHints":{"allow":["GET"]}}],"collection":[{"href":"https:\/\/www.europesays.com\/no\/wp-json\/wp\/v2\/posts"}],"about":[{"href":"https:\/\/www.europesays.com\/no\/wp-json\/wp\/v2\/types\/post"}],"author":[{"embeddable":true,"href":"https:\/\/www.europesays.com\/no\/wp-json\/wp\/v2\/users\/2"}],"replies":[{"embeddable":true,"href":"https:\/\/www.europesays.com\/no\/wp-json\/wp\/v2\/comments?post=75612"}],"version-history":[{"count":0,"href":"https:\/\/www.europesays.com\/no\/wp-json\/wp\/v2\/posts\/75612\/revisions"}],"wp:featuredmedia":[{"embeddable":true,"href":"https:\/\/www.europesays.com\/no\/wp-json\/wp\/v2\/media\/75613"}],"wp:attachment":[{"href":"https:\/\/www.europesays.com\/no\/wp-json\/wp\/v2\/media?parent=75612"}],"wp:term":[{"taxonomy":"category","embeddable":true,"href":"https:\/\/www.europesays.com\/no\/wp-json\/wp\/v2\/categories?post=75612"},{"taxonomy":"post_tag","embeddable":true,"href":"https:\/\/www.europesays.com\/no\/wp-json\/wp\/v2\/tags?post=75612"}],"curies":[{"name":"wp","href":"https:\/\/api.w.org\/{rel}","templated":true}]}}