{"id":75721,"date":"2025-11-01T13:21:13","date_gmt":"2025-11-01T13:21:13","guid":{"rendered":"https:\/\/www.europesays.com\/no\/75721\/"},"modified":"2025-11-01T13:21:13","modified_gmt":"2025-11-01T13:21:13","slug":"i-oktober-var-stromprisen-i-trondelag-under-norgespris-adressa-no","status":"publish","type":"post","link":"https:\/\/www.europesays.com\/no\/75721\/","title":{"rendered":"I oktober var str\u00f8mprisen i Tr\u00f8ndelag under norgespris &#8211; adressa.no"},"content":{"rendered":"<ol>\n<li><a href=\"https:\/\/news.google.com\/rss\/articles\/CBMinAFBVV95cUxPdmJmOVN4NEZlVm41VVZER2pKQU1pZVJDZWs3NHF2R21vMFF2OFNFeEpfRmh1djZSUC00MjVtV2lpY29EUEswQjVfdXZEc2hHb3ZmTnFmOGdCSUVrYjlwcy16LS1SQUtnWE5SS2FZN3VYTlZVamxQblNZbGVxUnc0RVR3ZEFnVzl1WnlyVDA1eTVVcDhBSlhEWGJWNUs?oc=5\" target=\"_blank\" rel=\"nofollow noopener\">I oktober var str\u00f8mprisen i Tr\u00f8ndelag under norgespris<\/a>&nbsp;&nbsp;adressa.no<\/li>\n<li><a href=\"https:\/\/news.google.com\/rss\/articles\/CBMinwFBVV95cUxQZjFRLTZQcWlWZWxPT1Fsd2VzX0xiNGxVekJKTnZ0S3VaaDlqT1ZMZ1lZUlZwakdVdERmUFJlVmstYUd2ZXpVRThQQlNGRUlneUUzTVlTSTJ3UUFlMHJ4SU5uQkppMkVLbm5oUnZfY0JMLWJjSFZEMkM4OEFrWXQwNUo2WWlfWWhzaDctOEdvZkp0TU5TenJDTkxSRzF1bzg?oc=5\" target=\"_blank\" rel=\"nofollow noopener\">F\u00f8rste m\u00e5ned med norgespris: S\u00e5 mange dager har det l\u00f8nt seg<\/a>&nbsp;&nbsp;Nationen<\/li>\n<li><a href=\"https:\/\/news.google.com\/rss\/articles\/CBMid0FVX3lxTE9FdWFkU1ozTUZTQXp1YmZEWEhaX0VOczZZM0JwZ0RCLUF1OFdTQ01TR2ZHSV9BajRPRkJ5cEpFeGlMU2haZzZad2ZudzhNaVc0UENFcldScTF4R1NkY0NBbGdibDhjckUtdGhUTHF0YXVWcWpFYndr?oc=5\" target=\"_blank\" rel=\"nofollow noopener\">Over 15.000 i Lister har bestilt Norges\u00adpris: \u2013 Forskjellene er p\u00e5fallende<\/a>&nbsp;&nbsp;lister24.no<\/li>\n<li><a href=\"https:\/\/news.google.com\/rss\/articles\/CBMi1wFBVV95cUxNclMtVWZzNHdfdXJyYlNzZThIaTYxQU9KMmRnTHkybmNULXE3UEtKU19aNlIyT0I3dEREZ2tJUHZyN2t2YWVKRTZnWFFsbHBvaUxOUjBKeEJRaTA1cXJidDdSbzBBS3A0czF5SmpLVmxIVVpOSGh3RXJfMU51dWpnZmNBWkw1M3VXUXFaMHFPMEZLZ19GS0gxcWtFV2IwSW13cmJPOC00VEtoSnhZVUVaZTQwc1VoU09TUTIzVzVQUHhZNnd2MTVTbGNZU05FbEpNV1FtQUVlRQ?oc=5\" target=\"_blank\" rel=\"nofollow noopener\">Husholdninger i Valdres med fastpris kom klart best ut: Spotpris 45 prosent dyrere enn Norgespris<\/a>&nbsp;&nbsp;Avisa Valdres<\/li>\n<li><a href=\"https:\/\/news.google.com\/rss\/articles\/CBMif0FVX3lxTFB5QkJrYllKRHZvOTFRRVZSbjlXdWFqUFFpQWRFYWIyd3pjdEM0UW5DdkRWN2tsbXFvUEhpaW5mOU9KdzV3aG42NmR2LUM2c3FPd2xmRnpMYVRLZVlpYkw0T1l5clBwUnZRSUpoYndWZzhGNnB1YmtFVXdlZTRyQVE?oc=5\" target=\"_blank\" rel=\"nofollow noopener\">Her har norgespris l\u00f8nt seg til n\u00e5<\/a>&nbsp;&nbsp;Elbil24<\/li>\n<\/ol>\n","protected":false},"excerpt":{"rendered":"I oktober var str\u00f8mprisen i Tr\u00f8ndelag under norgespris&nbsp;&nbsp;adressa.no F\u00f8rste m\u00e5ned med norgespris: S\u00e5 mange dager har det l\u00f8nt&hellip;\n","protected":false},"author":2,"featured_media":75722,"comment_status":"","ping_status":"","sticky":false,"template":"","format":"standard","meta":{"footnotes":""},"categories":[10],"tags":[10482,20,21,24,25,15,2276,3584,22,23,13,30,28,3333,29,14,16,243,1501,26,27,270,10481],"class_list":{"0":"post-75721","1":"post","2":"type-post","3":"status-publish","4":"format-standard","5":"has-post-thumbnail","7":"category-norge","8":"tag-aneo","9":"tag-breaking-news","10":"tag-breakingnews","11":"tag-featured-news","12":"tag-featurednews","13":"tag-headlines","14":"tag-kraft","15":"tag-kraftverk","16":"tag-latest-news","17":"tag-latestnews","18":"tag-news","19":"tag-no","20":"tag-norge","21":"tag-norgespris","22":"tag-norway","23":"tag-nyheter","24":"tag-overskrifter","25":"tag-strom","26":"tag-strompriser","27":"tag-top-stories","28":"tag-topstories","29":"tag-trondelag","30":"tag-tydal"},"share_on_mastodon":{"url":"https:\/\/pubeurope.com\/@no\/115474653864071600","error":""},"_links":{"self":[{"href":"https:\/\/www.europesays.com\/no\/wp-json\/wp\/v2\/posts\/75721","targetHints":{"allow":["GET"]}}],"collection":[{"href":"https:\/\/www.europesays.com\/no\/wp-json\/wp\/v2\/posts"}],"about":[{"href":"https:\/\/www.europesays.com\/no\/wp-json\/wp\/v2\/types\/post"}],"author":[{"embeddable":true,"href":"https:\/\/www.europesays.com\/no\/wp-json\/wp\/v2\/users\/2"}],"replies":[{"embeddable":true,"href":"https:\/\/www.europesays.com\/no\/wp-json\/wp\/v2\/comments?post=75721"}],"version-history":[{"count":0,"href":"https:\/\/www.europesays.com\/no\/wp-json\/wp\/v2\/posts\/75721\/revisions"}],"wp:featuredmedia":[{"embeddable":true,"href":"https:\/\/www.europesays.com\/no\/wp-json\/wp\/v2\/media\/75722"}],"wp:attachment":[{"href":"https:\/\/www.europesays.com\/no\/wp-json\/wp\/v2\/media?parent=75721"}],"wp:term":[{"taxonomy":"category","embeddable":true,"href":"https:\/\/www.europesays.com\/no\/wp-json\/wp\/v2\/categories?post=75721"},{"taxonomy":"post_tag","embeddable":true,"href":"https:\/\/www.europesays.com\/no\/wp-json\/wp\/v2\/tags?post=75721"}],"curies":[{"name":"wp","href":"https:\/\/api.w.org\/{rel}","templated":true}]}}