{"id":75789,"date":"2025-11-01T15:21:08","date_gmt":"2025-11-01T15:21:08","guid":{"rendered":"https:\/\/www.europesays.com\/no\/75789\/"},"modified":"2025-11-01T15:21:08","modified_gmt":"2025-11-01T15:21:08","slug":"krevende-a-sta-i-dagbladet","status":"publish","type":"post","link":"https:\/\/www.europesays.com\/no\/75789\/","title":{"rendered":"&#8211; Krevende \u00e5 st\u00e5 i &#8211; Dagbladet"},"content":{"rendered":"<ol>\n<li><a href=\"https:\/\/news.google.com\/rss\/articles\/CBMiakFVX3lxTE9BV0QybExQVEs3TFVRdUY1andwQnEtREx4QnBRVGVrWk9rWmwxa2FWZWJYRUhiaEt5WGZhX2hEWmpIYUY4SlNJekhnNTI3Ukw5cTNVczg1bmRtT1dXTVVXdk9IY0x2NEp3TWc?oc=5\" target=\"_blank\" rel=\"nofollow noopener\">&#8211; Krevende \u00e5 st\u00e5 i<\/a>&nbsp;&nbsp;Dagbladet<\/li>\n<li><a href=\"https:\/\/news.google.com\/rss\/articles\/CBMidkFVX3lxTE5PMmNQWjlRb1RkWEhOUng0eTlmRTV3YUNGWWhjamNlSk5YSFFtY01ZclJhVGo3V1JmOU8wUlo2cXhtNURrM1lENlpHZ0RmY1hyMjVXbDUwZXBFcGl2aFotUGtCR3NXOGRJSGRDdW05bXlINlhOU1E?oc=5\" target=\"_blank\" rel=\"nofollow noopener\">&#8211; G\u00e5tt noen runder med meg selv<\/a>&nbsp;&nbsp;seher.no<\/li>\n<li><a href=\"https:\/\/news.google.com\/rss\/articles\/CBMieEFVX3lxTE4xU2dkdE1tTUxpcmpEeVBFTEZqMVJRZlRfa1lObmJ4cWt2QTlmZG9LUGgycGFiRGZxRUliOGtWckowbGw4Q1hFejZVWVBYQnhmbjg4cGxST2t4MGNNZml6a05nNjlsN3JhU3VaMmxKWGUwZjMwYUN1Rg?oc=5\" target=\"_blank\" rel=\"nofollow noopener\">Stemmesmell for ektemannen til Desta Marie Beeder<\/a>&nbsp;&nbsp;TV2.no<\/li>\n<li><a href=\"https:\/\/news.google.com\/rss\/articles\/CBMi5AFBVV95cUxOSk5HN1RRN2RCM0dvZXJGRlM5ZkJURWE3YW1PaXVEX2pOMlU0Y3hoczFyN0hHdVV1WWJTaVhFR1FPSS16VVA0YWEtX2lXaFdqRWJlUVZ0eGJaQld0b1p1R1dIaWdsY3kxbVBVZ2FrbENyNGxsV0xUdjJqLTlBRFRKeEFJM08xSmU0cWg5UnZXMXVwSC1xTlNDeFI1VkdfVmtkOVFoRWNYMUpyWHhCVEJTN0xpM01RZjA1clF3ZmlMT3IxSUhZTVRTbGxxbWNzYUd4cjM2WHZ0Mmhjc0pPb09ld0NHTmc?oc=5\" target=\"_blank\" rel=\"nofollow noopener\">Desta Beeder deler vemodig beskjed midt i &laquo;Skal vi danse&raquo; &#8211; ingen hadde sett dette komme: \u00abJeg har g\u00e5tt noen runder med meg selv<\/a>&nbsp;&nbsp;OnlineNytt<\/li>\n<li><a href=\"https:\/\/news.google.com\/rss\/articles\/CBMifEFVX3lxTFAtT2JPOUVKR2hIR2R1N0gyMmdCNnMxcnJQSjh5T3dmMFEyS0NKRjJJODdoTm1MMzZDRXZ0T3NsR1c4YjdrdmRNQ2VWXzlRUkRENVRDT0NGcHk0V2J2ajF1SjFLU0MzalU4RFoyWk9CZGNCZlVpUHNkQW1FbmI?oc=5\" target=\"_blank\" rel=\"nofollow noopener\">Her g\u00e5r det galt: &#8211; Fryktet brudd<\/a>&nbsp;&nbsp;Dagbladet<\/li>\n<\/ol>\n","protected":false},"excerpt":{"rendered":"&#8211; Krevende \u00e5 st\u00e5 i&nbsp;&nbsp;Dagbladet &#8211; G\u00e5tt noen runder med meg selv&nbsp;&nbsp;seher.no Stemmesmell for ektemannen til Desta Marie&hellip;\n","protected":false},"author":2,"featured_media":75790,"comment_status":"","ping_status":"","sticky":false,"template":"","format":"standard","meta":{"footnotes":""},"categories":[58],"tags":[7472,71,479,30,28,29,2280,7927,72],"class_list":{"0":"post-75789","1":"post","2":"type-post","3":"status-publish","4":"format-standard","5":"has-post-thumbnail","7":"category-underholdning","8":"tag-desta-marie-beeder","9":"tag-entertainment","10":"tag-kjendis","11":"tag-no","12":"tag-norge","13":"tag-norway","14":"tag-skal-vi-danse","15":"tag-tarjei-svalastog","16":"tag-underholdning"},"share_on_mastodon":{"url":"https:\/\/pubeurope.com\/@no\/115475125567065538","error":""},"_links":{"self":[{"href":"https:\/\/www.europesays.com\/no\/wp-json\/wp\/v2\/posts\/75789","targetHints":{"allow":["GET"]}}],"collection":[{"href":"https:\/\/www.europesays.com\/no\/wp-json\/wp\/v2\/posts"}],"about":[{"href":"https:\/\/www.europesays.com\/no\/wp-json\/wp\/v2\/types\/post"}],"author":[{"embeddable":true,"href":"https:\/\/www.europesays.com\/no\/wp-json\/wp\/v2\/users\/2"}],"replies":[{"embeddable":true,"href":"https:\/\/www.europesays.com\/no\/wp-json\/wp\/v2\/comments?post=75789"}],"version-history":[{"count":0,"href":"https:\/\/www.europesays.com\/no\/wp-json\/wp\/v2\/posts\/75789\/revisions"}],"wp:featuredmedia":[{"embeddable":true,"href":"https:\/\/www.europesays.com\/no\/wp-json\/wp\/v2\/media\/75790"}],"wp:attachment":[{"href":"https:\/\/www.europesays.com\/no\/wp-json\/wp\/v2\/media?parent=75789"}],"wp:term":[{"taxonomy":"category","embeddable":true,"href":"https:\/\/www.europesays.com\/no\/wp-json\/wp\/v2\/categories?post=75789"},{"taxonomy":"post_tag","embeddable":true,"href":"https:\/\/www.europesays.com\/no\/wp-json\/wp\/v2\/tags?post=75789"}],"curies":[{"name":"wp","href":"https:\/\/api.w.org\/{rel}","templated":true}]}}