{"id":75793,"date":"2025-11-01T15:28:14","date_gmt":"2025-11-01T15:28:14","guid":{"rendered":"https:\/\/www.europesays.com\/no\/75793\/"},"modified":"2025-11-01T15:28:14","modified_gmt":"2025-11-01T15:28:14","slug":"george-og-amal-clooney-kombinerer-glamour-og-veldedighet-pa-the-albies","status":"publish","type":"post","link":"https:\/\/www.europesays.com\/no\/75793\/","title":{"rendered":"George og Amal Clooney kombinerer glamour og veldedighet p\u00e5 The Albies"},"content":{"rendered":"<p class=\"kicker \" style=\"\">Inviterte til fest<\/p>\n<p>  George og Amal Clooney skjermer barna sine for offentligheten \u2013 men n\u00e5 tar de med Amals familie ut i rampelyset.<\/p>\n<p>\n    FELLES GLEDE: George og Amal Clooney giftet seg for 11 \u00e5r siden \u2013 og arrangerte n\u00e5 sin fjerde galla for veldedighet. Foto: Getty Images\n  <\/p>\n<p>Er det noe superstjernen <a href=\"https:\/\/www.seher.no\/kjendis\/bekymret-stadig-vanskeligere\/83306611\" rel=\"nofollow noopener\" target=\"_blank\">George Clooney<\/a> (64) og menneskerettsadvokaten <a href=\"https:\/\/www.seher.no\/kjendis\/bekymret-stadig-vanskeligere\/83306611\" rel=\"nofollow noopener\" target=\"_blank\">Amal Clooney<\/a> (47) har bevist, s\u00e5 er det at man godt kan kombinere veldedighet med glamour. Ekteparet er levende opptatt av \u00e5 gj\u00f8re verden til et litt bedre sted, og har laget stiftelsen Clooney Foundation for Justice, som jobber for \u00e5 beskytte mennesker som utsettes for urett. <\/p>\n<p>          <img loading=\"lazy\" decoding=\"async\" src=\"https:\/\/www.europesays.com\/no\/wp-content\/uploads\/2025\/11\/83787711.webp\" width=\"686\" height=\"563\" title=\"MAKEUPDRONNINGEN:&#10;Amal og George&#10;sammen med Charlotte&#10;Tilbury, som er blitt en&#10;god venninne av dem.&#10;Hennes skj\u00f8nnhetsmerke var ogs\u00e5 blant&#10;sponsorene. Foto: NTB\" alt=\"\" class=\"\" style=\"--aspect-ratio-image: 1.22; \"\/><\/p>\n<p>\n          MAKEUPDRONNINGEN:<br \/>\nAmal og George<br \/>\nsammen med Charlotte<br \/>\nTilbury, som er blitt en<br \/>\ngod venninne av dem.<br \/>\nHennes skj\u00f8nnhetsmerke var ogs\u00e5 blant<br \/>\nsponsorene. Foto: NTB\n      <\/p>\n<p>For \u00e5 samle inn penger til stiftelsen, arrangerer de en glamor\u00f8s gallakveld \u00e9n gang i \u00e5ret \u2013 The Albies \u2013 hvor de inviterer superstjerner i tillegg til representanter for de gode sakene.<\/p>\n<p>        HOVNER OPP: Daniel Kvammen f\u00e5r en kraftig allergisk reaksjon under innspillingen av \u00ab71 grader nord\u00bb. Video: TV Norge \/ R\u00f8d L\u00f8per<\/p>\n<p>Tidligere har gallaen blitt arrangert p\u00e5 \u00e6rverdige New York Public Library, men i \u00e5r gikk den av stabelen p\u00e5 Naturhistorisk museum i London. Dermed var det bare en kjapp flytur unna ekteparets nye hjem i Provence i S\u00f8r-Frankrike.Her bor de sammen med tvillingene Alexander og Ella (8), som de gj\u00f8r alt de kan for \u00e5 skjerme fra rampelyset.<\/p>\n<p>          <img loading=\"lazy\" decoding=\"async\" src=\"https:\/\/www.europesays.com\/no\/wp-content\/uploads\/2025\/11\/83787719.webp\" width=\"686\" height=\"625\" title=\"FAMILIEN VAR&#10;MED: Amals niese&#10;Mia, mamma Baria,&#10;en ukjent gjest og&#10;s\u00f8steren Talavar var&#10;alle med p\u00e5 den flotte&#10;gallen. Foto: NTB\" alt=\"\" class=\"\" style=\"--aspect-ratio-image: 1.10; \"\/><\/p>\n<p>\n          FAMILIEN VAR<br \/>\nMED: Amals niese<br \/>\nMia, mamma Baria,<br \/>\nen ukjent gjest og<br \/>\ns\u00f8steren Talavar var<br \/>\nalle med p\u00e5 den flotte<br \/>\ngallen. Foto: NTB\n      <\/p>\n<p>Men p\u00e5 \u00e5rets The Albies hadde ekteparet likevel med seg familie \u2013 nemlig Amals mamma Baria Alamuddin (77), designer-s\u00f8steren Tala (47) og niesen Mia\u202fHamiyeh (23), som nylig ble utdannet jurist.<\/p>\n<p>Flere gode venner av Amal og George var ogs\u00e5 med p\u00e5 arrangementet. <\/p>\n<p>          <img loading=\"lazy\" decoding=\"async\" src=\"https:\/\/www.europesays.com\/no\/wp-content\/uploads\/2025\/11\/83787726.webp\" width=\"686\" height=\"1029\" title=\"VISTE TATO- VERINGEN:&#10;\u00abS\u00f8vnl\u00f8s i Seattle\u00bb-stjernen Meg&#10;Ryan (63) hadde en&#10;kortermet kjole som&#10;gjorde at tatoveringen p\u00e5 venstre arm&#10;kom til syne. Der st\u00e5r&#10;det \u00abLivet er kort\u00bb! Foto: NTB\" alt=\"\" class=\"\" style=\"--aspect-ratio-image: 0.67; \"\/><\/p>\n<p>\n          VISTE TATO- VERINGEN:<br \/>\n\u00abS\u00f8vnl\u00f8s i Seattle\u00bb-stjernen Meg<br \/>\nRyan (63) hadde en<br \/>\nkortermet kjole som<br \/>\ngjorde at tatoveringen p\u00e5 venstre arm<br \/>\nkom til syne. Der st\u00e5r<br \/>\ndet \u00abLivet er kort\u00bb! Foto: NTB\n      <\/p>\n<p>\u2013 Jeg er s\u00e5 stolt over \u00e5 kunne st\u00f8tte de fantastiske vennene mine og jobben de gj\u00f8r gjennom stiftelsen sin, skrev makeup-guruen Charlotte Tilbury (52) p\u00e5 Instagram. <\/p>\n<p>          <img loading=\"lazy\" decoding=\"async\" src=\"https:\/\/www.europesays.com\/no\/wp-content\/uploads\/2025\/11\/83787753.webp\" width=\"686\" height=\"1029\" title=\"BRILLEFIN:&#10;Superstjernen Meryl&#10;Streep (76) kom i et&#10;antrekk fra Dolce &amp;&#10;Gabbana som hun&#10;lett kan gjenbruke i&#10;juleselskap. Foto: NTB\" alt=\"\" class=\"\" style=\"--aspect-ratio-image: 0.67; \"\/><\/p>\n<p>\n          BRILLEFIN:<br \/>\nSuperstjernen Meryl<br \/>\nStreep (76) kom i et<br \/>\nantrekk fra Dolce &amp;<br \/>\nGabbana som hun<br \/>\nlett kan gjenbruke i<br \/>\njuleselskap. Foto: NTB\n      <\/p>\n<p>Hun var ikke bare en av sponsorene p\u00e5 utdelingen \u2013 hun s\u00f8rget ogs\u00e5 personlig for \u00e5 sminke Amal. <\/p>\n<p>        LULLABIES: En id\u00e9 som ble plantet i hodet til Sissel Kyrkjeb\u00f8 for 29 \u00e5r siden, har n\u00e5 blitt iverksatt, og p\u00e5 veien fikk hun god hjelp av ektemannen Ernst Ravnaas. Video: H\u00e5vard Bj\u00f8rnerem \/\/ Reporter: Elise Violeta Ness Aksnes<\/p>\n<p>Motehuset Versace var en annen av kveldens sponsorer, og sjefen sj\u00f8l, Donatella Versace (70) var ogs\u00e5 hjertelig til stede.<\/p>\n<p>Og blant prisvinnerne fant vi ingen ringere enn Melinda French Gates (61), ekskona til Bill Gates og venninne av kronprinsesse Mette- Marit (52) og kronprins Haakon (52). <\/p>\n<p>          <img loading=\"lazy\" decoding=\"async\" src=\"https:\/\/www.europesays.com\/no\/wp-content\/uploads\/2025\/11\/83787763.webp\" width=\"686\" height=\"1029\" title=\"KOM MED KONA:&#10;Sangeren Brandi Carlile (44)&#10;opptr\u00e5dte ogs\u00e5 inne p\u00e5 mus\u00e9et. Hun kom sammen med&#10;sin kone Catherine Shepherd&#10;(55). Foto: NTB\" alt=\"\" class=\"\" style=\"--aspect-ratio-image: 0.67; \"\/><\/p>\n<p>\n          KOM MED KONA:<br \/>\nSangeren Brandi Carlile (44)<br \/>\nopptr\u00e5dte ogs\u00e5 inne p\u00e5 mus\u00e9et. Hun kom sammen med<br \/>\nsin kone Catherine Shepherd<br \/>\n(55). Foto: NTB\n      <\/p>\n<p>Melinda ble skilt fra Bill i 2021, etter at det viste seg at han hadde v\u00e6rt utro tidlig i ekteskapet. <\/p>\n<p>    <a itemprop=\"url\" href=\"https:\/\/www.seher.no\/kjendis\/mammapolitiet-ma-ga-litt-bort\/83783745\" rel=\"nofollow noopener\" target=\"_blank\"><\/p>\n<p>      <img loading=\"lazy\" decoding=\"async\" src=\"https:\/\/www.europesays.com\/no\/wp-content\/uploads\/2025\/11\/83783849.webp\" width=\"980\" height=\"441\" title=\"Utfordrer \u00abmammapolitiet\u00bb\" alt=\"\" class=\"lazyload\" style=\"--aspect-ratio-image: 2.22; \"\/><\/p>\n<p>        Utfordrer \u00abmammapolitiet\u00bb<\/p>\n<p>    <\/a><\/p>\n<p>\u2013 Begge parter i et forhold m\u00e5 v\u00e6re \u00e6rlige med hverandre. Og hvis du ikke kan det, kan du verken ha intimitet eller tillit. S\u00e5 til slutt m\u00e5tte jeg g\u00e5, forklarte Melinda da hun ble intervjuet av magasinet People tidligere i \u00e5r. <\/p>\n<p>        FRIERBREV: Carina Dahl forteller at frierbrevene renner inn. Video: Kine Falch, Nora Skavhaug\/R\u00f8d L\u00f8per<\/p>\n<p>Heldigvis har hun funnet lykken igjen. Hun benyttet The Albies til \u00e5 vise frem sin nye kj\u00e6reste \u2013 den 12 \u00e5r yngre tech-gr\u00fcnderen Philip Vaughn (48). <\/p>\n<p>\u2013 Jeg er veldig, veldig lykkelig, sa hun til People.<\/p>\n<p>Hun ble hedret av Clooney-paret for sin mange\u00e5rige innsats for kvinners helse og likestilling.<\/p>\n","protected":false},"excerpt":{"rendered":"Inviterte til fest George og Amal Clooney skjermer barna sine for offentligheten \u2013 men n\u00e5 tar de med&hellip;\n","protected":false},"author":2,"featured_media":75794,"comment_status":"","ping_status":"","sticky":false,"template":"","format":"standard","meta":{"footnotes":""},"categories":[58],"tags":[8239,4104,71,8238,479,30,28,29,72],"class_list":{"0":"post-75793","1":"post","2":"type-post","3":"status-publish","4":"format-standard","5":"has-post-thumbnail","7":"category-underholdning","8":"tag-amal-clooney","9":"tag-eksklusivt","10":"tag-entertainment","11":"tag-george-clooney","12":"tag-kjendis","13":"tag-no","14":"tag-norge","15":"tag-norway","16":"tag-underholdning"},"share_on_mastodon":{"url":"https:\/\/pubeurope.com\/@no\/115475153437706357","error":""},"_links":{"self":[{"href":"https:\/\/www.europesays.com\/no\/wp-json\/wp\/v2\/posts\/75793","targetHints":{"allow":["GET"]}}],"collection":[{"href":"https:\/\/www.europesays.com\/no\/wp-json\/wp\/v2\/posts"}],"about":[{"href":"https:\/\/www.europesays.com\/no\/wp-json\/wp\/v2\/types\/post"}],"author":[{"embeddable":true,"href":"https:\/\/www.europesays.com\/no\/wp-json\/wp\/v2\/users\/2"}],"replies":[{"embeddable":true,"href":"https:\/\/www.europesays.com\/no\/wp-json\/wp\/v2\/comments?post=75793"}],"version-history":[{"count":0,"href":"https:\/\/www.europesays.com\/no\/wp-json\/wp\/v2\/posts\/75793\/revisions"}],"wp:featuredmedia":[{"embeddable":true,"href":"https:\/\/www.europesays.com\/no\/wp-json\/wp\/v2\/media\/75794"}],"wp:attachment":[{"href":"https:\/\/www.europesays.com\/no\/wp-json\/wp\/v2\/media?parent=75793"}],"wp:term":[{"taxonomy":"category","embeddable":true,"href":"https:\/\/www.europesays.com\/no\/wp-json\/wp\/v2\/categories?post=75793"},{"taxonomy":"post_tag","embeddable":true,"href":"https:\/\/www.europesays.com\/no\/wp-json\/wp\/v2\/tags?post=75793"}],"curies":[{"name":"wp","href":"https:\/\/api.w.org\/{rel}","templated":true}]}}