{"id":75881,"date":"2025-11-01T17:53:15","date_gmt":"2025-11-01T17:53:15","guid":{"rendered":"https:\/\/www.europesays.com\/no\/75881\/"},"modified":"2025-11-01T17:53:15","modified_gmt":"2025-11-01T17:53:15","slug":"marius-lindvik-og-johann-andre-forfang-er-ikke-lenger-suspendert-fra-hoppsporten","status":"publish","type":"post","link":"https:\/\/www.europesays.com\/no\/75881\/","title":{"rendered":"Marius Lindvik og Johann Andr\u00e9 Forfang er ikke lenger suspendert fra hoppsporten."},"content":{"rendered":"<p class=\"kicker \" style=\"\">Norge angripes:<\/p>\n<p>  Tyskeren Philipp Raimund melder om \u00abvondt blod\u00bb i hoppsporten: &#8211; De som snakker h\u00f8yest n\u00e5, er de som har v\u00e6rt verst selv, sier Marius Lindvik.<\/p>\n<p>\n    SUSPENSJONEN ER OVER: Marius Lindvik. Foto: Geir Olsen\n  <\/p>\n<p>HOLMENKOLLEN (Dagbladet): Marius Lindvik (27) og Johann Andr\u00e9 Forfang (30) er <a href=\"https:\/\/www.dagbladet.no\/sport\/vi-har-ikke-kontakt\/83791349\" rel=\"nofollow noopener\" target=\"_blank\">tilbake i hoppsporten <\/a>etter VM-jukset sist vinter. Det f\u00e5r flere konkurrenter til \u00e5 steile.<\/p>\n<p>    <a itemprop=\"url\" href=\"https:\/\/www.dagbladet.no\/sport\/vi-har-ikke-kontakt\/83791349\" rel=\"nofollow noopener\" target=\"_blank\"><\/p>\n<p>      <img loading=\"lazy\" decoding=\"async\" src=\"https:\/\/www.europesays.com\/no\/wp-content\/uploads\/2025\/11\/83791920.webp\" width=\"980\" height=\"441\" title=\"- Vi har ikke kontakt\" alt=\"\" class=\"lazyload\" style=\"--aspect-ratio-image: 2.22; \"\/><\/p>\n<p>        &#8211; Vi har ikke kontakt<\/p>\n<p>    <\/a><\/p>\n<p>&#8211; Det er viktig at de fikk straff. Men etter min mening var straffen litt for mild, sier den tyske skihopperen Philipp Raimund (25) til <a href=\"https:\/\/www.eurosport.de\/skispringen\/anzuskandal-im-norwegischen-team-lasst-dsv-springer-nicht-los-philipp-raimund-karl-geiger-und-pius-paschke-sprechen-bei-eurosport_sto23236230\/story.shtml\" rel=\"nofollow noopener\" target=\"_blank\">Eurosport<\/a>.<\/p>\n<p>&#8211; Det er fortsatt litt vondt blod. Jeg har absolutt ikke tilgitt nordmennene. Det vil ikke skje i framtida heller.<\/p>\n<p>          <img loading=\"lazy\" decoding=\"async\" src=\"https:\/\/www.europesays.com\/no\/wp-content\/uploads\/2025\/11\/83797078.webp\" width=\"686\" height=\"488\" title=\"KRITISK: - Det er fortsatt litt vondt blod, sier skihopperen Philipp Raimund fra Tyskland. Han vant Sommer Grand Prix sammenlagt. Foto: NTB\" alt=\"\" class=\"\" style=\"--aspect-ratio-image: 1.41; \"\/><\/p>\n<p>\n          KRITISK: &#8211; Det er fortsatt litt vondt blod, sier skihopperen Philipp Raimund fra Tyskland. Han vant Sommer Grand Prix sammenlagt. Foto: NTB\n      <\/p>\n<p>Lindvik og Forfang fikk sydd inn stive tr\u00e5der i hoppdressene. Det skulle gi ekstra meter i Gran\u00e5sen. Straff: Tre m\u00e5neders utestengelse og 25 000 kroner i bot.<\/p>\n<p>&#8211; Bevisst juksing er motbydelig. Nordmennene fors\u00f8ker \u00e5 tone dette ned, men de visste, uttalte <a href=\"https:\/\/www.dagbladet.no\/sport\/raseri-i-osterrike\/83664968\" rel=\"nofollow noopener\" target=\"_blank\">den \u00f8sterrikske skihopperen <\/a>Daniel Tschofenig nylig.<\/p>\n<p>Dagbladet vet at nordmennene har hatt mistanker mot \u00f8sterrikerne og tyskerne. Da tyskeren Karl Geiger hoppet i normalbakken i VM, s\u00e5 det ut som om han satte utfor med \u00abtidenes potens\u00bb.<\/p>\n<p class=\"italic m-italic\" data-lab-italic=\"italic\">Se under:<\/p>\n<p>          <img loading=\"lazy\" decoding=\"async\" src=\"https:\/\/www.europesays.com\/no\/wp-content\/uploads\/2025\/11\/83797327.webp\" width=\"686\" height=\"803\" title=\"SJEKK SKRITTET: Tyskeren Karl Geiger satte utfor slik under ski-VM i Trondheim. En dress skal ikke st\u00e5 mer enn fire centimeter ut fra kroppen. Skjermdump: TVP\" alt=\"\" class=\"\" style=\"--aspect-ratio-image: 0.85; \"\/><\/p>\n<p>\n          SJEKK SKRITTET: Tyskeren Karl Geiger satte utfor slik under ski-VM i Trondheim. En dress skal ikke st\u00e5 mer enn fire centimeter ut fra kroppen. Skjermdump: TVP\n      <\/p>\n<p> For mye stoff i skrittet \u00f8ker b\u00e6reflaten. Lindvik fyrer l\u00f8s:<\/p>\n<p class=\"font-weight-bold m-font-weight-bold\" data-lab-font_weight=\"font-weight-bold\">&#8211; De som snakker h\u00f8yest n\u00e5, er de som har v\u00e6rt verst selv. Det er min \u00abfeeling\u00bb.<\/p>\n<p>Om Tschofenig sier han:<\/p>\n<p>&#8211; Jeg fikk med meg det han sa. Jeg synes det er rart. Jeg synes du b\u00f8r ha ting p\u00e5 det rene selv f\u00f8r du smeller s\u00e5 mye med kjeften.<\/p>\n<p>If\u00f8lge <a href=\"https:\/\/www.tv2.no\/sport\/ser-virkelig-ikke-bra-ut\/18044496\/\" rel=\"nofollow noopener\" target=\"_blank\">TV 2<\/a> &#8211; som har sett deler av granskningsrapporten etter VM &#8211; manipulerte flere nasjoner hopputstyret i sesongen 2023\/2024. Blant dem var Tyskland og \u00d8sterrike. Det skal ha v\u00e6rt fors\u00f8k p\u00e5 \u00e5 eksperimentere med undert\u00f8y, men ingen ble straffet.<\/p>\n<p>          <img loading=\"lazy\" decoding=\"async\" src=\"https:\/\/www.europesays.com\/no\/wp-content\/uploads\/2025\/11\/83797080.webp\" width=\"686\" height=\"700\" title=\"P\u00c5 CATWALKEN: Marius Lindvik viste fram OL-kolleksjonen sammen med flere ut\u00f8vere torsdag. Sted: Holmenkollen. Foto: Javad Parsa \/ NTB\" alt=\"\" class=\"\" style=\"--aspect-ratio-image: 0.98; \"\/><\/p>\n<p>\n          P\u00c5 CATWALKEN: Marius Lindvik viste fram OL-kolleksjonen sammen med flere ut\u00f8vere torsdag. Sted: Holmenkollen. Foto: Javad Parsa \/ NTB\n      <\/p>\n<p>Verdenscupen starter p\u00e5 Lillehammer 21. november<\/p>\n<p class=\"italic m-italic\" data-lab-italic=\"italic\">&#8211; Hvordan blir det \u00e5 m\u00f8te konkurrentene igjen?<\/p>\n<p>&#8211; Jeg har sett mange av dem i sommer, b\u00e5de p\u00e5 samlinger og da jeg var med i Courchevel. De fleste er hyggelige og greie. Men jeg prater mer med noen enn andre, forteller Lindvik.<\/p>\n<p class=\"font-weight-bold m-font-weight-bold\" data-lab-font_weight=\"font-weight-bold\">Tyskeren Karl Geiger er ogs\u00e5 kritisk til Lindvik og Forfang.<\/p>\n<p>&#8211; \u00c5 sone straffen om sommeren er ikke en ordentlig straff. Vi vet heller ikke i hvilken grad ut\u00f8verne var involvert &#8211; om de visste om jukset, sier han til Eurosport.<\/p>\n<p>        Den norske hoppskandalen kort forklart. Video: NTB\/ORF\/Dagbladet<\/p>\n<p>Det siste har granskningsrapporten avfeid. De stive tr\u00e5dene var det trenerapparatet som bestemte seg for \u00e5 sy inn. Lindvik og Forfang ante ikke noe, if\u00f8lge rapporten.<\/p>\n<p>NRK-kommentator Jan Petter Saltvedt har fulgt saken tett fra sidelinja. I februar er det vinter-OL i Italia.<\/p>\n<p>    <a itemprop=\"url\" href=\"https:\/\/www.dagbladet.no\/sport\/to-nye-disket\/83777773\" rel=\"nofollow noopener\" target=\"_blank\"><\/p>\n<p>      <img loading=\"lazy\" decoding=\"async\" src=\"https:\/\/www.europesays.com\/no\/wp-content\/uploads\/2025\/11\/83777780.webp\" width=\"147\" height=\"98\" title=\"To nye disket\" alt=\"\" class=\"lazyload\" style=\"--aspect-ratio-image: 1.50; \"\/><\/p>\n<p>        To nye disket<\/p>\n<p>    <\/a><\/p>\n<p>&#8211; Jeg blir overrasket hvis ikke Lindvik og Forfang vil vise at de er best, uansett tykkelsen p\u00e5 sytr\u00e5den, sier Saltvedt til Dagbladet.<\/p>\n<p>&#8211; Den utenlandske misn\u00f8yen mot hopperne tror jeg ikke mye p\u00e5. Jeg tror veldig mange nasjoner spiller et spill. De er veldig glade for at de selv slapp unna \u00e5 svare for hva en hel sport har gjort i mange \u00e5r. De norske hopperne fortjente straffen de fikk. Men det er flere andre nasjoner som sikkert kunne ha f\u00e5tt seg en pause ogs\u00e5.<\/p>\n<p>          <img loading=\"lazy\" decoding=\"async\" src=\"https:\/\/www.europesays.com\/no\/wp-content\/uploads\/2025\/11\/83797089.webp\" width=\"686\" height=\"419\" title=\"NRK-KOMMENTATOR: Jan Petter Saltvedt. Skjermdump: NRK\" alt=\"\" class=\"\" style=\"--aspect-ratio-image: 1.64; \"\/><\/p>\n<p>\n          NRK-KOMMENTATOR: Jan Petter Saltvedt. Skjermdump: NRK\n      <\/p>\n<p>Saltvedt p\u00e5peker:<\/p>\n<p>&#8211; Det har \u00e5penbart v\u00e6rt en kultur hvor du har kunnet t\u00f8ye grensene fordi det er mulig. N\u00e5 er det nordmennene som er syndebukker og skal ta alt sammen. Vel fortjent for dem. Men de kunne ha delt p\u00e5 ansvaret. Det vet alle godt.<\/p>\n<p>        Den norske hoppskandalen g\u00e5r verden rundt. Talkshowvert Stephen Colbert har et alternativt syn p\u00e5 saken. Reporter: Edward Stenlund. Video\/foto: NTB \/ Dagbladet \/ Birthe Skingen \/ CBS \/ Sport.pl<\/p>\n<p>Nordmennene skal trene i Oberstdorf i Tyskland den n\u00e6rmeste tida. Om bare tre uker braker det l\u00f8s p\u00e5 Lillehammer.<\/p>\n<p>&#8211; Jeg g\u00e5r inn i sesongen med hevet hode, sier Lindvik.<\/p>\n","protected":false},"excerpt":{"rendered":"Norge angripes: Tyskeren Philipp Raimund melder om \u00abvondt blod\u00bb i hoppsporten: &#8211; De som snakker h\u00f8yest n\u00e5, er&hellip;\n","protected":false},"author":2,"featured_media":75882,"comment_status":"","ping_status":"","sticky":false,"template":"","format":"standard","meta":{"footnotes":""},"categories":[59],"tags":[770,8757,1489,899,30,28,29,83,82],"class_list":{"0":"post-75881","1":"post","2":"type-post","3":"status-publish","4":"format-standard","5":"has-post-thumbnail","7":"category-sport","8":"tag-hopp","9":"tag-jan-petter-saltvedt","10":"tag-johann-andre-forfang","11":"tag-marius-lindvik","12":"tag-no","13":"tag-norge","14":"tag-norway","15":"tag-sport","16":"tag-sports"},"share_on_mastodon":{"url":"https:\/\/pubeurope.com\/@no\/115475723350545880","error":""},"_links":{"self":[{"href":"https:\/\/www.europesays.com\/no\/wp-json\/wp\/v2\/posts\/75881","targetHints":{"allow":["GET"]}}],"collection":[{"href":"https:\/\/www.europesays.com\/no\/wp-json\/wp\/v2\/posts"}],"about":[{"href":"https:\/\/www.europesays.com\/no\/wp-json\/wp\/v2\/types\/post"}],"author":[{"embeddable":true,"href":"https:\/\/www.europesays.com\/no\/wp-json\/wp\/v2\/users\/2"}],"replies":[{"embeddable":true,"href":"https:\/\/www.europesays.com\/no\/wp-json\/wp\/v2\/comments?post=75881"}],"version-history":[{"count":0,"href":"https:\/\/www.europesays.com\/no\/wp-json\/wp\/v2\/posts\/75881\/revisions"}],"wp:featuredmedia":[{"embeddable":true,"href":"https:\/\/www.europesays.com\/no\/wp-json\/wp\/v2\/media\/75882"}],"wp:attachment":[{"href":"https:\/\/www.europesays.com\/no\/wp-json\/wp\/v2\/media?parent=75881"}],"wp:term":[{"taxonomy":"category","embeddable":true,"href":"https:\/\/www.europesays.com\/no\/wp-json\/wp\/v2\/categories?post=75881"},{"taxonomy":"post_tag","embeddable":true,"href":"https:\/\/www.europesays.com\/no\/wp-json\/wp\/v2\/tags?post=75881"}],"curies":[{"name":"wp","href":"https:\/\/api.w.org\/{rel}","templated":true}]}}