{"id":75927,"date":"2025-11-01T19:04:12","date_gmt":"2025-11-01T19:04:12","guid":{"rendered":"https:\/\/www.europesays.com\/no\/75927\/"},"modified":"2025-11-01T19:04:12","modified_gmt":"2025-11-01T19:04:12","slug":"sandnessjoen-alstahaug-alle-kan-ikke-fa-hjelp-samtidig-hvis-vi-rammes-av-en-storre-krise","status":"publish","type":"post","link":"https:\/\/www.europesays.com\/no\/75927\/","title":{"rendered":"Sandnessj\u00f8en, Alstahaug | \u2013 Alle kan ikke f\u00e5 hjelp samtidig hvis vi rammes av en st\u00f8rre krise"},"content":{"rendered":"\n<p>\u2013 Bli en beredskapsvenn! Snakk med venner, familie og naboer om hvordan dere kan hjelpe hverandre ved kriser, oppfordrer beredskapskoordinator i Alstahaug kommune, Irmelin Wilmann.<\/p>\n<p>Utsagnet fanger essensen av \u00e5rets tema i Egenberedskapsuka 2025 \u2013 felles egenberedskap. Kampanjen er initiert av Direktoratet for samfunnssikkerhet og beredskap (DSB), som oppfordrer alle til \u00e5 finne sin beredskapsvenn \u2013 en person man har avtale med om \u00e5 hjelpe hverandre i kriser.<\/p>\n<p>\u2013 En beredskapsvenn kan v\u00e6re familie, venner, naboer eller andre man stoler p\u00e5. Det handler om \u00e5 vite hvem man kan kontakte, og \u00e5 v\u00e6re den noen kan kontakte, forklarer Wilmann.<\/p>\n<p>Wilmann forklarer at en beredskapsvenn kan bidra til trygghet i hverdagen, og hjelpe hverandre med b\u00e5de praktiske oppgaver, deling av utstyr og varer, samt omsorg og st\u00f8tte n\u00e5r det trengs.<\/p>\n<p>\u2013 Forberedt p\u00e5 det uventede<\/p>\n<p>If\u00f8lge Direktoratet for samfunnssikkerhet og beredskap (DSB) lever vi i en tid med \u00f8kende uro \u2013 blant annet som f\u00f8lge av klimaendringer, sikkerhetspolitiske spenninger og digitale s\u00e5rbarheter. Derfor er egenberedskap viktigere enn noen gang.<\/p>\n<p>\u2013 Egenberedskap handler ikke om \u00e5 frykte det verste, men om \u00e5 v\u00e6re forberedt p\u00e5 det uventede, sier Wilmann.<\/p>\n<p>Hun mener det er viktig at flest mulig er forberedt p\u00e5 \u00e5 klare seg selv \u2013 nettopp for at hjelpen skal n\u00e5 dem som trenger det mest.<\/p>\n<p>\u2013 Alle kan ikke f\u00e5 hjelp samtidig hvis vi skulle rammes av en st\u00f8rre krise. Vi er da avhengig av at s\u00e5 mange som mulig har god egenberedskap, slik at kommunen og n\u00f8detater kan prioritere dem som ikke klarer seg uten hjelp i en krise.<\/p>\n<p>   <img decoding=\"async\" width=\"2480\" height=\"1653\" fetchpriority=\"low\"  loading=\"lazy\"  src=\"https:\/\/www.europesays.com\/no\/wp-content\/uploads\/2025\/11\/DSC08676.jpg\" alt=\"\" class=\"brick-c-cFOWSL\" style=\"--brick-image-ratio: 2480 \/ 1653;\"\/><\/p>\n<p>  \u2013 Start med det grunnleggende<\/p>\n<p>Alstahaug kommune har ikke egne arrangementer under Egenberedskapsuka, men deler informasjon og r\u00e5d i sine kanaler.<\/p>\n<p>\u2013 De vil, p\u00e5 vegne av kommunen, dele ut sammenleggbare vanndunker til innbyggere som kommer innom standen \u2013 s\u00e5 langt beholdningen rekker, s\u00e5 det er f\u00f8rst til m\u00f8lla. <\/p>\n<p>Til slutt minner Wilmann om at egenberedskap starter med sm\u00e5 grep.<\/p>\n<p>\u2013 Start med det grunnleggende. S\u00f8rg for vann og mat for minst en uke, og tenk gjennom hvordan du kan holde varmen hvis str\u00f8mmen g\u00e5r. Varme kl\u00e6r og tepper kan utgj\u00f8re en forskjell i en n\u00f8dssituasjon, sier hun.<\/p>\n<p>            \u00c5 v\u00e6re beredskapsvenn kan bety:<\/p>\n<ul>\n<li>\u00c5 hjelpe til med f\u00f8rstehjelp<\/li>\n<li>\u00c5 gi omsorg og st\u00f8tte<\/li>\n<li>\u00c5 gi husly ved evakuering<\/li>\n<li>\u00c5 forklare informasjon fra myndighetene<\/li>\n<li>\u00c5 hjelpe til med utstyr og praktiske oppgaver<\/li>\n<li>\u00c5 handle og frakte varer<\/li>\n<li>\u00c5 l\u00e5ne ut utstyr eller telefon<\/li>\n<li>\u00c5 lage mat sammen<\/li>\n<\/ul>\n<p> Kilde: Regjeringen.<\/p>\n","protected":false},"excerpt":{"rendered":"\u2013 Bli en beredskapsvenn! Snakk med venner, familie og naboer om hvordan dere kan hjelpe hverandre ved kriser,&hellip;\n","protected":false},"author":2,"featured_media":75928,"comment_status":"","ping_status":"","sticky":false,"template":"","format":"standard","meta":{"footnotes":""},"categories":[5],"tags":[2486,36,3851,20,21,24,25,15,19,22,23,17,18,13,30,28,29,14,16,1953,1510,26,27],"class_list":{"0":"post-75927","1":"post","2":"type-post","3":"status-publish","4":"format-standard","5":"has-post-thumbnail","7":"category-overskrifter","8":"tag-alstahaug","9":"tag-art","10":"tag-beredskap","11":"tag-breaking-news","12":"tag-breakingnews","13":"tag-featured-news","14":"tag-featurednews","15":"tag-headlines","16":"tag-hovedoppslag","17":"tag-latest-news","18":"tag-latestnews","19":"tag-main-news","20":"tag-mainnews","21":"tag-news","22":"tag-no","23":"tag-norge","24":"tag-norway","25":"tag-nyheter","26":"tag-overskrifter","27":"tag-sandnessjoen","28":"tag-story","29":"tag-top-stories","30":"tag-topstories"},"share_on_mastodon":{"url":"https:\/\/pubeurope.com\/@no\/115476002552502335","error":""},"_links":{"self":[{"href":"https:\/\/www.europesays.com\/no\/wp-json\/wp\/v2\/posts\/75927","targetHints":{"allow":["GET"]}}],"collection":[{"href":"https:\/\/www.europesays.com\/no\/wp-json\/wp\/v2\/posts"}],"about":[{"href":"https:\/\/www.europesays.com\/no\/wp-json\/wp\/v2\/types\/post"}],"author":[{"embeddable":true,"href":"https:\/\/www.europesays.com\/no\/wp-json\/wp\/v2\/users\/2"}],"replies":[{"embeddable":true,"href":"https:\/\/www.europesays.com\/no\/wp-json\/wp\/v2\/comments?post=75927"}],"version-history":[{"count":0,"href":"https:\/\/www.europesays.com\/no\/wp-json\/wp\/v2\/posts\/75927\/revisions"}],"wp:featuredmedia":[{"embeddable":true,"href":"https:\/\/www.europesays.com\/no\/wp-json\/wp\/v2\/media\/75928"}],"wp:attachment":[{"href":"https:\/\/www.europesays.com\/no\/wp-json\/wp\/v2\/media?parent=75927"}],"wp:term":[{"taxonomy":"category","embeddable":true,"href":"https:\/\/www.europesays.com\/no\/wp-json\/wp\/v2\/categories?post=75927"},{"taxonomy":"post_tag","embeddable":true,"href":"https:\/\/www.europesays.com\/no\/wp-json\/wp\/v2\/tags?post=75927"}],"curies":[{"name":"wp","href":"https:\/\/api.w.org\/{rel}","templated":true}]}}