{"id":75991,"date":"2025-11-01T20:51:45","date_gmt":"2025-11-01T20:51:45","guid":{"rendered":"https:\/\/www.europesays.com\/no\/75991\/"},"modified":"2025-11-01T20:51:45","modified_gmt":"2025-11-01T20:51:45","slug":"beredskap-frivillig-redningstjeneste-redning-og-beredskap-ma-styrkes-gjennom-turistbidrag","status":"publish","type":"post","link":"https:\/\/www.europesays.com\/no\/75991\/","title":{"rendered":"Beredskap, Frivillig redningstjeneste | Redning og beredskap m\u00e5 styrkes gjennom turistbidrag"},"content":{"rendered":"\n<p><b>Troms fylke er en av de vakreste regionene i Norge med storsl\u00e5tt natur som lokker til seg store mengder tilreisende fra hele verden \u00e5ret rundt. Denne tilstr\u00f8mmingen av turister gir \u00f8kt vekst i reiselivet og nye arbeidsplasser. Men samtidig s\u00e5 utfordrer dette v\u00e5r beredskap.<\/b><\/p>\n<p><b>Hver vinter<\/b> er det i snitt 60 redningsaksjoner knyttet til sn\u00f8skred her til lands, og over halvparten av d\u00f8dsulykkene skjer i Troms fylke.<\/p>\n<p><b>Fagleder<\/b> i Troms R\u00f8de kors, Per Inge Belt er intervjuet av NRK Troms\/Finnmark i april 2024. Faglederen er klar p\u00e5 at beredskapsordningen i norske fjell m\u00e5 profesjonaliseres p\u00e5 grunn av \u00f8kning i turismen. Belt ser helt klart en \u00f8kning i aksjoner hvor det er utenlandske turister involvert.<\/p>\n<p><b>If\u00f8lge Belt<\/b> s\u00e5 m\u00e5 frivillige samle inn penger for \u00e5 betale bilavgiften, istedenfor \u00e5 bruke tid p\u00e5 \u00e5 utvikle seg faglig. Belt mener det er en stadig st\u00f8rre forventning om at frivillige skal stille opp n\u00e5r ulykker skjer.<\/p>\n<p><b>Belt i R\u00f8de Kors <\/b>f\u00e5r st\u00f8tte fra Audun Hetland, skredforsker ved UiT. Han peker p\u00e5 at reiseliv er blitt Norges femte st\u00f8rste eksportn\u00e6ring.<\/p>\n<p><b>\u2013 Det kan ikke v\u00e6re s\u00e5nn at en s\u00e5 stor industri, som st\u00e5r for s\u00e5 mye verdiskapning, skal v\u00e6re avhengig av at folk steker vafler for \u00e5 f\u00e5 r\u00e5d til nytt utstyr, sier Hetland til NRK.<\/b><\/p>\n<p><b>Som folkevalgt<\/b> og innbygger i Troms s\u00e5 mener jeg at det n\u00e5 er p\u00e5 tide at vi styrker beredskapen i Troms p\u00e5 bakgrunn av \u00f8kt turisme, spesielt vinterstid. Frivillige lag og foreninger i beredskapsfamilien har behov for \u00e5 styrke sin kompetanse, investere i nytt og bedre utstyr, vedlikeholde gammelt utstyr, og ikke minst drive informasjonsarbeid og rekruttere nye medlemmer\/frivillige til innsats for fellesskapet i Troms. <\/p>\n<p><b>Dette arbeidet <\/b>er i dag overveiende tuftet p\u00e5 frivillig arbeid. P\u00e5 sikt vil ikke dette v\u00e6re b\u00e6rekraftig for \u00e5 sikre framtidig tilstedev\u00e6relse av de mange tusen menneskene som alltid st\u00e5r beredt til \u00e5 yte innsats ved hendelser i v\u00e5rt fylke.<\/p>\n<p><b>Regjeringen har <\/b>innf\u00f8rt turistbidrag p\u00e5 3% som skal g\u00e5 til kommunene for \u00e5 finansiere en b\u00e6rekraftig bes\u00f8ksforvaltning. Dette er bra og et steg i riktig retning for at kommunene kan h\u00e5ndtere den store \u00f8kningen i turismen i Troms.<\/p>\n<p><b>Men vi m\u00e5 n\u00e5 ta et enda st\u00f8rre eierskap til utfordringene med \u00f8kt turisme gjennom \u00e5 se p\u00e5 muligheten for at Troms fylke kan bli pilot for en ny finansieringsordning for styrking av beredskapen. Vi b\u00f8r se p\u00e5 en ordning hvor det innf\u00f8res et ekstra turistbidrag p\u00e5 1% som da skal \u00f8remerkes beredskap i Troms fylke. Dermed kan ogs\u00e5 turistene selv bidra til sin egen sikkerhet.<\/b><\/p>\n<p><b>Forvaltningen<\/b> av et slikt bidrag kan for eksempel legges til et fond som Troms fylkeskommune administrerer gjennom en s\u00f8kbar ordning for v\u00e5r beredskapsfamilie. Fylkestinget i Troms kan v\u00e6re det folkevalgte organet som endelig tildeler midler.<\/p>\n","protected":false},"excerpt":{"rendered":"Troms fylke er en av de vakreste regionene i Norge med storsl\u00e5tt natur som lokker til seg store&hellip;\n","protected":false},"author":2,"featured_media":75992,"comment_status":"","ping_status":"","sticky":false,"template":"","format":"standard","meta":{"footnotes":""},"categories":[10],"tags":[36,3851,20,21,24,25,10498,15,22,23,13,30,28,29,14,1533,16,10500,3661,10499,10502,26,27,1425,3363,10501,6776],"class_list":{"0":"post-75991","1":"post","2":"type-post","3":"status-publish","4":"format-standard","5":"has-post-thumbnail","7":"category-norge","8":"tag-art","9":"tag-beredskap","10":"tag-breaking-news","11":"tag-breakingnews","12":"tag-featured-news","13":"tag-featurednews","14":"tag-frivillig-redningstjeneste","15":"tag-headlines","16":"tag-latest-news","17":"tag-latestnews","18":"tag-news","19":"tag-no","20":"tag-norge","21":"tag-norway","22":"tag-nyheter","23":"tag-opinion","24":"tag-overskrifter","25":"tag-redningsaksjoner","26":"tag-sikkerhet-og-beredskap","27":"tag-skiturister","28":"tag-snoskred","29":"tag-top-stories","30":"tag-topstories","31":"tag-troms-fylkeskommune","32":"tag-turisme","33":"tag-turistavgift","34":"tag-turistskatt"},"share_on_mastodon":{"url":"https:\/\/pubeurope.com\/@no\/115476423150205812","error":""},"_links":{"self":[{"href":"https:\/\/www.europesays.com\/no\/wp-json\/wp\/v2\/posts\/75991","targetHints":{"allow":["GET"]}}],"collection":[{"href":"https:\/\/www.europesays.com\/no\/wp-json\/wp\/v2\/posts"}],"about":[{"href":"https:\/\/www.europesays.com\/no\/wp-json\/wp\/v2\/types\/post"}],"author":[{"embeddable":true,"href":"https:\/\/www.europesays.com\/no\/wp-json\/wp\/v2\/users\/2"}],"replies":[{"embeddable":true,"href":"https:\/\/www.europesays.com\/no\/wp-json\/wp\/v2\/comments?post=75991"}],"version-history":[{"count":0,"href":"https:\/\/www.europesays.com\/no\/wp-json\/wp\/v2\/posts\/75991\/revisions"}],"wp:featuredmedia":[{"embeddable":true,"href":"https:\/\/www.europesays.com\/no\/wp-json\/wp\/v2\/media\/75992"}],"wp:attachment":[{"href":"https:\/\/www.europesays.com\/no\/wp-json\/wp\/v2\/media?parent=75991"}],"wp:term":[{"taxonomy":"category","embeddable":true,"href":"https:\/\/www.europesays.com\/no\/wp-json\/wp\/v2\/categories?post=75991"},{"taxonomy":"post_tag","embeddable":true,"href":"https:\/\/www.europesays.com\/no\/wp-json\/wp\/v2\/tags?post=75991"}],"curies":[{"name":"wp","href":"https:\/\/api.w.org\/{rel}","templated":true}]}}