{"id":76094,"date":"2025-11-01T23:42:13","date_gmt":"2025-11-01T23:42:13","guid":{"rendered":"https:\/\/www.europesays.com\/no\/76094\/"},"modified":"2025-11-01T23:42:13","modified_gmt":"2025-11-01T23:42:13","slug":"fra-peter-sellers-til-rod-stewart","status":"publish","type":"post","link":"https:\/\/www.europesays.com\/no\/76094\/","title":{"rendered":"Fra Peter Sellers til Rod Stewart"},"content":{"rendered":"<p class=\"kicker \" style=\"\">Britt Ekland forteller om forholdene sine<\/p>\n<p>  Den svenske blondinen var 60-tallets store stjerne \u2013 men livet i rampelyset hadde en m\u00f8rk bakside.<\/p>\n<p>\n    ETT LIV: Svenske Britt Ekland har \u00e5pnet opp om livet sitt i det svenske radioprogrammet \u00abSommar i P1\u00bb. Foto: NTB\n  <\/p>\n<p><a href=\"https:\/\/www.seher.no\/kjendis\/forlot-ektemannen-pa-50-arsdagen\/80023451\" rel=\"nofollow noopener\" target=\"_blank\">Britt Ekland (<\/a>83) har levd et liv som p\u00e5 mange m\u00e5ter kunne v\u00e6rt en film \u2013 fylt av glamor\u00f8se m\u00f8ter, intense forelskelser og reiser verden over. Men bak glansen skjulte det seg ogs\u00e5 m\u00f8rke kapitler.\u00a0<\/p>\n<p>Hun deler n\u00e5 minner fra en tid der lidenskap gikk h\u00e5nd i h\u00e5nd med kontroll, sjalusi og smerte \u2013 et liv bak kulissene som var alt annet enn glitrende.<\/p>\n<p>          <img loading=\"lazy\" decoding=\"async\" src=\"https:\/\/www.europesays.com\/no\/wp-content\/uploads\/2025\/11\/83767002.webp\" width=\"686\" height=\"515\" title=\"STOLT MAMMA: Britts mamma Maj Britt var sekret\u00e6r \u2013 og d\u00f8de av Alzheimer p\u00e5 80-tallet. Foto: NTB\" alt=\"\" class=\"\" style=\"--aspect-ratio-image: 1.33; \"\/><\/p>\n<p>\n          STOLT MAMMA: Britts mamma Maj Britt var sekret\u00e6r \u2013 og d\u00f8de av Alzheimer p\u00e5 80-tallet. Foto: NTB\n      <\/p>\n<p>En av de mest dramatiske forholdene hennes var til den britiske komikeren og skuespilleren Peter Sellers (1925\u20131980).\u00a0<\/p>\n<p>De m\u00f8ttes da Britt bare var 21 \u00e5r, og han 38. Allerede etter f\u00f8rste date startet en intens oppvarting \u2013 med blomster i mengder og til og med en hund som gave.<\/p>\n<p>          <img loading=\"lazy\" decoding=\"async\" src=\"https:\/\/www.europesays.com\/no\/wp-content\/uploads\/2025\/11\/83767008.webp\" width=\"686\" height=\"680\" title=\"UNG: Skuespilleren Peter Sellers s\u00e5 et bilde av Britt \u2013 og bestemte seg for at han ville ha henne. Foto: NTB\" alt=\"\" class=\"\" style=\"--aspect-ratio-image: 1.01; \"\/><\/p>\n<p>\n          UNG: Skuespilleren Peter Sellers s\u00e5 et bilde av Britt \u2013 og bestemte seg for at han ville ha henne. Foto: NTB\n      <\/p>\n<p>\u2013 Jeg var ung, jeg var forelsket og s\u00e5 enn\u00e5 ikke hans enorme behov for kontroll. Jeg trodde alt bare handlet om kj\u00e6rlighet, forteller hun i \u00abSommar i P1\u00bb.<\/p>\n<p>          <img loading=\"lazy\" decoding=\"async\" src=\"https:\/\/www.europesays.com\/no\/wp-content\/uploads\/2025\/11\/83767022.webp\" width=\"686\" height=\"467\" title=\"FORELSKET: Britt og Rod Stewart ble introdusert av Joan Collins. Foto: NTB\" alt=\"\" class=\"\" style=\"--aspect-ratio-image: 1.47; \"\/><\/p>\n<p>\n          FORELSKET: Britt og Rod Stewart ble introdusert av Joan Collins. Foto: NTB\n      <\/p>\n<p>Han bestemte alt. Kort tid etter fridde Sellers \u2013 p\u00e5 sitt helt eget vis. Han fortalte nemlig til en avis at de skulle gifte seg, uten \u00e5 ha spurt Britt f\u00f8rst.<\/p>\n<p>\u2013 \u00abJeg antar det,\u00bb svarte hun da han senere spurte om det var greit.<\/p>\n<p>          <img loading=\"lazy\" decoding=\"async\" src=\"https:\/\/www.europesays.com\/no\/wp-content\/uploads\/2025\/11\/83767027.webp\" width=\"686\" height=\"446\" title=\"VILLE GIFTE SEG: Britt og sangeren&#10;Phil skal ha v\u00e6rt forlovet \u2013 men det ble&#10;ikke bryllup. Foto: NTB\" alt=\"\" class=\"\" style=\"--aspect-ratio-image: 1.54; \"\/><\/p>\n<p>\n          VILLE GIFTE SEG: Britt og sangeren<br \/>\nPhil skal ha v\u00e6rt forlovet \u2013 men det ble<br \/>\nikke bryllup. Foto: NTB\n      <\/p>\n<p>Selv bryllupet ble mer hans enn hennes. Kjolen, blomstene, gjestelisten \u2013 alt hadde han bestemt.<\/p>\n<p>          <img loading=\"lazy\" decoding=\"async\" src=\"https:\/\/www.europesays.com\/no\/wp-content\/uploads\/2025\/11\/83767056.webp\" width=\"686\" height=\"851\" title=\"STOR ALDERSFORSKJELL: Da Britt var 42 \u00e5r gammel, giftet hun seg med den 23 \u00e5r gamle trommeslageren Slim Jim Phantom. Foto: NTB\" alt=\"\" class=\"\" style=\"--aspect-ratio-image: 0.81; \"\/><\/p>\n<p>\n          STOR ALDERSFORSKJELL: Da Britt var 42 \u00e5r gammel, giftet hun seg med den 23 \u00e5r gamle trommeslageren Slim Jim Phantom. Foto: NTB\n      <\/p>\n<p>I begynnelsen var Britt ung og hodestups forelsket, og hun s\u00e5 ikke faresignalene. Hun trodde hans sterke vilje og stadige tilstedev\u00e6relse var uttrykk for kj\u00e6rlighet. Men snart ble det tydelig at det handlet om noe helt annet.<\/p>\n<p>          <img loading=\"lazy\" decoding=\"async\" src=\"https:\/\/www.europesays.com\/no\/wp-content\/uploads\/2025\/11\/83767074.webp\" width=\"686\" height=\"460\" title=\"BODDE SAMMEN: Britt og plateprodusenten Lou Adler fikk en s\u00f8nn mens&#10;de var et par. Foto: NTB\" alt=\"\" class=\"\" style=\"--aspect-ratio-image: 1.49; \"\/><\/p>\n<p>\n          BODDE SAMMEN: Britt og plateprodusenten Lou Adler fikk en s\u00f8nn mens<br \/>\nde var et par. Foto: NTB\n      <\/p>\n<p>\u2013 Sellers var ekstremt sjalu og m\u00e5tte ha full kontroll. Han ansatte en sekret\u00e6r som bodde sammen med meg. Han ringte hver natt og ville vite hvem jeg snakket med, hvem jeg spiste lunsj med, om jeg hadde kysset min \u00ableading man\u00bb. Jeg m\u00e5tte beskrive dagen min minutt for minutt, fortalte hun i radio-programmet.<\/p>\n<p>          <img loading=\"lazy\" decoding=\"async\" src=\"https:\/\/www.europesays.com\/no\/wp-content\/uploads\/2025\/11\/83767080.webp\" width=\"686\" height=\"858\" title=\"ELSKER SVERIGE: Britt har&#10;aldri glemt sine svenske aner \u2013 og&#10;koser seg n\u00e5r hun f\u00e5r feire svensk&#10;midtsommar. Foto: @brittekland\/instagram\" alt=\"\" class=\"\" style=\"--aspect-ratio-image: 0.80; \"\/><\/p>\n<p>\n          ELSKER SVERIGE: Britt har<br \/>\naldri glemt sine svenske aner \u2013 og<br \/>\nkoser seg n\u00e5r hun f\u00e5r feire svensk<br \/>\nmidtsommar. Foto: @brittekland\/instagram\n      <\/p>\n<p>Som om ikke det var nok, hadde han ogs\u00e5 bedt to av hennes mannlige motspillere om \u00e5 rapportere hvert eneste steg hun tok.<\/p>\n<p>Lidenskapen mellom Britt og Peter var intens \u2013 men ogs\u00e5 farlig.<\/p>\n<p>          <img loading=\"lazy\" decoding=\"async\" src=\"https:\/\/www.europesays.com\/no\/wp-content\/uploads\/2025\/11\/83767089.webp\" width=\"686\" height=\"879\" title=\"BOND-PIKE: Ber\u00f8mmelsen&#10;tok fullstendig av da Britt (til&#10;h\u00f8yre) spilte Bond-pike i \u00abMannen&#10;med den gylne pistol\u00bb i 1974. Foto: NTB\" alt=\"\" class=\"\" style=\"--aspect-ratio-image: 0.78; \"\/><\/p>\n<p>\n          BOND-PIKE: Ber\u00f8mmelsen<br \/>\ntok fullstendig av da Britt (til<br \/>\nh\u00f8yre) spilte Bond-pike i \u00abMannen<br \/>\nmed den gylne pistol\u00bb i 1974. Foto: NTB\n      <\/p>\n<p>\u2013 En gang ville han pr\u00f8ve \u00abpoppers\u00bb for \u00e5 forsterke nytelsen, forteller Britt i radioprogrammet.<\/p>\n<p>Det endte i katastrofe. Midt i akten fikk han et hjerteinfarkt.<\/p>\n<p>    <a itemprop=\"url\" href=\"https:\/\/www.seher.no\/kjendis\/hun-straler-virkelig\/83763467\" rel=\"nofollow noopener\" target=\"_blank\"><\/p>\n<p>      <img loading=\"lazy\" decoding=\"async\" src=\"https:\/\/www.europesays.com\/no\/wp-content\/uploads\/2025\/11\/83763630.webp\" width=\"980\" height=\"441\" title=\"- Hun str\u00e5ler virkelig!\" alt=\"\" class=\"lazyload\" style=\"--aspect-ratio-image: 2.22; \"\/><\/p>\n<p>        &#8211; Hun str\u00e5ler virkelig!<\/p>\n<p>    <\/a><\/p>\n<p>\u2013 Min mann var bevisstl\u00f8s. Han l\u00e5 med slanger og oksygenmaske. P\u00e5 to timer fikk han seks hjerteinfarkt til. Legen tok h\u00e5nden min og ba meg forberede meg p\u00e5 det verste. Vi hadde v\u00e6rt gift i 46 dager, forteller hun.<\/p>\n<p>          <img loading=\"lazy\" decoding=\"async\" src=\"https:\/\/www.europesays.com\/no\/wp-content\/uploads\/2025\/11\/83767091.webp\" width=\"686\" height=\"542\" title=\"MAMMA TIL TRE: Britt fikk tre barn. Her&#10;er hun sammen med sin yngste, T.J., i 1994. Foto: @brittekland\/instagram\" alt=\"\" class=\"\" style=\"--aspect-ratio-image: 1.27; \"\/><\/p>\n<p>\n          MAMMA TIL TRE: Britt fikk tre barn. Her<br \/>\ner hun sammen med sin yngste, T.J., i 1994. Foto: @brittekland\/instagram\n      <\/p>\n<p>Mot alle odds overlevde Peter.\u00a0<\/p>\n<p>Datteren Victoria ble f\u00f8dt \u00e5ret etter, i 1965 \u2013 men forholdet ble ikke bedre. Da paret ble jaget av paparazzier en dag, stanset Britt for \u00e5 la dem ta et bilde. Tilbake p\u00e5 hotellet eksploderte han.<\/p>\n<p>\u2013 Manisk rev han kl\u00e6rne mine i stykker, trampet p\u00e5 Cartier-klokken og skylte den ned i toalettet. Galskapen varte til halv fire om morgenen, sier hun.<\/p>\n<p>          <img loading=\"lazy\" decoding=\"async\" src=\"https:\/\/www.europesays.com\/no\/wp-content\/uploads\/2025\/11\/83767095.webp\" width=\"686\" height=\"748\" title=\"HOLLYWOODFRUE: Britt var&#10;med i \u00abSvenske Hollywoodfruer\u00bb i to&#10;sesonger \u2013 hvor hun kranglet mye med&#10;Gunilla Persson (66). Bak st\u00e5r Maria&#10;Montazami (59) og Siv Cotton (53). Foto: Thomas Engstr\u00f6m\" alt=\"\" class=\"\" style=\"--aspect-ratio-image: 0.92; \"\/><\/p>\n<p>\n          HOLLYWOODFRUE: Britt var<br \/>\nmed i \u00abSvenske Hollywoodfruer\u00bb i to<br \/>\nsesonger \u2013 hvor hun kranglet mye med<br \/>\nGunilla Persson (66). Bak st\u00e5r Maria<br \/>\nMontazami (59) og Siv Cotton (53). Foto: Thomas Engstr\u00f6m\n      <\/p>\n<p>Dagen etter ringte han agenten sin og ba ham hente Britt. Ekteskapet var over.<\/p>\n<p>Etter bruddet skj\u00f8t Britts karriere fart. Etter hvert m\u00f8tte hun plate-produsenten Lou Adler (91), og i 1973 fikk de s\u00f8nnen Nic.<\/p>\n<p>        SLOTTET, OSLO: Salen br\u00f8t ut i latter flere ganger da Hans Majestet Kong Harald V innledet sin tale under Stortingsmiddagen p\u00e5 Slottet torsdag 23. oktober. Video: TV 2<\/p>\n<p>\u2013 To \u00e5r senere begynte jeg \u00e5 mistenke at Lou var utro, og spurte hushjelpen \u2013 som fortalte sannheten, har Britt fortalt.<\/p>\n<p>I 1974 ble hun verdens-ber\u00f8mt som Bond-piken i \u00abMannen med den gylne pistol\u00bb. Forholdet til Adler var over, og hun falt pladask for sangeren Rod Stewart (80) da Joan Collins (92) introduserte dem.<\/p>\n<p>Forholdet var intenst.<\/p>\n<p>\u2013 Han ville ha meg ved sin side d\u00f8gnet rundt. Jeg hjalp ham med l\u00e5ter, og n\u00e5r han sto p\u00e5 scenen, hadde han p\u00e5 seg trusene mine for \u00e5 holde orden p\u00e5 \u00abpakka\u00bb, forteller hun i radioprogrammet.<\/p>\n<p>          <img loading=\"lazy\" decoding=\"async\" src=\"https:\/\/www.europesays.com\/no\/wp-content\/uploads\/2025\/11\/83767099.webp\" width=\"686\" height=\"858\" title=\"STOLT BESTEMOR: Britt&#10;pynter til Halloween med tre av&#10;barnebarna sine. Foto: @brittekland\/instagram\" alt=\"\" class=\"\" style=\"--aspect-ratio-image: 0.80; \"\/><\/p>\n<p>\n          STOLT BESTEMOR: Britt<br \/>\npynter til Halloween med tre av<br \/>\nbarnebarna sine. Foto: @brittekland\/instagram\n      <\/p>\n<p>Hun hadde ogs\u00e5 korte romanser med Hollywood-stjerner som Ryan O\u2019Neal (1941\u20132023) og Warren Beatty (88).<\/p>\n<p>\u2013 Den mest guddommelige elskeren av alle, med en sexdrift like d\u00f8delig som h\u00f8yoktan bensin, har hun sagt om Warren Beatty.<\/p>\n<p>        SKAL VI DANSE: Det gikk galt for proffdanser Tarjei Svalastog under en parkett\u00f8vning, torsdag. Video Tarjei Svalastog. Reporter: Trond Markus Gravdal<\/p>\n<p>Men alt var ikke rosenr\u00f8dt.<\/p>\n<p>\u2013 Warren dro meg med p\u00e5 pornokinoer. Jeg skj\u00f8nte ikke hvorfor. Hvorfor skulle jeg ville se folk ha sex? For meg var det bare bisart. P\u00e5 hvilken m\u00e5te var det g\u00f8y? S\u00e5 Warren og jeg hadde bare sex. Det var s\u00e5nn det var, sa hun i et intervju med The Times.<\/p>\n<p>          <img loading=\"lazy\" decoding=\"async\" src=\"https:\/\/www.europesays.com\/no\/wp-content\/uploads\/2025\/11\/83767101.webp\" width=\"686\" height=\"865\" title=\"LITA OG S\u00d8T: Lille Britt-Marie&#10;Eklund ble f\u00f8dt i Stockholm i 1942. Foto: @brittekland\/instagram\" alt=\"\" class=\"\" style=\"--aspect-ratio-image: 0.79; \"\/><\/p>\n<p>\n          LITA OG S\u00d8T: Lille Britt-Marie<br \/>\nEklund ble f\u00f8dt i Stockholm i 1942. Foto: @brittekland\/instagram\n      <\/p>\n<p>Det neste seri\u00f8se forholdet hun hadde, var med sangeren Phil Lewis (68). Ryktene skulle ha det til at de var forlovet, men det har aldri blitt bekreftet. <\/p>\n<p>S\u00e5 traff Britt den 19 \u00e5ryngre musikeren Slim Jim Phantom (64), som hun giftet seg med i 1984. <\/p>\n<p>    <a itemprop=\"url\" href=\"https:\/\/www.seher.no\/kjendis\/stakkars-kona-mi\/83760243\" rel=\"nofollow noopener\" target=\"_blank\"><\/p>\n<p>      <img loading=\"lazy\" decoding=\"async\" src=\"https:\/\/www.europesays.com\/no\/wp-content\/uploads\/2025\/11\/83760606.webp\" width=\"980\" height=\"441\" title=\"- Stakkars kona mi\" alt=\"\" class=\"lazyload\" style=\"--aspect-ratio-image: 2.22; \"\/><\/p>\n<p>        &#8211; Stakkars kona mi<\/p>\n<p>    <\/a><\/p>\n<p>Han er faren til Britts yngste s\u00f8nn, T.J. McDonnell.<\/p>\n<p>\u00a0Men ogs\u00e5 det forholdet gikk over, \u00e5tte \u00e5r etter at de giftet seg.<\/p>\n<p>\u00a0Selv om avisforsidene ikke handler om Britt like ofte i dag, betyr det ikke at livet har stoppet opp. Hun lever som en aktiv bestemor, deler glimt fra hverdagen p\u00e5 Instagram og viser stolt frem bilder av barnebarna \u2013 og sin trofaste firbeinte venn Bowie Ekland.<\/p>\n<p> Hun nyter b\u00e5de roen i Sverige og turene til Los Angeles, der gamle minner vekkes til liv.<\/p>\n<p>\u2013 Alder er bare et tall, og det er ikke farlig \u00e5 bli eldre. Folk har s\u00e5nn aldersangst \u2013 men legg det bort, sa hun i 2018, da hun deltok i det svenske TV-programmet \u00abLet\u2019s Dance\u00bb.<\/p>\n","protected":false},"excerpt":{"rendered":"Britt Ekland forteller om forholdene sine Den svenske blondinen var 60-tallets store stjerne \u2013 men livet i rampelyset&hellip;\n","protected":false},"author":2,"featured_media":76095,"comment_status":"","ping_status":"","sticky":false,"template":"","format":"standard","meta":{"footnotes":"","_share_on_mastodon":"0"},"categories":[58],"tags":[10516,4104,71,479,30,28,29,10514,6765,72,10515],"class_list":["post-76094","post","type-post","status-publish","format-standard","has-post-thumbnail","category-underholdning","tag-britt-ekland","tag-eksklusivt","tag-entertainment","tag-kjendis","tag-no","tag-norge","tag-norway","tag-peter-sellers","tag-rod-stewart","tag-underholdning","tag-warren-beatty"],"share_on_mastodon":{"url":"https:\/\/pubeurope.com\/@no\/115477095704947706","error":""},"_links":{"self":[{"href":"https:\/\/www.europesays.com\/no\/wp-json\/wp\/v2\/posts\/76094","targetHints":{"allow":["GET"]}}],"collection":[{"href":"https:\/\/www.europesays.com\/no\/wp-json\/wp\/v2\/posts"}],"about":[{"href":"https:\/\/www.europesays.com\/no\/wp-json\/wp\/v2\/types\/post"}],"author":[{"embeddable":true,"href":"https:\/\/www.europesays.com\/no\/wp-json\/wp\/v2\/users\/2"}],"replies":[{"embeddable":true,"href":"https:\/\/www.europesays.com\/no\/wp-json\/wp\/v2\/comments?post=76094"}],"version-history":[{"count":0,"href":"https:\/\/www.europesays.com\/no\/wp-json\/wp\/v2\/posts\/76094\/revisions"}],"wp:featuredmedia":[{"embeddable":true,"href":"https:\/\/www.europesays.com\/no\/wp-json\/wp\/v2\/media\/76095"}],"wp:attachment":[{"href":"https:\/\/www.europesays.com\/no\/wp-json\/wp\/v2\/media?parent=76094"}],"wp:term":[{"taxonomy":"category","embeddable":true,"href":"https:\/\/www.europesays.com\/no\/wp-json\/wp\/v2\/categories?post=76094"},{"taxonomy":"post_tag","embeddable":true,"href":"https:\/\/www.europesays.com\/no\/wp-json\/wp\/v2\/tags?post=76094"}],"curies":[{"name":"wp","href":"https:\/\/api.w.org\/{rel}","templated":true}]}}