{"id":76123,"date":"2025-11-02T02:08:20","date_gmt":"2025-11-02T02:08:20","guid":{"rendered":"https:\/\/www.europesays.com\/no\/76123\/"},"modified":"2025-11-02T02:08:20","modified_gmt":"2025-11-02T02:08:20","slug":"forste-gang-4","status":"publish","type":"post","link":"https:\/\/www.europesays.com\/no\/76123\/","title":{"rendered":"F\u00f8rste gang"},"content":{"rendered":"<p class=\"kicker \" style=\"\">Aleksander S\u00e6terst\u00f8l:<\/p>\n<p>  Aleksander S\u00e6terst\u00f8l dukket opp med kj\u00e6resten for f\u00f8rste gang.\u00a0<\/p>\n<p>\n    NY KJ\u00c6RESTE: Aleksander S\u00e6terst\u00f8l har funnet lykken p\u00e5 nytt. Foto: Andreas Fadum\/Se og H\u00f8r\n  <\/p>\n<p>Fredag kveld er det duket for Alexandra Joners halloweenfest p\u00e5 Eckbo selskaplokaler i Oslo, og blant de som dukket opp er TV-profil Aleksander S\u00e6terst\u00f8l.<\/p>\n<p>Han kom derimot ikke alene p\u00e5 den r\u00f8de l\u00f8peren, men med sin nye kj\u00e6reste ved sin side.\u00a0<\/p>\n<p>&#8211; Jeg har med kj\u00e6resten min, bekrefter han.\u00a0<\/p>\n<p>        I kveld er det duket for Alexandra Joners \u00e5rlige halloweenfest. Durek og M\u00e4rtha dukket opp p\u00e5 den r\u00f8de l\u00f8peren. Reporter: Karolina Rusov-Hansen. Video: Nicolai Alcaniz<\/p>\n<p>&#8211; Vi har v\u00e6rt sammen i kanskje et \u00e5rs tid. Jeg har ikke holdt det skjult, men jeg har bare ikke snakket s\u00e5 mye om det. Jeg kunne melket det noe helt ekstremt, men jeg har ikke giddet \u00e5 gj\u00f8re det.\u00a0<\/p>\n<p>          <img loading=\"lazy\" decoding=\"async\" src=\"https:\/\/www.europesays.com\/no\/wp-content\/uploads\/2025\/11\/83796894.webp\" width=\"686\" height=\"892\" title=\"DUKKET OPP: Aleksander og kj\u00e6resten har v\u00e6rt sammen i omtrent ett \u00e5r. Foto: Andreas Fadum\/Se og H\u00f8r\" alt=\"\" class=\"\" style=\"--aspect-ratio-image: 0.77; \"\/><\/p>\n<p>\n          DUKKET OPP: Aleksander og kj\u00e6resten har v\u00e6rt sammen i omtrent ett \u00e5r. Foto: Andreas Fadum\/Se og H\u00f8r\n      <\/p>\n<p>Han forteller at de to m\u00f8ttes via noen familievenner. Duoen bor begge to i Bergen, men har ikke flyttet inn sammen forel\u00f8pig:<\/p>\n<p>&#8211; Vi har ikke blitt samboere enn\u00e5, r\u00f8per TV-profilen.<\/p>\n<p>&#8211; Vi er mye sammen og har det veldig hyggelig sammen.\u00a0<\/p>\n<p>        Det er duket for Alexandra Joners \u00e5rlige halloweenfest i Oslo, og for reporterne p\u00e5 r\u00f8d l\u00f8per er det ikke like lett \u00e5 kjenne igjen alle kjendisene. Reporter: Karolina Rusov-Hansen. Video: Nicolai Alcaniz<\/p>\n<p> Det var i fjor sommer det ble kjent at S\u00e6terst\u00f8l og Martine Lunde hadde gjort det slutt, etter syv \u00e5r som par. <\/p>\n<p>\u00abDet er en stund siden det ble slutt, og vi begge har det bra n\u00e5! Ingenting dramatisk har skjedd, og vi er fortsatt veldig glad i hverandre. Vi har hatt 7 fantastiske \u00e5r sammen, og vi avslutter som venner\u00bb, skrev S\u00e6terst\u00f8l og Lunde p\u00e5 Instagram den gang.\u00a0<\/p>\n","protected":false},"excerpt":{"rendered":"Aleksander S\u00e6terst\u00f8l: Aleksander S\u00e6terst\u00f8l dukket opp med kj\u00e6resten for f\u00f8rste gang.\u00a0 NY KJ\u00c6RESTE: Aleksander S\u00e6terst\u00f8l har funnet lykken&hellip;\n","protected":false},"author":2,"featured_media":76124,"comment_status":"","ping_status":"","sticky":false,"template":"","format":"standard","meta":{"footnotes":""},"categories":[5],"tags":[6444,20,21,24,25,15,19,479,2543,22,23,17,18,13,30,28,29,14,16,26,27],"class_list":{"0":"post-76123","1":"post","2":"type-post","3":"status-publish","4":"format-standard","5":"has-post-thumbnail","7":"category-overskrifter","8":"tag-aleksander-saeterstol","9":"tag-breaking-news","10":"tag-breakingnews","11":"tag-featured-news","12":"tag-featurednews","13":"tag-headlines","14":"tag-hovedoppslag","15":"tag-kjendis","16":"tag-kjendisdesken","17":"tag-latest-news","18":"tag-latestnews","19":"tag-main-news","20":"tag-mainnews","21":"tag-news","22":"tag-no","23":"tag-norge","24":"tag-norway","25":"tag-nyheter","26":"tag-overskrifter","27":"tag-top-stories","28":"tag-topstories"},"share_on_mastodon":{"url":"https:\/\/pubeurope.com\/@no\/115477669767192213","error":""},"_links":{"self":[{"href":"https:\/\/www.europesays.com\/no\/wp-json\/wp\/v2\/posts\/76123","targetHints":{"allow":["GET"]}}],"collection":[{"href":"https:\/\/www.europesays.com\/no\/wp-json\/wp\/v2\/posts"}],"about":[{"href":"https:\/\/www.europesays.com\/no\/wp-json\/wp\/v2\/types\/post"}],"author":[{"embeddable":true,"href":"https:\/\/www.europesays.com\/no\/wp-json\/wp\/v2\/users\/2"}],"replies":[{"embeddable":true,"href":"https:\/\/www.europesays.com\/no\/wp-json\/wp\/v2\/comments?post=76123"}],"version-history":[{"count":0,"href":"https:\/\/www.europesays.com\/no\/wp-json\/wp\/v2\/posts\/76123\/revisions"}],"wp:featuredmedia":[{"embeddable":true,"href":"https:\/\/www.europesays.com\/no\/wp-json\/wp\/v2\/media\/76124"}],"wp:attachment":[{"href":"https:\/\/www.europesays.com\/no\/wp-json\/wp\/v2\/media?parent=76123"}],"wp:term":[{"taxonomy":"category","embeddable":true,"href":"https:\/\/www.europesays.com\/no\/wp-json\/wp\/v2\/categories?post=76123"},{"taxonomy":"post_tag","embeddable":true,"href":"https:\/\/www.europesays.com\/no\/wp-json\/wp\/v2\/tags?post=76123"}],"curies":[{"name":"wp","href":"https:\/\/api.w.org\/{rel}","templated":true}]}}