{"id":76226,"date":"2025-11-02T08:27:08","date_gmt":"2025-11-02T08:27:08","guid":{"rendered":"https:\/\/www.europesays.com\/no\/76226\/"},"modified":"2025-11-02T08:27:08","modified_gmt":"2025-11-02T08:27:08","slug":"krim-sentrum-flere-er-ikke-identifisert-i-et-storre-slagsmal","status":"publish","type":"post","link":"https:\/\/www.europesays.com\/no\/76226\/","title":{"rendered":"Krim, Sentrum | Flere er ikke identifisert i et st\u00f8rre slagsm\u00e5l"},"content":{"rendered":"\n<p>S\u00f8ndag morgen klokken melder politiet at de hadde rykket til Pl\u00f8ens gate i sentrum omtrent klokken 04.00 i natt, i forbindelse med et ordensoppdrag.<\/p>\n<p>Operasjonsleder Alexander \u00d8sterhaug forteller at det p\u00e5gikk et slagsm\u00e5l mellom noen person, og en politipatrulje ble forstyrret og hindret i sitt arbeid.<\/p>\n<p><b>\u2013 En st\u00f8rre folkemengde rettet sinne og aggresjon mot v\u00e5re folk p\u00e5 stedet, som raskt fikk bistand fra flere patruljer.<\/b><\/p>\n<p>Videre forteller \u00d8sterhaug at sv\u00e6rt mange personer m\u00e5tte bli tatt h\u00e5nd om.<\/p>\n<p>\u2013 Fire personer er kj\u00f8rt i arrest, og vil bli anmeldt.<\/p>\n<p>Disse fire er alle menn i 20-\u00e5rene, if\u00f8lge operasjonslederen.<\/p>\n<p><b>\u2013 Situasjonen p\u00e5 stedet ble opplevd som kaotisk og mange personer har v\u00e6rt b\u00e5de fysisk og verbalt aggressive mot politipatruljer p\u00e5 stedet.<\/b><\/p>\n<p>Politiet skal etterforske saken videre ved \u00e5 blant annet gjennomg\u00e5 videooverv\u00e5king fra stedet. Her er hensikten \u00e5 identifisere personer som har v\u00e6rt delaktige, forklarer \u00d8sterhaug.<\/p>\n<p>\u2013 Flere er ikke identifisert, og videre etterforskning vil s\u00f8ke \u00e5 identifisere de som skal straffeforf\u00f8lges. <\/p>\n","protected":false},"excerpt":{"rendered":"S\u00f8ndag morgen klokken melder politiet at de hadde rykket til Pl\u00f8ens gate i sentrum omtrent klokken 04.00 i&hellip;\n","protected":false},"author":2,"featured_media":4903,"comment_status":"","ping_status":"","sticky":false,"template":"","format":"standard","meta":{"footnotes":""},"categories":[5],"tags":[36,20,21,24,25,15,1576,19,983,22,23,17,18,13,30,28,29,14,16,468,285,1510,26,27],"class_list":{"0":"post-76226","1":"post","2":"type-post","3":"status-publish","4":"format-standard","5":"has-post-thumbnail","7":"category-overskrifter","8":"tag-art","9":"tag-breaking-news","10":"tag-breakingnews","11":"tag-featured-news","12":"tag-featurednews","13":"tag-headlines","14":"tag-hendelse","15":"tag-hovedoppslag","16":"tag-krim","17":"tag-latest-news","18":"tag-latestnews","19":"tag-main-news","20":"tag-mainnews","21":"tag-news","22":"tag-no","23":"tag-norge","24":"tag-norway","25":"tag-nyheter","26":"tag-overskrifter","27":"tag-politiet","28":"tag-sentrum","29":"tag-story","30":"tag-top-stories","31":"tag-topstories"},"share_on_mastodon":{"url":"https:\/\/pubeurope.com\/@no\/115479160019947310","error":""},"_links":{"self":[{"href":"https:\/\/www.europesays.com\/no\/wp-json\/wp\/v2\/posts\/76226","targetHints":{"allow":["GET"]}}],"collection":[{"href":"https:\/\/www.europesays.com\/no\/wp-json\/wp\/v2\/posts"}],"about":[{"href":"https:\/\/www.europesays.com\/no\/wp-json\/wp\/v2\/types\/post"}],"author":[{"embeddable":true,"href":"https:\/\/www.europesays.com\/no\/wp-json\/wp\/v2\/users\/2"}],"replies":[{"embeddable":true,"href":"https:\/\/www.europesays.com\/no\/wp-json\/wp\/v2\/comments?post=76226"}],"version-history":[{"count":0,"href":"https:\/\/www.europesays.com\/no\/wp-json\/wp\/v2\/posts\/76226\/revisions"}],"wp:featuredmedia":[{"embeddable":true,"href":"https:\/\/www.europesays.com\/no\/wp-json\/wp\/v2\/media\/4903"}],"wp:attachment":[{"href":"https:\/\/www.europesays.com\/no\/wp-json\/wp\/v2\/media?parent=76226"}],"wp:term":[{"taxonomy":"category","embeddable":true,"href":"https:\/\/www.europesays.com\/no\/wp-json\/wp\/v2\/categories?post=76226"},{"taxonomy":"post_tag","embeddable":true,"href":"https:\/\/www.europesays.com\/no\/wp-json\/wp\/v2\/tags?post=76226"}],"curies":[{"name":"wp","href":"https:\/\/api.w.org\/{rel}","templated":true}]}}