{"id":76234,"date":"2025-11-02T08:41:09","date_gmt":"2025-11-02T08:41:09","guid":{"rendered":"https:\/\/www.europesays.com\/no\/76234\/"},"modified":"2025-11-02T08:41:09","modified_gmt":"2025-11-02T08:41:09","slug":"bergen-sentrum-utested-slo-mot-vekter-og-spyttet-etter-politiet","status":"publish","type":"post","link":"https:\/\/www.europesays.com\/no\/76234\/","title":{"rendered":"Bergen sentrum, Utested | \u2013 Slo mot vekter og spyttet etter politiet"},"content":{"rendered":"\n<p>I 0400-tiden natt til s\u00f8ndag ble en patrulje i Bergen sentrum kontaktet av en vekter ved Zachariasbryggen.<\/p>\n<p>Der skal en gjest ha blitt ufin, og fors\u00f8kt \u00e5 sl\u00e5 en vekter, opplyser operasjonsleder Dan Erik Johannessen i Vest politidistrikt.<\/p>\n<p>\u2013 Da politiet kom, spyttet han etter politiet og oppf\u00f8rste seg generelt ufint og utagerende, sier Johannessen.<\/p>\n<p>Vekteren ble ikke truffet, men mannen blir p\u00e5 grunn av spyttingen anmeldt for vold mot en offentlig tjenesteperson.<\/p>\n<p>\u2013 Uprovosert<\/p>\n<p>Kort tid f\u00f8r ble politiet kontaktet av en mann i 20-\u00e5rene p\u00e5 Torgallmenningen.<\/p>\n<p>\u2013 Han sa at han var blitt sl\u00e5tt ned uprovosert, forteller operasjonslederen.<\/p>\n<p>Politiet kom i kontakt med begge parter, som hadde ulike forklaringer p\u00e5 hva som hadde skjedd.<\/p>\n<p>\u2013 De hadde g\u00e5tt i tottene p\u00e5 hverandre. Begge er menn i 20-\u00e5rene.<\/p>\n<p>De unge mennene skal ikke ha hatt kjennskap til hverandre fra f\u00f8r. Politiet opprettet en anmeldelse.<\/p>\n<p>For \u00f8vrig har det v\u00e6rt en mye roligere natt til s\u00f8ndag enn Halloween-natten, bekrefter Johannessen. Da hadde politiet litt mer \u00e5 henge fingrene i:<\/p>\n<p>  <a href=\"https:\/\/www.ba.no\/5-8-3207773\" class=\"related-teaser has-image default-story-teaser article--c-eRUmMG article--c-eRUmMG-jKCPdD-design-default\" rel=\"nofollow noopener\" target=\"_blank\"><\/p>\n<p>    <img decoding=\"async\" loading=\"lazy\"  src=\"https:\/\/www.europesays.com\/no\/wp-content\/uploads\/2025\/11\/1762072869_400_388.jpg\" alt=\"\" class=\"brick-c-cFOWSL\" style=\"\"\/><\/p>\n<p>\n            Les ogs\u00e5<\/p>\n<p>              Blodig allehelgensaften: Vektere skal ha blitt sl\u00e5tt ned\n        <\/p>\n<p>  <\/a><\/p>\n","protected":false},"excerpt":{"rendered":"I 0400-tiden natt til s\u00f8ndag ble en patrulje i Bergen sentrum kontaktet av en vekter ved Zachariasbryggen. Der&hellip;\n","protected":false},"author":2,"featured_media":76235,"comment_status":"","ping_status":"","sticky":false,"template":"","format":"standard","meta":{"footnotes":""},"categories":[10],"tags":[36,1982,20,21,24,25,15,22,23,13,30,28,29,14,16,1510,26,27,9816,10529],"class_list":{"0":"post-76234","1":"post","2":"type-post","3":"status-publish","4":"format-standard","5":"has-post-thumbnail","7":"category-norge","8":"tag-art","9":"tag-bergen-sentrum","10":"tag-breaking-news","11":"tag-breakingnews","12":"tag-featured-news","13":"tag-featurednews","14":"tag-headlines","15":"tag-latest-news","16":"tag-latestnews","17":"tag-news","18":"tag-no","19":"tag-norge","20":"tag-norway","21":"tag-nyheter","22":"tag-overskrifter","23":"tag-story","24":"tag-top-stories","25":"tag-topstories","26":"tag-utested","27":"tag-zachariasbryggen"},"share_on_mastodon":{"url":"https:\/\/pubeurope.com\/@no\/115479215141742432","error":""},"_links":{"self":[{"href":"https:\/\/www.europesays.com\/no\/wp-json\/wp\/v2\/posts\/76234","targetHints":{"allow":["GET"]}}],"collection":[{"href":"https:\/\/www.europesays.com\/no\/wp-json\/wp\/v2\/posts"}],"about":[{"href":"https:\/\/www.europesays.com\/no\/wp-json\/wp\/v2\/types\/post"}],"author":[{"embeddable":true,"href":"https:\/\/www.europesays.com\/no\/wp-json\/wp\/v2\/users\/2"}],"replies":[{"embeddable":true,"href":"https:\/\/www.europesays.com\/no\/wp-json\/wp\/v2\/comments?post=76234"}],"version-history":[{"count":0,"href":"https:\/\/www.europesays.com\/no\/wp-json\/wp\/v2\/posts\/76234\/revisions"}],"wp:featuredmedia":[{"embeddable":true,"href":"https:\/\/www.europesays.com\/no\/wp-json\/wp\/v2\/media\/76235"}],"wp:attachment":[{"href":"https:\/\/www.europesays.com\/no\/wp-json\/wp\/v2\/media?parent=76234"}],"wp:term":[{"taxonomy":"category","embeddable":true,"href":"https:\/\/www.europesays.com\/no\/wp-json\/wp\/v2\/categories?post=76234"},{"taxonomy":"post_tag","embeddable":true,"href":"https:\/\/www.europesays.com\/no\/wp-json\/wp\/v2\/tags?post=76234"}],"curies":[{"name":"wp","href":"https:\/\/api.w.org\/{rel}","templated":true}]}}