{"id":76412,"date":"2025-11-02T13:40:31","date_gmt":"2025-11-02T13:40:31","guid":{"rendered":"https:\/\/www.europesays.com\/no\/76412\/"},"modified":"2025-11-02T13:40:31","modified_gmt":"2025-11-02T13:40:31","slug":"ny-bok-om-marius-saken-vekker-forventet-brak-og-engasjement","status":"publish","type":"post","link":"https:\/\/www.europesays.com\/no\/76412\/","title":{"rendered":"Ny bok om Marius-saken vekker forventet br\u00e5k og engasjement"},"content":{"rendered":"<p class=\"kicker \" style=\"\">Ny bok om Marius Borg H\u00f8iby<\/p>\n<p>  Enda en bok om Marius-saken er p\u00e5 trappene. Forlagssjefen regner med reaksjoner.<\/p>\n<p>\n    STRIDENS KJERNE: Hans forsvarere har g\u00e5tt rettens vei for \u00e5 stoppe en bok om Marius-saken, n\u00e5 kommer enda en bok om kronprinsesse Mette-Marits s\u00f8nn. Foto: Shad Madian\/Se og H\u00f8r\n  <\/p>\n<p>\u2013 Vi bekrefter at det kommer en bok, og den er skrevet av Kjersti Kvam. Jeg synes det er naturlig og bra at en bok om H\u00f8iby-saken f\u00e5r store b\u00f8lger og vekker sterkt engasjement, for dette handler dypest sett om hva slags samfunn vi \u00f8nsker \u00e5 ha, sier administrerende direkt\u00f8r Alexander Even Henriksen i forlaget til NTB.<\/p>\n<p>Boken er klar for utgivelse 18. november. Innen den tid vil alle som er ber\u00f8rt i boken, f\u00e5 den til gjennomlesning, f\u00e5r NTB opplyst.<\/p>\n<p>    <a itemprop=\"url\" href=\"https:\/\/www.seher.no\/video\/se-sjokk-videoen-fra-skaugum\/QjPYxQ2f\" rel=\"nofollow noopener\" target=\"_blank\"><\/p>\n<p>      <img loading=\"lazy\" decoding=\"async\" src=\"https:\/\/www.europesays.com\/no\/wp-content\/uploads\/2025\/11\/82015764.webp\" width=\"980\" height=\"441\" title=\"Se sjokk-videoen fra Skaugum\" alt=\"\" class=\"lazyload\" style=\"--aspect-ratio-image: 2.22; \"\/><\/p>\n<p>        Se sjokk-videoen fra Skaugum<\/p>\n<p>    <\/a><\/p>\n<p>\u2013 Jeg kan ikke kommentere det p\u00e5 annen m\u00e5te enn at alle vesentlige interessenter vil f\u00e5 boken tilsendt p\u00e5 forh\u00e5nd, sier Henriksen.<\/p>\n<p><a href=\"https:\/\/www.vg.no\/rampelys\/i\/Av4A1M\/bekrefter-marius-bok-vi-forventer-ikke-noe-mindre-braak\" target=\"_blank\" rel=\"nofollow noopener\">VG\u00a0<\/a>omtalte saken f\u00f8rst.<\/p>\n<p>Gr\u00e5dighet\t<\/p>\n<p>Boken er den andre som omhandler kronprinsesse Mette-Marits eldste s\u00f8nn, som i februar neste \u00e5r m\u00e5 m\u00f8te i Oslo tingrett, tiltalt for til sammen 32 forhold, blant annet fire voldtekter og mishandling i n\u00e6re relasjoner av ekskj\u00e6resten Nora Haukland.<\/p>\n<p>          <img loading=\"lazy\" decoding=\"async\" src=\"https:\/\/www.europesays.com\/no\/wp-content\/uploads\/2025\/11\/83798473.webp\" width=\"686\" height=\"467\" title=\"TILTALE: Ett av de mest alvorlige punktene i den omfattende tiltalen er voldtekt av sin tidligere venninne, Linni Meister. Foto: Se og H\u00f8r\" alt=\"\" class=\"\" style=\"--aspect-ratio-image: 1.47; \"\/><\/p>\n<p>\n          TILTALE: Ett av de mest alvorlige punktene i den omfattende tiltalen er voldtekt av sin tidligere venninne, Linni Meister. Foto: Se og H\u00f8r\n      <\/p>\n<p>Advokatfirmaet Anden\u00e6s representerer Marius Borg H\u00f8iby b\u00e5de i den kommende straffesaken og i de sivile rettsprosessene han er part i.<\/p>\n<p>Der hadde ingen fredag f\u00e5tt noen opplysninger om den kommende boken ut over hva som var gjengitt i mediene, f\u00e5r NTB opplyst.<\/p>\n<p>          <img loading=\"lazy\" decoding=\"async\" src=\"https:\/\/www.europesays.com\/no\/wp-content\/uploads\/2025\/11\/83798471.webp\" width=\"980\" height=\"559\" title=\"KRITISK: Petar Sekulic og Ellen Holager Anden\u00e6s skal forsvare Marius Borg H\u00f8iby mot de 32 tiltalepunktene. De er sterkt kritiske til at det gis ut b\u00f8ker om tiltalte f\u00f8r rettssaken. Foto: NTB\" alt=\"\" class=\"\" style=\"--aspect-ratio-image: 1.75; \"\/><\/p>\n<p>\n          KRITISK: Petar Sekulic og Ellen Holager Anden\u00e6s skal forsvare Marius Borg H\u00f8iby mot de 32 tiltalepunktene. De er sterkt kritiske til at det gis ut b\u00f8ker om tiltalte f\u00f8r rettssaken. Foto: NTB\n      <\/p>\n<p>\u2013 S\u00e5 vidt jeg forst\u00e5r, skal boken handle om \u00absaken\u00bb. Hvis det utgis bok om straffesaken f\u00f8r den skal behandles i retten, s\u00e5 forteller det meg at gr\u00e5digheten fullstendig overg\u00e5r anstendigheten, skriver H\u00f8ibys ene forsvarer, advokat Ellen Holager Anden\u00e6s, til NTB.<\/p>\n<p>Forventer br\u00e5k\t<\/p>\n<p>Tirsdag skal Oslo tingrett ta stilling til om salget av boken \u00abHvite striper, sorte f\u00e5r\u00bb, skrevet av de n\u00e5v\u00e6rende og tidligere Dagbladet-journalistene Torgeir Krokfjord og \u00d8istein Monsen, skal stanses etter en begj\u00e6ring om midlertidig forf\u00f8yning fra H\u00f8ibys advokater.<\/p>\n<p>    <a itemprop=\"url\" href=\"https:\/\/www.seher.no\/kjendis\/kjendisene-skremmer-til\/83791070\" rel=\"nofollow noopener\" target=\"_blank\"><\/p>\n<p>      <img loading=\"lazy\" decoding=\"async\" src=\"https:\/\/www.europesays.com\/no\/wp-content\/uploads\/2025\/11\/83796795.webp\" width=\"980\" height=\"441\" title=\"Gjestene r\u00f8pet gladnyheter\" alt=\"\" class=\"lazyload\" style=\"--aspect-ratio-image: 2.22; \"\/><\/p>\n<p>        Gjestene r\u00f8pet gladnyheter<\/p>\n<p>    <\/a><\/p>\n<p>Alexander Even Henriksen i Bonnier sier til VG at han regner med b\u00f8lger ogs\u00e5 rundt deres utgivelse.<\/p>\n<p>\u2013 Vi forventer ikke noe mindre br\u00e5k rundt v\u00e5r bok, sier han.<\/p>\n<p>Ulike interesser\t<\/p>\n<p>Kjersti Kvam er frilansforfatter og journalist og st\u00e5r bak flere b\u00f8ker og podkaster. Hun har flere \u00e5rs erfaring fra magasinjournalistikk. Forlagssjefen vil ikke kommentere hvilken innfallsvinkel forfatteren har valgt for \u00e5 fortelle historien om Marius Borg H\u00f8iby f\u00f8r n\u00e6rmere utgivelsen av boken.<\/p>\n<p>          <img loading=\"lazy\" decoding=\"async\" src=\"https:\/\/www.europesays.com\/no\/wp-content\/uploads\/2025\/11\/83798475.webp\" width=\"686\" height=\"392\" title=\"FORFATTER: Forfatter og journalist Kjersti Kvam skriver boken som skal gis ut p\u00e5 Bonnier forlag. Foto: Morten Krogh\/Se og H\u00f8r\" alt=\"\" class=\"\" style=\"--aspect-ratio-image: 1.75; \"\/><\/p>\n<p>\n          FORFATTER: Forfatter og journalist Kjersti Kvam skriver boken som skal gis ut p\u00e5 Bonnier forlag. Foto: Morten Krogh\/Se og H\u00f8r\n      <\/p>\n<p>Han vil heller ikke kommentere VGs opplysninger om at boken er skrevet i samarbeid med journalister fra Se og H\u00f8r \u2013 og at en av dem som er involvert, er sjefredakt\u00f8r Ulf Andr\u00e9 Andersen.<\/p>\n<p>\u2013 Dette handler om samspillet mellom kongehuset, politiet, mediene og politikere, s\u00e5 jeg er glad for at b\u00f8ker om denne tematikken f\u00e5r stor oppmerksomhet, og det er naturlig nok akt\u00f8rer som har sine interesser og hensyn \u00e5 ivareta, sier Henriksen til NTB.<\/p>\n","protected":false},"excerpt":{"rendered":"Ny bok om Marius Borg H\u00f8iby Enda en bok om Marius-saken er p\u00e5 trappene. Forlagssjefen regner med reaksjoner.&hellip;\n","protected":false},"author":2,"featured_media":76413,"comment_status":"","ping_status":"","sticky":false,"template":"","format":"standard","meta":{"footnotes":""},"categories":[10],"tags":[150,20,21,4104,24,25,15,76,22,23,400,13,30,28,29,14,16,4187,26,27],"class_list":{"0":"post-76412","1":"post","2":"type-post","3":"status-publish","4":"format-standard","5":"has-post-thumbnail","7":"category-norge","8":"tag-bok","9":"tag-breaking-news","10":"tag-breakingnews","11":"tag-eksklusivt","12":"tag-featured-news","13":"tag-featurednews","14":"tag-headlines","15":"tag-kongelig","16":"tag-latest-news","17":"tag-latestnews","18":"tag-marius-borg-hoiby","19":"tag-news","20":"tag-no","21":"tag-norge","22":"tag-norway","23":"tag-nyheter","24":"tag-overskrifter","25":"tag-rettssak","26":"tag-top-stories","27":"tag-topstories"},"share_on_mastodon":{"url":"https:\/\/pubeurope.com\/@no\/115480390925757530","error":""},"_links":{"self":[{"href":"https:\/\/www.europesays.com\/no\/wp-json\/wp\/v2\/posts\/76412","targetHints":{"allow":["GET"]}}],"collection":[{"href":"https:\/\/www.europesays.com\/no\/wp-json\/wp\/v2\/posts"}],"about":[{"href":"https:\/\/www.europesays.com\/no\/wp-json\/wp\/v2\/types\/post"}],"author":[{"embeddable":true,"href":"https:\/\/www.europesays.com\/no\/wp-json\/wp\/v2\/users\/2"}],"replies":[{"embeddable":true,"href":"https:\/\/www.europesays.com\/no\/wp-json\/wp\/v2\/comments?post=76412"}],"version-history":[{"count":0,"href":"https:\/\/www.europesays.com\/no\/wp-json\/wp\/v2\/posts\/76412\/revisions"}],"wp:featuredmedia":[{"embeddable":true,"href":"https:\/\/www.europesays.com\/no\/wp-json\/wp\/v2\/media\/76413"}],"wp:attachment":[{"href":"https:\/\/www.europesays.com\/no\/wp-json\/wp\/v2\/media?parent=76412"}],"wp:term":[{"taxonomy":"category","embeddable":true,"href":"https:\/\/www.europesays.com\/no\/wp-json\/wp\/v2\/categories?post=76412"},{"taxonomy":"post_tag","embeddable":true,"href":"https:\/\/www.europesays.com\/no\/wp-json\/wp\/v2\/tags?post=76412"}],"curies":[{"name":"wp","href":"https:\/\/api.w.org\/{rel}","templated":true}]}}