{"id":76425,"date":"2025-11-02T14:03:09","date_gmt":"2025-11-02T14:03:09","guid":{"rendered":"https:\/\/www.europesays.com\/no\/76425\/"},"modified":"2025-11-02T14:03:09","modified_gmt":"2025-11-02T14:03:09","slug":"kultur-eikanger-bjorsvik-musikklag-triumferte-i-siddis-for-fjerde-gong-pa-rad","status":"publish","type":"post","link":"https:\/\/www.europesays.com\/no\/76425\/","title":{"rendered":"Kultur, Eikanger-Bj\u00f8rsvik Musikklag | Triumferte i Siddis for fjerde gong p\u00e5 rad"},"content":{"rendered":"\n<p>EBML vann den prestisjetunge underhaldningskonkurransen for 22. gong, av i alt 42, og er det klart mestvinnande korpset.<\/p>\n<p>I elitedivisjonen var dei f\u00f8rste korps i aksjon p\u00e5 konsertscena i Stavanger.<\/p>\n<p>\u2013 Korpset var sv\u00e6rt forn\u00f8gde med framf\u00f8ringa, og vi er veldig glad for at det heldt til ein ny siger, EBML-nestor Viggo Bj\u00f8rge.<\/p>\n<p>Ny reise til utlandet<\/p>\n<p>Med denne sigeren er korpset nok ein gong kvalifisert til Brass in Concert Championships i England, ein prestisjetung konkurranse der nokre av dei fremste korpsa internasjonalt er med, i tillegg til dei britiske.<\/p>\n<p>\u2013 Musikantane leverer gong p\u00e5 gong b\u00e5de i konkurransar og p\u00e5 konsertar, God kultur over tid gir stabilitet p\u00e5 scena, sj\u00f8lv n\u00e5r det kjem nye musikantar inn i korpset, seier Rydland.<\/p>\n<p>Han seier tusen takk til dirigent Reid Gilje, som ogs\u00e5 har leia arbeidet i det kreative teamet saman med Frederick Schjelderup. Martin Winter og Magnus Brandseth.<\/p>\n<p>Rydland fortel at neste sjanse til \u00e5 h\u00f8yra korpset blir i Korskirken 23. november med orkesterdirigenten Nils Erik M\u00e5seidv\u00e5g.<\/p>\n<p>  <a href=\"https:\/\/www.nordhordland.no\/5-33-767689\" class=\"related-teaser has-image default-story-teaser article--c-eRUmMG article--c-eRUmMG-jKCPdD-design-default\" rel=\"nofollow noopener\" target=\"_blank\"><\/p>\n<p>    <img decoding=\"async\" loading=\"lazy\"  src=\"https:\/\/www.europesays.com\/no\/wp-content\/uploads\/2025\/11\/IMG_4879.jpg\" alt=\"\" class=\"brick-c-cFOWSL\" style=\"\"\/><\/p>\n<p>\n            Les ogs\u00e5<\/p>\n<p>              Idrettslag og korps samarbeider om utviklingsplanar til 80 millionar\n        <\/p>\n<p>  <\/a><br \/>\n  Manger p\u00e5 4. plass<\/p>\n<p>\u00c5rets norgesmeister Manger Musikklag kom p\u00e5 4. plass i Siddis Brass, bak Kleppe Musikklag (som fekk underhaldningsprisen) og Tertnes Brass.<\/p>\n<p>MML skal neste \u00e5r forsvara dei norske fargane i europameisterskapet.<\/p>\n<p>I alt sju korps fr\u00e5 Alver var med i Siddis Brass i helga. I 1. divisjon leverte Rad\u00f8y Brass ein god innsats og kom p\u00e5 6. plass.<\/p>\n<p>I 2. divisjon kom Manger Old Star Brass p\u00e5 12. plass, med Oster Brass og Lind\u00e5s Brass p\u00e5 plassane bak. Seim Musikklag kom p\u00e5 7. plass i 3. divisjon.<\/p>\n<p><b>Resultat elitedivisjon<\/b><\/p>\n","protected":false},"excerpt":{"rendered":"EBML vann den prestisjetunge underhaldningskonkurransen for 22. gong, av i alt 42, og er det klart mestvinnande korpset.&hellip;\n","protected":false},"author":2,"featured_media":76426,"comment_status":"","ping_status":"","sticky":false,"template":"","format":"standard","meta":{"footnotes":""},"categories":[10],"tags":[1751,36,20,21,10553,24,25,15,10286,410,22,23,13,30,28,29,14,16,1510,26,27],"class_list":{"0":"post-76425","1":"post","2":"type-post","3":"status-publish","4":"format-standard","5":"has-post-thumbnail","7":"category-norge","8":"tag-alver","9":"tag-art","10":"tag-breaking-news","11":"tag-breakingnews","12":"tag-eikanger-bjorsvik-musikklag","13":"tag-featured-news","14":"tag-featurednews","15":"tag-headlines","16":"tag-korps","17":"tag-kultur","18":"tag-latest-news","19":"tag-latestnews","20":"tag-news","21":"tag-no","22":"tag-norge","23":"tag-norway","24":"tag-nyheter","25":"tag-overskrifter","26":"tag-story","27":"tag-top-stories","28":"tag-topstories"},"share_on_mastodon":{"url":"https:\/\/pubeurope.com\/@no\/115480481267462494","error":""},"_links":{"self":[{"href":"https:\/\/www.europesays.com\/no\/wp-json\/wp\/v2\/posts\/76425","targetHints":{"allow":["GET"]}}],"collection":[{"href":"https:\/\/www.europesays.com\/no\/wp-json\/wp\/v2\/posts"}],"about":[{"href":"https:\/\/www.europesays.com\/no\/wp-json\/wp\/v2\/types\/post"}],"author":[{"embeddable":true,"href":"https:\/\/www.europesays.com\/no\/wp-json\/wp\/v2\/users\/2"}],"replies":[{"embeddable":true,"href":"https:\/\/www.europesays.com\/no\/wp-json\/wp\/v2\/comments?post=76425"}],"version-history":[{"count":0,"href":"https:\/\/www.europesays.com\/no\/wp-json\/wp\/v2\/posts\/76425\/revisions"}],"wp:featuredmedia":[{"embeddable":true,"href":"https:\/\/www.europesays.com\/no\/wp-json\/wp\/v2\/media\/76426"}],"wp:attachment":[{"href":"https:\/\/www.europesays.com\/no\/wp-json\/wp\/v2\/media?parent=76425"}],"wp:term":[{"taxonomy":"category","embeddable":true,"href":"https:\/\/www.europesays.com\/no\/wp-json\/wp\/v2\/categories?post=76425"},{"taxonomy":"post_tag","embeddable":true,"href":"https:\/\/www.europesays.com\/no\/wp-json\/wp\/v2\/tags?post=76425"}],"curies":[{"name":"wp","href":"https:\/\/api.w.org\/{rel}","templated":true}]}}