{"id":76494,"date":"2025-11-02T15:35:37","date_gmt":"2025-11-02T15:35:37","guid":{"rendered":"https:\/\/www.europesays.com\/no\/76494\/"},"modified":"2025-11-02T15:35:37","modified_gmt":"2025-11-02T15:35:37","slug":"viggo-venns-nye-frisyre-og-hjerteskjaerende-historie-stjeler-showet-i-folelsesladet-skal-vi-danse-kveld","status":"publish","type":"post","link":"https:\/\/www.europesays.com\/no\/76494\/","title":{"rendered":"Viggo Venns nye frisyre og hjerteskj\u00e6rende historie stjeler showet i f\u00f8lelsesladet &#8216;Skal vi danse&#8217;-kveld"},"content":{"rendered":"<p class=\"kicker \" style=\"\">Viggo Venn:<\/p>\n<p>  Det er duket til en f\u00f8lelsesladd kveld i l\u00f8rdagens \u00abSkal vi danse\u00bb-sending, men Viggo Venn f\u00e5r ogs\u00e5 oppmerksomhet for noe helt annet.<\/p>\n<p>\n    FJERNET \u00abVAREMERKET\u00bb: Viggo Venn har blitt kjent som klovnen med ellevilt h\u00e5r og gul refleksvest. N\u00e5 debuterer han en stor forandring og viser en helt ny side av seg selv. Foto: TV 2\n  <\/p>\n<p>Kveldens\u00a0\u00abSkal vi danse\u00bb-sending s\u00f8rger trolig for at flere blir v\u00e5te i \u00f8yekroken da kjendisene skal tolke temaet\u00a0\u00abmin drivkraft\u00bb.\u00a0<\/p>\n<p>    <a itemprop=\"url\" href=\"https:\/\/www.seher.no\/kjendis\/vi-triller-terning\/83798272\" rel=\"nofollow noopener\" target=\"_blank\"><\/p>\n<p>      <img loading=\"lazy\" decoding=\"async\" src=\"https:\/\/www.europesays.com\/no\/wp-content\/uploads\/2025\/11\/1762097736_563_83798998.webp\" width=\"147\" height=\"98\" title=\"Vi triller terning!\" alt=\"\" class=\"lazyload\" style=\"--aspect-ratio-image: 1.50; \"\/><\/p>\n<p>        Vi triller terning!<\/p>\n<p>    <\/a><\/p>\n<p>Flere av kveldens deltakere har r\u00f8pet r\u00f8rende detaljer om dansen de skal fremf\u00f8re i sosiale medier, blant dem Viggo Venn (36).<\/p>\n<p>Hedret d\u00f8d venn\t<\/p>\n<p>36-\u00e5ringen har nemlig delt en r\u00f8rende tekst om kveldens opptreden i et innlegg p\u00e5 Instagram. Denne uka har han og dansepartner Rikke Lund (29) jobbet sammen med \u00e5 utvikle id\u00e9 og koreografi, og sangvalget ble ogs\u00e5 en felles avgj\u00f8relse.\u00a0<\/p>\n<p>\u00abDette har v\u00e6rt en av de beste ukene i livet mitt. \u00c5 f\u00e5 lov til \u00e5 danse denne dansen i dag, det betyr alt for meg. Jeg f\u00e5r fortelle om mitt spesielle forhold til dans, og hvorfor jeg alltid blir r\u00f8rt av \u00e5 se sportsdans\u00bb, skriver Venn, og legger til:<\/p>\n<p>\u00abRikke har jo visst siden f\u00f8rste dagen vi m\u00f8ttes hvor viktig denne dansen i dag er for meg, og jeg kunne ikke ha hatt en bedre dansel\u00e6rer, koreograf og kunstner som har hatt ryggen min igjennom hele prosessen. Jeg kan med h\u00e5nden p\u00e5 hjertet si at vi virkelig gleder oss til \u00e5 vise dere dette stykket.\u00bb<\/p>\n<p>    <a itemprop=\"url\" href=\"https:\/\/www.seher.no\/kjendis\/roper-diagnose-skikkelig-skummelt\/83799339\" rel=\"nofollow noopener\" target=\"_blank\"><\/p>\n<p>      <img loading=\"lazy\" decoding=\"async\" src=\"https:\/\/www.europesays.com\/no\/wp-content\/uploads\/2025\/11\/1762097736_453_83799275.webp\" width=\"980\" height=\"441\" title=\"R\u00f8per diagnose: - Skikkelig skummelt\" alt=\"\" class=\"lazyload\" style=\"--aspect-ratio-image: 2.22; \"\/><\/p>\n<p>        R\u00f8per diagnose: &#8211; Skikkelig skummelt<\/p>\n<p>    <\/a><\/p>\n<p>I sendingen knekker Venn sammen da han forteller om tapet av en av hans n\u00e6rmeste venner, Kristopher Guren, som dansen er til \u00e6re for.<\/p>\n<p>&#8211; Han var en av Norges st\u00f8rste sportsdansere. Han brukte nesten all sin tid p\u00e5 \u00e5 \u00f8ve dans, forteller han i programmet.<\/p>\n<p>Guren d\u00f8de som f\u00f8lge av en trafikkulykke i 2008.<\/p>\n<p>&#8211; Jeg husker at han dro fra den russesamlingen vi hadde i Kongsberg den kvelden. Han skulle kj\u00f8re til en dansetrening ganske sent samme natt. S\u00e5 f\u00e5r vi vite at han var d\u00f8d, forteller han i et lengre intervju med\u00a0<a href=\"https:\/\/www.tv2.no\/spesialer\/underholdning\/han-skulle-vaert-her-ikke-jeg\/\" rel=\"nofollow noopener\" target=\"_blank\">TV 2<\/a>.<\/p>\n<p>        T\u00c5RER: Tale Torp Torjussen tar til t\u00e5rene under framf\u00f8ringen p\u00e5 Skal vi danse.<\/p>\n<p>P\u00e5 et sp\u00f8rsm\u00e5l fra Se og H\u00f8r om hva 36-\u00e5ringen tror at dansen hadde betydd for sin avd\u00f8de venn, svarer han:\u00a0<\/p>\n<p>&#8211; For \u00e5 helt \u00e6rlig s\u00e5 tror jeg at han hadde mobbet meg for d\u00e5rlig holdning, ledd seg i hjel og s\u00e5 blitt veldig, veldig glad. Jeg tror han hadde satt pris p\u00e5 oppmerksomheten, for han var i likhet med meg en veldig dedikert fyr, men ogs\u00e5 en tullekopp.<\/p>\n<p>Dommer Nadya Khamitskaya Andersen (42) hadde ogs\u00e5 en n\u00e6r relasjon til Guren og er tydelig ber\u00f8rt etter at Venn har fremf\u00f8rt dansen dedikert til ham.<\/p>\n<p>&#8211; Du pr\u00f8ver \u00e5 leve danselivet som Kristoffer gjorde, og det er skikkelig sterkt for meg \u00e5 se. Kristoffer var min danseelev fra han tok sine f\u00f8rste dansesteg frem til han ble revet fra oss.\u00a0<\/p>\n<p>Debuterer endring\t<\/p>\n<p>I forkant av den r\u00f8rende hyllesten overrasket ogs\u00e5 Venn med en totalforandring.\u00a0<\/p>\n<p>        \u00abSKAL VI DANSE\u00bb: Vi tok en prat med Viggo Venn om hva han ser etter i en kj\u00e6reste. Video: Kine Falch\/Nora Skavhaug\/R\u00f8d L\u00f8per. <\/p>\n<p>De seneste ukene har klovnens innboks v\u00e6rt fylt til randen med firerbrev, spesielt etter at han byttet ut sveisen til fordel for en mer elegant h\u00e5rstil.\u00a0<\/p>\n<p>N\u00e5 vekker h\u00e5ret hans oppsikt nok en gang. Det er nemlig fordi han n\u00e5 har latt lokkene falle og debuterer en kortklippet frisyre.\u00a0<\/p>\n<p>I en felles video delt av TV 2 og Viggo Venn viser han den drastiske endringen.<\/p>\n<p>\u00abDenne nye looken kan vi Venn(e) oss til\u00bb, st\u00e5r det til videoen.<\/p>\n<p>          <img loading=\"lazy\" decoding=\"async\" src=\"https:\/\/www.europesays.com\/no\/wp-content\/uploads\/2025\/11\/83799225.webp\" width=\"686\" height=\"1029\" title=\"NY LOOK: Viggo Venn debuterte en kortere frisyre under l\u00f8rdagens \u00abSkal vi danse\u00bb. Foto: Skjermbilde fra Instagram\/@tv2norge\/@viggovenn\" alt=\"\" class=\"\" style=\"--aspect-ratio-image: 0.67; \"\/><\/p>\n<p>\n          NY LOOK: Viggo Venn debuterte en kortere frisyre under l\u00f8rdagens \u00abSkal vi danse\u00bb. Foto: Skjermbilde fra Instagram\/@tv2norge\/@viggovenn\n      <\/p>\n<p>          <img loading=\"lazy\" decoding=\"async\" src=\"https:\/\/www.europesays.com\/no\/wp-content\/uploads\/2025\/11\/1762097737_536_83799224.webp\" width=\"686\" height=\"1029\" title=\"DEBUT: Klovnen viste en helt ny side av seg selv under kveldens sending. Foto: Skjermbilde fra Instagram\/@tv2norge\/@viggovenn\" alt=\"\" class=\"\" style=\"--aspect-ratio-image: 0.67; \"\/><\/p>\n<p>\n          DEBUT: Klovnen viste en helt ny side av seg selv under kveldens sending. Foto: Skjermbilde fra Instagram\/@tv2norge\/@viggovenn\n      <\/p>\n","protected":false},"excerpt":{"rendered":"Viggo Venn: Det er duket til en f\u00f8lelsesladd kveld i l\u00f8rdagens \u00abSkal vi danse\u00bb-sending, men Viggo Venn f\u00e5r&hellip;\n","protected":false},"author":2,"featured_media":76495,"comment_status":"","ping_status":"","sticky":false,"template":"","format":"standard","meta":{"footnotes":""},"categories":[58],"tags":[71,7822,479,2543,30,28,29,2280,72,2290],"class_list":{"0":"post-76494","1":"post","2":"type-post","3":"status-publish","4":"format-standard","5":"has-post-thumbnail","7":"category-underholdning","8":"tag-entertainment","9":"tag-harfrisyre","10":"tag-kjendis","11":"tag-kjendisdesken","12":"tag-no","13":"tag-norge","14":"tag-norway","15":"tag-skal-vi-danse","16":"tag-underholdning","17":"tag-viggo-venn"},"share_on_mastodon":{"url":"https:\/\/pubeurope.com\/@no\/115480842991350807","error":""},"_links":{"self":[{"href":"https:\/\/www.europesays.com\/no\/wp-json\/wp\/v2\/posts\/76494","targetHints":{"allow":["GET"]}}],"collection":[{"href":"https:\/\/www.europesays.com\/no\/wp-json\/wp\/v2\/posts"}],"about":[{"href":"https:\/\/www.europesays.com\/no\/wp-json\/wp\/v2\/types\/post"}],"author":[{"embeddable":true,"href":"https:\/\/www.europesays.com\/no\/wp-json\/wp\/v2\/users\/2"}],"replies":[{"embeddable":true,"href":"https:\/\/www.europesays.com\/no\/wp-json\/wp\/v2\/comments?post=76494"}],"version-history":[{"count":0,"href":"https:\/\/www.europesays.com\/no\/wp-json\/wp\/v2\/posts\/76494\/revisions"}],"wp:featuredmedia":[{"embeddable":true,"href":"https:\/\/www.europesays.com\/no\/wp-json\/wp\/v2\/media\/76495"}],"wp:attachment":[{"href":"https:\/\/www.europesays.com\/no\/wp-json\/wp\/v2\/media?parent=76494"}],"wp:term":[{"taxonomy":"category","embeddable":true,"href":"https:\/\/www.europesays.com\/no\/wp-json\/wp\/v2\/categories?post=76494"},{"taxonomy":"post_tag","embeddable":true,"href":"https:\/\/www.europesays.com\/no\/wp-json\/wp\/v2\/tags?post=76494"}],"curies":[{"name":"wp","href":"https:\/\/api.w.org\/{rel}","templated":true}]}}