{"id":76615,"date":"2025-11-02T18:36:26","date_gmt":"2025-11-02T18:36:26","guid":{"rendered":"https:\/\/www.europesays.com\/no\/76615\/"},"modified":"2025-11-02T18:36:26","modified_gmt":"2025-11-02T18:36:26","slug":"trafikk-fjellregionen-samferdselsministeren-ikke-aktuelt-a-ta-kinesiske-busser-ut-av-trafikk","status":"publish","type":"post","link":"https:\/\/www.europesays.com\/no\/76615\/","title":{"rendered":"Trafikk, Fjellregionen | Samferdselsministeren: Ikke aktuelt \u00e5 ta kinesiske busser ut av trafikk"},"content":{"rendered":"\n<p>Samferdselsminister Jon-Ivar Nyg\u00e5rd (Ap) sier det ikke er aktuelt \u00e5 ta kinesiske busser ut av trafikk, til tross for at Ruter har avdekket sikkerhetsrisikoer.<\/p>\n<p>Tidligere denne uken ble det kjent at kollektivselskapet Ruter har avdekket at kinesiske Yutong-busser kan stoppes og kontrolleres av produsenten via internett.<\/p>\n<p>G\u00e5r i Nord-\u00d8sterdal<\/p>\n<p>Driftsleder i ConnectBus p\u00e5 Tynset, Vegard Skredderhaug, bekrefter til Arbeidets Rett at de har totalt 24 busser av merket Yutong i avdeling Nord-\u00d8sterdal. Han var ikke kjent med saken da vi tok kontakt.<\/p>\n<p>  <a href=\"https:\/\/www.retten.no\/5-44-1064713\" class=\"related-teaser has-image default-story-teaser article--c-eRUmMG article--c-eRUmMG-jKCPdD-design-default\" rel=\"nofollow noopener\" target=\"_blank\"><\/p>\n<p>    <img decoding=\"async\" loading=\"lazy\"  src=\"https:\/\/www.europesays.com\/no\/wp-content\/uploads\/2025\/11\/Skredder.jpg\" alt=\"\" class=\"brick-c-cFOWSL\" style=\"\"\/><\/p>\n<p>\n            Les ogs\u00e5<\/p>\n<p>              Busser kan fjernstyres fra Kina\n        <\/p>\n<p>  <\/a><\/p>\n<p>Samferdselsdepartementet vurderer n\u00e5 hvordan utenlandske busser kan p\u00e5virke nasjonal sikkerhet, skriver <a href=\"https:\/\/www.abcnyheter.no\/nyheter\/samferdselsministeren-ikke-aktuelt-a-ta-kina-busser-ut-av-trafikk\/1272823\" rel=\"nofollow noopener\" target=\"_blank\">ABC Nyheter<\/a>.<\/p>\n<p>Nyg\u00e5rd sier han ikke vil be operat\u00f8rene ta bussene ut av trafikk.<\/p>\n<p>\u2013 Det er per i dag ikke aktuelt, sier samferdselsministeren.<\/p>\n<p>\u2013 Ikke forst\u00e5tt alvoret<\/p>\n<p>Ruter har rundt 300 kinesiske elbusser i trafikk. I Agder er det 105 Yutong-busser i drift, if\u00f8lge <a href=\"https:\/\/www.nrk.no\/sorlandet\/akt-direktoren-om-kinesiske-busser_-_-utfordringen-er-losbar-1.17630291\" rel=\"nofollow noopener\" target=\"_blank\">NRK<\/a>.<\/p>\n<p>Frp-representant B\u00e5rd Hoksrud kritiserer regjeringens h\u00e5ndtering:<\/p>\n<p>\u2013 Det er p\u00e5 tide at vi setter norsk sikkerhet og trygghet f\u00f8rst. Det gj\u00f8r ikke regjeringen, og det viser at de ikke har forst\u00e5tt alvoret, mener han.<\/p>\n<p>Ruter har tidligere opplyst at de kan koble bussene av internett ved \u00e5 fjerne et simkort i en boks i bussen som produsenten Yutong har direkte tilgang til.<\/p>\n<p>(\u00a9NTB)<\/p>\n","protected":false},"excerpt":{"rendered":"Samferdselsminister Jon-Ivar Nyg\u00e5rd (Ap) sier det ikke er aktuelt \u00e5 ta kinesiske busser ut av trafikk, til tross&hellip;\n","protected":false},"author":2,"featured_media":33628,"comment_status":"","ping_status":"","sticky":false,"template":"","format":"standard","meta":{"footnotes":""},"categories":[10],"tags":[36,20,21,2760,24,25,1780,15,22,23,13,30,28,29,14,16,1510,26,27,224],"class_list":{"0":"post-76615","1":"post","2":"type-post","3":"status-publish","4":"format-standard","5":"has-post-thumbnail","7":"category-norge","8":"tag-art","9":"tag-breaking-news","10":"tag-breakingnews","11":"tag-buss","12":"tag-featured-news","13":"tag-featurednews","14":"tag-fjellregionen","15":"tag-headlines","16":"tag-latest-news","17":"tag-latestnews","18":"tag-news","19":"tag-no","20":"tag-norge","21":"tag-norway","22":"tag-nyheter","23":"tag-overskrifter","24":"tag-story","25":"tag-top-stories","26":"tag-topstories","27":"tag-trafikk"},"share_on_mastodon":{"url":"https:\/\/pubeurope.com\/@no\/115481554900286720","error":""},"_links":{"self":[{"href":"https:\/\/www.europesays.com\/no\/wp-json\/wp\/v2\/posts\/76615","targetHints":{"allow":["GET"]}}],"collection":[{"href":"https:\/\/www.europesays.com\/no\/wp-json\/wp\/v2\/posts"}],"about":[{"href":"https:\/\/www.europesays.com\/no\/wp-json\/wp\/v2\/types\/post"}],"author":[{"embeddable":true,"href":"https:\/\/www.europesays.com\/no\/wp-json\/wp\/v2\/users\/2"}],"replies":[{"embeddable":true,"href":"https:\/\/www.europesays.com\/no\/wp-json\/wp\/v2\/comments?post=76615"}],"version-history":[{"count":0,"href":"https:\/\/www.europesays.com\/no\/wp-json\/wp\/v2\/posts\/76615\/revisions"}],"wp:featuredmedia":[{"embeddable":true,"href":"https:\/\/www.europesays.com\/no\/wp-json\/wp\/v2\/media\/33628"}],"wp:attachment":[{"href":"https:\/\/www.europesays.com\/no\/wp-json\/wp\/v2\/media?parent=76615"}],"wp:term":[{"taxonomy":"category","embeddable":true,"href":"https:\/\/www.europesays.com\/no\/wp-json\/wp\/v2\/categories?post=76615"},{"taxonomy":"post_tag","embeddable":true,"href":"https:\/\/www.europesays.com\/no\/wp-json\/wp\/v2\/tags?post=76615"}],"curies":[{"name":"wp","href":"https:\/\/api.w.org\/{rel}","templated":true}]}}