{"id":76664,"date":"2025-11-02T19:25:08","date_gmt":"2025-11-02T19:25:08","guid":{"rendered":"https:\/\/www.europesays.com\/no\/76664\/"},"modified":"2025-11-02T19:25:08","modified_gmt":"2025-11-02T19:25:08","slug":"skal-vi-danse-proff-ole-thomas-hansen-roper-gladnyhet","status":"publish","type":"post","link":"https:\/\/www.europesays.com\/no\/76664\/","title":{"rendered":"\u00abSkal vi danse\u00bb-proff Ole Thomas Hansen r\u00f8per gladnyhet"},"content":{"rendered":"<p class=\"kicker \" style=\"\">\u00abSkal vi danse\u00bb:<\/p>\n<p>  \u00abSkal vi danse\u00bb-profilen imponerer p\u00e5 parketten, men har ogs\u00e5 all grunn til \u00e5 smile utenfor TV-skjermen.<\/p>\n<p>\n    DANSER: Ole Thomas Hansen er ogs\u00e5 \u00e5 se i \u00e5rets sesong av \u00abSkal vi danse\u00bb med dansepartner Carina Dahl. Foto: Andreas Fadum \/ Se og H\u00f8r\n  <\/p>\n<p>Artist Carina Dahl (40) og proffdanser Ole Thomas Hansen (26) har imponert b\u00e5de seere og dommere i \u00e5rets \u00abSkal vi danse\u00bb-sesong.\u00a0<\/p>\n<p>Duoen har klatret p\u00e5 oddsen, og under forrige ukes program oppn\u00e5dde de den h\u00f8yeste poengsummen s\u00e5 langt i \u00e5r.<\/p>\n<p>    <a itemprop=\"url\" href=\"https:\/\/www.seher.no\/kjendis\/matte-operere\/83797803\" rel=\"nofollow noopener\" target=\"_blank\"><\/p>\n<p>      <img loading=\"lazy\" decoding=\"async\" src=\"https:\/\/www.europesays.com\/no\/wp-content\/uploads\/2025\/11\/1762111508_206_83797587.webp\" width=\"980\" height=\"441\" title=\"- M\u00e5tte operere\" alt=\"\" class=\"lazyload\" style=\"--aspect-ratio-image: 2.22; \"\/><\/p>\n<p>        &#8211; M\u00e5tte operere<\/p>\n<p>    <\/a><\/p>\n<p>Det er imidlertid ikke bare p\u00e5 parketten at Hansen briljerer. Overfor Se og H\u00f8r bekrefter 26-\u00e5ringen at han har forlovet seg.<\/p>\n<p class=\"font-weight-bold m-font-weight-bold\" data-lab-font_weight=\"font-weight-bold\">&#8211; Ja, det stemmer, sier Hansen.\u00a0<\/p>\n<p>          <img loading=\"lazy\" decoding=\"async\" src=\"https:\/\/www.europesays.com\/no\/wp-content\/uploads\/2025\/11\/1762111508_10_83798119.webp\" width=\"686\" height=\"995\" title=\"FORLOVET: Etter tre \u00e5r sammen har paret ta forholdet steget videre. Foto: Tore Skaar \/ Se og H\u00f8r\" alt=\"\" class=\"\" style=\"--aspect-ratio-image: 0.69; \"\/><\/p>\n<p>\n          FORLOVET: Etter tre \u00e5r sammen har paret ta forholdet steget videre. Foto: Tore Skaar \/ Se og H\u00f8r\n      <\/p>\n<p>Gladnyheten har han ogs\u00e5 delt p\u00e5 Instagram.\u00a0<\/p>\n<p>\u00abOss to for alltid\u2764\ufe0f \ud83d\udc8d\u00bb, skriver han, sammen med bilder av kj\u00e6resten som viser frem forlovelsesringen.\u00a0<\/p>\n<p>Han og kj\u00e6resten Thanicha Bharaneetharan (30) kun tidligere i \u00e5r r\u00f8pe til <a href=\"https:\/\/www.nettavisen.no\/kjendis\/skal-vi-danse-proffdanser-ole-thomas-hansen-og-kjaresten-selger-leiligheten-i-oslo-vi-har-lyst-til-a-starte-familie\/s\/5-95-2647253\" target=\"_blank\" rel=\"nofollow noopener\">Nettavisen<\/a> at de forlater hovedstaden til fordel for Flekker\u00f8y p\u00e5 S\u00f8rlandet.<\/p>\n<p>De to har v\u00e6rt kj\u00e6rester i tre \u00e5r. I tillegg til \u00e5 forlove seg, er de ogs\u00e5 klare for \u00e5 ta forholdet enda et steg videre.<\/p>\n<p>        SVARER: Skj\u00f8nner den italienske proffdanseren i \u00abSkal vi danse\u00bb, Antoni Careri, hva dommerne sier? Vi fant ut av det. Video: Nora Skavhaug \/ Kine Falch<\/p>\n<p> &#8211; Vi har lyst til \u00e5 starte familie etter hvert, sa han til Nettavisen i oktober.<\/p>\n","protected":false},"excerpt":{"rendered":"\u00abSkal vi danse\u00bb: \u00abSkal vi danse\u00bb-profilen imponerer p\u00e5 parketten, men har ogs\u00e5 all grunn til \u00e5 smile utenfor&hellip;\n","protected":false},"author":2,"featured_media":76665,"comment_status":"","ping_status":"","sticky":false,"template":"","format":"standard","meta":{"footnotes":""},"categories":[58],"tags":[71,479,2543,30,28,29,7926,2280,72],"class_list":{"0":"post-76664","1":"post","2":"type-post","3":"status-publish","4":"format-standard","5":"has-post-thumbnail","7":"category-underholdning","8":"tag-entertainment","9":"tag-kjendis","10":"tag-kjendisdesken","11":"tag-no","12":"tag-norge","13":"tag-norway","14":"tag-ole-thomas-hansen","15":"tag-skal-vi-danse","16":"tag-underholdning"},"share_on_mastodon":{"url":"https:\/\/pubeurope.com\/@no\/115481747409063649","error":""},"_links":{"self":[{"href":"https:\/\/www.europesays.com\/no\/wp-json\/wp\/v2\/posts\/76664","targetHints":{"allow":["GET"]}}],"collection":[{"href":"https:\/\/www.europesays.com\/no\/wp-json\/wp\/v2\/posts"}],"about":[{"href":"https:\/\/www.europesays.com\/no\/wp-json\/wp\/v2\/types\/post"}],"author":[{"embeddable":true,"href":"https:\/\/www.europesays.com\/no\/wp-json\/wp\/v2\/users\/2"}],"replies":[{"embeddable":true,"href":"https:\/\/www.europesays.com\/no\/wp-json\/wp\/v2\/comments?post=76664"}],"version-history":[{"count":0,"href":"https:\/\/www.europesays.com\/no\/wp-json\/wp\/v2\/posts\/76664\/revisions"}],"wp:featuredmedia":[{"embeddable":true,"href":"https:\/\/www.europesays.com\/no\/wp-json\/wp\/v2\/media\/76665"}],"wp:attachment":[{"href":"https:\/\/www.europesays.com\/no\/wp-json\/wp\/v2\/media?parent=76664"}],"wp:term":[{"taxonomy":"category","embeddable":true,"href":"https:\/\/www.europesays.com\/no\/wp-json\/wp\/v2\/categories?post=76664"},{"taxonomy":"post_tag","embeddable":true,"href":"https:\/\/www.europesays.com\/no\/wp-json\/wp\/v2\/tags?post=76664"}],"curies":[{"name":"wp","href":"https:\/\/api.w.org\/{rel}","templated":true}]}}