{"id":76694,"date":"2025-11-02T19:57:07","date_gmt":"2025-11-02T19:57:07","guid":{"rendered":"https:\/\/www.europesays.com\/no\/76694\/"},"modified":"2025-11-02T19:57:07","modified_gmt":"2025-11-02T19:57:07","slug":"vidden-redningsaksjon-stor-leteaksjon-pa-vidden-politiet-har-kontakt-med-savnede","status":"publish","type":"post","link":"https:\/\/www.europesays.com\/no\/76694\/","title":{"rendered":"Vidden, Redningsaksjon | Stor leteaksjon p\u00e5 Vidden: Politiet har kontakt med savnede"},"content":{"rendered":"\n<p>N\u00f8detatene ble klokken 1841 s\u00f8ndag kveld ringt av en mann i 20-\u00e5rene som hadde g\u00e5tt seg vill p\u00e5 sin ferd mellom Ulriken og Fl\u00f8yen. Hovedredningssentralen og politiet iverksatte redningsoppdrag.<\/p>\n<p>Det er m\u00f8rkt og regnv\u00e6r, og mannen meldte at han var v\u00e5t og kald. Han var alene og hadde sv\u00e6rt lite batteri p\u00e5 mobilen.<\/p>\n<p><b>Like f\u00f8r klokken 2030 har n\u00f8detatene f\u00e5tt kontakt med mannen. Han befinner seg i omr\u00e5det ved Rundemanen.<\/b><\/p>\n<p>Mannen har ringt fra en telefon som tilh\u00f8rer en person han har m\u00f8tt p\u00e5 turveien. Politiet har hatt dialog med b\u00e5de den savnede mannen og eieren av telefonen, og de to g\u00e5r sammen ned mot Fl\u00f8yen.<\/p>\n<p>\u2013 Savnede er ikke skadet, bare v\u00e5t og kald. Noen av redningsmannskapene vil g\u00e5 dem i m\u00f8te, opplyser operasjonsleder i politiet, Frode Kolltveit.<b><br \/><\/b><\/p>\n<p>Krevende operasjon<\/p>\n<p>Operasjonslederen sa innledningsvis til BA at de ikke hadde eksakt posisjon p\u00e5 mannen da de satte i gang med \u00e5 lete. Aksjonen har derfor p\u00e5g\u00e5tt i et ganske stort omr\u00e5de.<\/p>\n<p>\u2013 Vi vet at han har g\u00e5tt opp Ulriken og v\u00e6rt p\u00e5 tur i cirka to timer. Men vi vet ikke akkurat hvor han er, det avhenger av tempo og om han har g\u00e5tt stien, sa Kolltveit omtrent klokken 1930.<\/p>\n<p><b>Luftambulansen s\u00f8kte i omr\u00e5det, i tillegg til at mannskap fra R\u00f8de Kors, Norske redningshunder og Norsk Folkehjelp har blitt utkalt og har s\u00f8kt med lys p\u00e5 stiene i det aktuelle omrdet.<\/b><\/p>\n<p>\u2013 Det har kommet inn meldinger fra Luftambulansen at det er tett med skyer og vanskelig sikt i omr\u00e5det, s\u00e5 det gj\u00f8r det vanskelig for dem \u00e5 s\u00f8ke, sa operasjonslederen til BA da.<\/p>\n<p>Like etter klokken 20 melte Kolltveit at luftambulansen hadde avsluttet s\u00f8ket og returnert uten resultat p\u00e5 grunn av v\u00e6rforholdene. Det har ogs\u00e5 v\u00e6rt fors\u00f8kt med drones\u00f8k som ogs\u00e5 har blitt forkludret av vinden.<\/p>\n<p>Det er laber bris fra s\u00f8r\u00f8st og vindkast opp mot 19 meter per sekund p\u00e5 toppen av Ulriken, if\u00f8lge Yr.<\/p>\n<p>Saken oppdateres.<\/p>\n","protected":false},"excerpt":{"rendered":"N\u00f8detatene ble klokken 1841 s\u00f8ndag kveld ringt av en mann i 20-\u00e5rene som hadde g\u00e5tt seg vill p\u00e5&hellip;\n","protected":false},"author":2,"featured_media":1615,"comment_status":"","ping_status":"","sticky":false,"template":"","format":"standard","meta":{"footnotes":""},"categories":[5],"tags":[36,20,21,24,25,15,19,22,23,17,18,13,30,28,29,14,16,111,1510,26,27,10581],"class_list":{"0":"post-76694","1":"post","2":"type-post","3":"status-publish","4":"format-standard","5":"has-post-thumbnail","7":"category-overskrifter","8":"tag-art","9":"tag-breaking-news","10":"tag-breakingnews","11":"tag-featured-news","12":"tag-featurednews","13":"tag-headlines","14":"tag-hovedoppslag","15":"tag-latest-news","16":"tag-latestnews","17":"tag-main-news","18":"tag-mainnews","19":"tag-news","20":"tag-no","21":"tag-norge","22":"tag-norway","23":"tag-nyheter","24":"tag-overskrifter","25":"tag-redningsaksjon","26":"tag-story","27":"tag-top-stories","28":"tag-topstories","29":"tag-vidden"},"share_on_mastodon":{"url":"https:\/\/pubeurope.com\/@no\/115481873129690367","error":""},"_links":{"self":[{"href":"https:\/\/www.europesays.com\/no\/wp-json\/wp\/v2\/posts\/76694","targetHints":{"allow":["GET"]}}],"collection":[{"href":"https:\/\/www.europesays.com\/no\/wp-json\/wp\/v2\/posts"}],"about":[{"href":"https:\/\/www.europesays.com\/no\/wp-json\/wp\/v2\/types\/post"}],"author":[{"embeddable":true,"href":"https:\/\/www.europesays.com\/no\/wp-json\/wp\/v2\/users\/2"}],"replies":[{"embeddable":true,"href":"https:\/\/www.europesays.com\/no\/wp-json\/wp\/v2\/comments?post=76694"}],"version-history":[{"count":0,"href":"https:\/\/www.europesays.com\/no\/wp-json\/wp\/v2\/posts\/76694\/revisions"}],"wp:featuredmedia":[{"embeddable":true,"href":"https:\/\/www.europesays.com\/no\/wp-json\/wp\/v2\/media\/1615"}],"wp:attachment":[{"href":"https:\/\/www.europesays.com\/no\/wp-json\/wp\/v2\/media?parent=76694"}],"wp:term":[{"taxonomy":"category","embeddable":true,"href":"https:\/\/www.europesays.com\/no\/wp-json\/wp\/v2\/categories?post=76694"},{"taxonomy":"post_tag","embeddable":true,"href":"https:\/\/www.europesays.com\/no\/wp-json\/wp\/v2\/tags?post=76694"}],"curies":[{"name":"wp","href":"https:\/\/api.w.org\/{rel}","templated":true}]}}