{"id":76721,"date":"2025-11-02T20:53:12","date_gmt":"2025-11-02T20:53:12","guid":{"rendered":"https:\/\/www.europesays.com\/no\/76721\/"},"modified":"2025-11-02T20:53:12","modified_gmt":"2025-11-02T20:53:12","slug":"17-aring-skal-ha-planlagt-drap-na-er-han-loslatt-fvn-no","status":"publish","type":"post","link":"https:\/\/www.europesays.com\/no\/76721\/","title":{"rendered":"(+) 17-\u00e5ring skal ha plan\u00adlagt drap. N\u00e5 er han l\u00f8slatt. &#8211; fvn.no"},"content":{"rendered":"<ol>\n<li><a href=\"https:\/\/news.google.com\/rss\/articles\/CBMiowFBVV95cUxOMnRxMnhUeDloWkUxQkJ2a2s0eE16SXE4ZXY1SnN5c2JpRmNHVVZ1ZE11cWhkaUU2TXRPcFlKQXlyM3pjWnpfa0YxSUJHaEFBeE1BX3Y5d1VidHlCZFlpZ0ZuY0tYVHE2cG5WWnNUdE1TeTVQZmtrWlpVNGsxV1J6VEpSb3hJeXg0aUdhazJhYkN0OFNYOGZ1MzlUcGliU1g3Yk9z?oc=5\" target=\"_blank\" rel=\"nofollow noopener\">(+) 17-\u00e5ring skal ha plan\u00adlagt drap. N\u00e5 er han l\u00f8slatt.<\/a>&nbsp;&nbsp;fvn.no<\/li>\n<li><a href=\"https:\/\/news.google.com\/rss\/articles\/CBMiqAFBVV95cUxOWFNxQjRFM0h6bFBUS25xRE5yMnNoTjIxMkh6cEFmZGE1U1dWb1JkZHRFNVJka0hwVEoxcTlPTkRZZ3MyU1hVNElqOWlwdXdHQTZfUFJDdThBeDNrY3lPRjFtVVZlcHM2cFIzc3JkN0ZidTRSTkhKQVdlbEVXX0R1LTFaRzlEY1FBbFBXZjd1NkpPNEx5c0pDcHdXTGE2UWs3VWdtSDhvS1Q?oc=5\" target=\"_blank\" rel=\"nofollow noopener\">L\u00f8slatt fra varetekt: 17-\u00e5ring siktet i internasjonal drapsforbundsak<\/a>&nbsp;&nbsp;VG<\/li>\n<li><a href=\"https:\/\/news.google.com\/rss\/articles\/CBMiowFBVV95cUxNbWttZHdyT293WlFSNTJtLThRU1Ryb2hrMjJVMWhYb1JWUVcweTNrRFZ2VlduVVZYX2FsVS03eXRwcFRXc3BoNGpoXzNvVUt1cUE2bEZlSTlGb1NpbVB4RF93ODlHenQwTTNVaFRINURlb1VSNHcyampwOUhqd0hQdk9ucmJwVDFxUEVEekV1N3h2WV8yTEpOQnh3RG9oZDRFSXJr?oc=5\" target=\"_blank\" rel=\"nofollow noopener\">Drapsforbund-siktet 17-\u00e5ring l\u00f8slatt fra fengsel i Agder<\/a>&nbsp;&nbsp;Stavanger Aftenblad<\/li>\n<li><a href=\"https:\/\/news.google.com\/rss\/articles\/CBMiogFBVV95cUxPY09waEtjdWVFYnlrcjFPcTFoTHpnUWtxMGNkckUxcGJUNFNGa1FEdER2SHJKMmc1eTJrV0pkcXY5ZWszTUwwQldGa0FQRllrcFZTZVlhY3ZCMFNnTXBvd2VReThmdmVHdGt1enp0bjNWZVJ0MjVrXzlfaEhPcFdZX2hDVUplZ09yM2d4OVl1TkFkUzBqRXB6Yjd0a3NodDAwT2c?oc=5\" target=\"_blank\" rel=\"nofollow noopener\">17-\u00e5ring i drapsforbundssak l\u00f8slatt ut fra utenforliggende hensyn<\/a>&nbsp;&nbsp;document.no<\/li>\n<\/ol>\n","protected":false},"excerpt":{"rendered":"(+) 17-\u00e5ring skal ha plan\u00adlagt drap. N\u00e5 er han l\u00f8slatt.&nbsp;&nbsp;fvn.no L\u00f8slatt fra varetekt: 17-\u00e5ring siktet i internasjonal drapsforbundsak&nbsp;&nbsp;VG&hellip;\n","protected":false},"author":2,"featured_media":76722,"comment_status":"","ping_status":"","sticky":false,"template":"","format":"standard","meta":{"footnotes":""},"categories":[5],"tags":[1309,5832,20,21,24,25,2507,15,19,22,23,17,18,13,30,28,29,14,944,16,468,536,26,27],"class_list":{"0":"post-76721","1":"post","2":"type-post","3":"status-publish","4":"format-standard","5":"has-post-thumbnail","7":"category-overskrifter","8":"tag-agder","9":"tag-agder-tingrett","10":"tag-breaking-news","11":"tag-breakingnews","12":"tag-featured-news","13":"tag-featurednews","14":"tag-fengsel","15":"tag-headlines","16":"tag-hovedoppslag","17":"tag-latest-news","18":"tag-latestnews","19":"tag-main-news","20":"tag-mainnews","21":"tag-news","22":"tag-no","23":"tag-norge","24":"tag-norway","25":"tag-nyheter","26":"tag-oslo-tingrett","27":"tag-overskrifter","28":"tag-politiet","29":"tag-rogaland","30":"tag-top-stories","31":"tag-topstories"},"share_on_mastodon":{"url":"https:\/\/pubeurope.com\/@no\/115482093483980028","error":""},"_links":{"self":[{"href":"https:\/\/www.europesays.com\/no\/wp-json\/wp\/v2\/posts\/76721","targetHints":{"allow":["GET"]}}],"collection":[{"href":"https:\/\/www.europesays.com\/no\/wp-json\/wp\/v2\/posts"}],"about":[{"href":"https:\/\/www.europesays.com\/no\/wp-json\/wp\/v2\/types\/post"}],"author":[{"embeddable":true,"href":"https:\/\/www.europesays.com\/no\/wp-json\/wp\/v2\/users\/2"}],"replies":[{"embeddable":true,"href":"https:\/\/www.europesays.com\/no\/wp-json\/wp\/v2\/comments?post=76721"}],"version-history":[{"count":0,"href":"https:\/\/www.europesays.com\/no\/wp-json\/wp\/v2\/posts\/76721\/revisions"}],"wp:featuredmedia":[{"embeddable":true,"href":"https:\/\/www.europesays.com\/no\/wp-json\/wp\/v2\/media\/76722"}],"wp:attachment":[{"href":"https:\/\/www.europesays.com\/no\/wp-json\/wp\/v2\/media?parent=76721"}],"wp:term":[{"taxonomy":"category","embeddable":true,"href":"https:\/\/www.europesays.com\/no\/wp-json\/wp\/v2\/categories?post=76721"},{"taxonomy":"post_tag","embeddable":true,"href":"https:\/\/www.europesays.com\/no\/wp-json\/wp\/v2\/tags?post=76721"}],"curies":[{"name":"wp","href":"https:\/\/api.w.org\/{rel}","templated":true}]}}