{"id":76764,"date":"2025-11-02T21:39:13","date_gmt":"2025-11-02T21:39:13","guid":{"rendered":"https:\/\/www.europesays.com\/no\/76764\/"},"modified":"2025-11-02T21:39:13","modified_gmt":"2025-11-02T21:39:13","slug":"svaert-ubehagelig-a-matte-forklare-meg-om-dette","status":"publish","type":"post","link":"https:\/\/www.europesays.com\/no\/76764\/","title":{"rendered":"\u2013 Sv\u00e6rt ubehagelig \u00e5 m\u00e5tte forklare meg om dette"},"content":{"rendered":"\n<p class=\"_lead_o9xde_2 _lead_xtcu6_50 layout-component text-serif-m layout-normal text-serif-l layout-component layout-wide layout-padded _wide_17hqh_1 layout-padded\">Aron D\u00f8nnum ble av motstanderlagets trener beskyldt for rasisme i s\u00f8ndagens Toulouse-kamp mot Le Havre. Nordmannen kaller anklagen for \u00abgalskap\u00bb.<\/p>\n<p> <img class=\"_image_qp4xg_65 layout-component layout-wide\" data-fullscreen- data-track-element-type=\"Article image fullscreen\" data-track-name=\"ImageFullscreen\" fetchpriority=\"high\" decoding=\"sync\" loading=\"eager\" height=\"102\" itemprop=\"image\"  src=\"https:\/\/www.europesays.com\/no\/wp-content\/uploads\/2025\/11\/f2235b45ffd70e396d4c8bd01464ff25.jpg\"  style=\"object-position:50% 50%;aspect-ratio:1.75;height:auto;object-fit:cover;width:100%\" width=\"102\"\/>  <\/p>\n<ul aria-hidden=\"true\" class=\"_images_18f0k_111\">\n<li><a class=\"_link_18f0k_116\" href=\"https:\/\/www.vg.no\/forfatter\/ntb\" style=\"z-index:1\" title=\"NTB\" rel=\"nofollow noopener\" target=\"_blank\"><img alt=\"Bilde av NTB\" class=\"_image_18f0k_93\" fetchpriority=\"low\" loading=\"lazy\" decoding=\"async\" itemprop=\"image\"  src=\"https:\/\/www.europesays.com\/no\/wp-content\/uploads\/2025\/11\/1762119551_154_c33980b0-5d07-4027-84a1-813f90a7c8d6\"  width=\"480\"\/><\/a><\/li>\n<\/ul>\n<p> Oppdatert s\u00f8ndag 2. november kl. 22:25    <\/p>\n<ul class=\"_list_o9xde_3 _list_64s2r_85 _unordered_o9xde_106 text-sans-m\">\n<li class=\"_item_o9xde_30\">Le Havre-trener Didier Digard anklaget Aron D\u00f8nnum for en rasistisk gest etter Toulouse\u2013Le Havre 0\u20130.<\/li>\n<li class=\"_item_o9xde_30\">D\u00f8nnum avviser p\u00e5standene som \u00abgalskap\u00bb.<\/li>\n<li class=\"_item_o9xde_30\">Ebonog og Digard fikk gult kort etter situasjonen det ble br\u00e5k.<\/li>\n<\/ul>\n<p>Vis mer <\/p>\n<p class=\"_paragraph_o9xde_4 _paragraph_xtcu6_10 layout-component text-serif-m layout-normal text-serif-m layout-padded\">Etter 0-0-kampen i fransk Ligue 1 hevdet Le Havre-trener Didier Digard at D\u00f8nnum gjorde en rasistisk gest mot Simon Ebonog.<\/p>\n<p class=\"_paragraph_o9xde_4 _paragraph_xtcu6_10 layout-component text-serif-m layout-normal text-serif-m layout-padded\">\u2013 Det jeg s\u00e5 i dag er uutholdelig, sier Digard.<\/p>\n<p class=\"_paragraph_o9xde_4 _paragraph_xtcu6_10 layout-component text-serif-m layout-normal text-serif-m layout-padded\">P\u00e5 overtid i 2. omgang ble D\u00f8nnum taklet ureglementert av Ebonog, og det gnistret til mellom spillerne. D\u00f8nnum sa noe, og Ebonog sa noe tilbake. Nordmannen viftet h\u00e5nden fram og tilbake under nesen sin.<\/p>\n<p class=\"_paragraph_o9xde_4 _paragraph_xtcu6_10 layout-component text-serif-m layout-normal text-serif-m layout-padded\">Ebonog fikk gult kort av dommeren, og f\u00f8r frisparket kunne tas ga dommeren gult kort ogs\u00e5 til Digard, som sto ved sidelinja og gestikulerte fordi han mente at D\u00f8nnums h\u00e5ndbevegelse var rasistisk. Treneren gjentok beskyldningen overfor Ligue 1+ etter kampslutt.<\/p>\n<p><img alt=\"Le Havre-trener Didier Digard.  Foto: LOU BENOIST \/ AFP \/ NTB\" class=\"_image_qp4xg_65 layout-component layout-normal\" data-fullscreen- data-track-element-type=\"Article image fullscreen\" data-track-name=\"ImageFullscreen\" decoding=\"async\" loading=\"lazy\" height=\"1585\" itemprop=\"image\"  src=\"https:\/\/www.europesays.com\/no\/wp-content\/uploads\/2025\/11\/f6e4c439-e5f1-4920-b994-bf54a5dd5d63\"  style=\"object-position:0% 0%\" width=\"2378\"\/>Le Havre-trener Didier Digard.  Foto: LOU BENOIST \/ AFP \/ NTB<\/p>\n<p class=\"_paragraph_o9xde_4 _paragraph_xtcu6_10 layout-component text-serif-m layout-normal text-serif-m layout-padded\">D\u00f8nnum ble konfrontert med det av L&#8217;Equipe.<\/p>\n<p class=\"_paragraph_o9xde_4 _paragraph_xtcu6_10 layout-component text-serif-m layout-normal text-serif-m layout-padded\">\u2013 Jeg trodde han ville sl\u00e5ss. S\u00e5 luktet jeg pusten hans. Jeg gjorde bevegelsen fordi det luktet vondt. Det har ingenting med rasisme \u00e5 gj\u00f8re, jeg forst\u00e5r ikke hvorfor de sier det. Kanskje burde jeg ikke gj\u00f8re det mot noen, men i stedet for \u00e5 g\u00e5 i konfrontasjon slik jeg vanligvis gj\u00f8r, gjorde jeg det og vendte meg bort, sa D\u00f8nnum.<\/p>\n<p class=\"_paragraph_o9xde_4 _paragraph_xtcu6_10 layout-component text-serif-m layout-normal text-serif-m layout-padded\">\u2013 Jeg blir trist, veldig trist. Det er sv\u00e6rt ubehagelig \u00e5 m\u00e5tte forklare meg om dette. Jeg vet ikke hva jeg skal si, jeg er bare trist, sa D\u00f8nnum videre til L&#8217;Equipe.<\/p>\n<p><img alt=\"Aron D\u00f8nnum fra en tidligere Toulouse-kamp.   Foto: LIONEL BONAVENTURE \/ AFP \/ NTB\" class=\"_image_qp4xg_65 layout-component layout-normal\" data-fullscreen- data-track-element-type=\"Article image fullscreen\" data-track-name=\"ImageFullscreen\" decoding=\"async\" loading=\"lazy\" height=\"2762\" itemprop=\"image\"  src=\"https:\/\/www.europesays.com\/no\/wp-content\/uploads\/2025\/11\/d57db1a3-c123-4fd4-b7c3-725046a8a5e3\"  style=\"object-position:0% 0%\" width=\"4143\"\/>Aron D\u00f8nnum fra en tidligere Toulouse-kamp.   Foto: LIONEL BONAVENTURE \/ AFP \/ NTB<\/p>\n<p class=\"_paragraph_o9xde_4 _paragraph_xtcu6_10 layout-component text-serif-m layout-normal text-serif-m layout-padded\"><strong class=\"_strong_o9xde_25\">\u2013 Jeg vokste opp i et milj\u00f8 med folk fra mange land, og blant dem var noen av mine n\u00e6rmeste venner. Det er galskap \u00e5 kalle meg rasist.<\/strong><\/p>\n<p class=\"_paragraph_o9xde_4 _paragraph_xtcu6_10 layout-component text-serif-m layout-normal text-serif-m layout-padded\">Den franske storavisen sl\u00e5r saken sv\u00e6rt opp s\u00f8ndag kveld.<\/p>\n<p class=\"_paragraph_o9xde_4 _paragraph_xtcu6_10 layout-component text-serif-m layout-normal text-serif-m layout-padded\">Digard modererte sine uttalelser noe p\u00e5 pressekonferansen senere.<\/p>\n<p class=\"_paragraph_o9xde_4 _paragraph_xtcu6_10 layout-component text-serif-m layout-normal text-serif-m layout-padded\">\u2013 Jeg kan ikke tolke hva andre tenker, men det var uansett ydmykende for min spiller. Hvis vi ikke straffer slikt, har vi et problem, sa han.<\/p>\n","protected":false},"excerpt":{"rendered":"Aron D\u00f8nnum ble av motstanderlagets trener beskyldt for rasisme i s\u00f8ndagens Toulouse-kamp mot Le Havre. Nordmannen kaller anklagen&hellip;\n","protected":false},"author":2,"featured_media":76765,"comment_status":"","ping_status":"","sticky":false,"template":"","format":"standard","meta":{"footnotes":""},"categories":[59],"tags":[4949,10596,30,28,29,83,82,10595],"class_list":{"0":"post-76764","1":"post","2":"type-post","3":"status-publish","4":"format-standard","5":"has-post-thumbnail","7":"category-sport","8":"tag-aron-donnum","9":"tag-ligue-1","10":"tag-no","11":"tag-norge","12":"tag-norway","13":"tag-sport","14":"tag-sports","15":"tag-toulouse-fc"},"share_on_mastodon":{"url":"https:\/\/pubeurope.com\/@no\/115482274710459570","error":""},"_links":{"self":[{"href":"https:\/\/www.europesays.com\/no\/wp-json\/wp\/v2\/posts\/76764","targetHints":{"allow":["GET"]}}],"collection":[{"href":"https:\/\/www.europesays.com\/no\/wp-json\/wp\/v2\/posts"}],"about":[{"href":"https:\/\/www.europesays.com\/no\/wp-json\/wp\/v2\/types\/post"}],"author":[{"embeddable":true,"href":"https:\/\/www.europesays.com\/no\/wp-json\/wp\/v2\/users\/2"}],"replies":[{"embeddable":true,"href":"https:\/\/www.europesays.com\/no\/wp-json\/wp\/v2\/comments?post=76764"}],"version-history":[{"count":0,"href":"https:\/\/www.europesays.com\/no\/wp-json\/wp\/v2\/posts\/76764\/revisions"}],"wp:featuredmedia":[{"embeddable":true,"href":"https:\/\/www.europesays.com\/no\/wp-json\/wp\/v2\/media\/76765"}],"wp:attachment":[{"href":"https:\/\/www.europesays.com\/no\/wp-json\/wp\/v2\/media?parent=76764"}],"wp:term":[{"taxonomy":"category","embeddable":true,"href":"https:\/\/www.europesays.com\/no\/wp-json\/wp\/v2\/categories?post=76764"},{"taxonomy":"post_tag","embeddable":true,"href":"https:\/\/www.europesays.com\/no\/wp-json\/wp\/v2\/tags?post=76764"}],"curies":[{"name":"wp","href":"https:\/\/api.w.org\/{rel}","templated":true}]}}