{"id":76821,"date":"2025-11-03T02:10:12","date_gmt":"2025-11-03T02:10:12","guid":{"rendered":"https:\/\/www.europesays.com\/no\/76821\/"},"modified":"2025-11-03T02:10:12","modified_gmt":"2025-11-03T02:10:12","slug":"rsf-far-vapenstotte-av-emiratene","status":"publish","type":"post","link":"https:\/\/www.europesays.com\/no\/76821\/","title":{"rendered":"\u2013 RSF f\u00e5r v\u00e5penst\u00f8tte av Emiratene"},"content":{"rendered":"\n<p class=\"_lead_o9xde_2 _lead_xtcu6_50 layout-component text-serif-m layout-normal text-serif-l layout-component layout-wide layout-padded _wide_17hqh_1 layout-padded\">Militsen Rapid Support Forces (RSF), som n\u00e5 herjer i Sudan, f\u00e5r v\u00e5penst\u00f8tte av Emiratene, sier forsker Liv T\u00f8nnessen. <\/p>\n<p><img alt=\" Foto: AFP\" class=\"_image_qp4xg_65 layout-component layout-normal\" data-fullscreen- data-track-element-type=\"Article image fullscreen\" data-track-name=\"ImageFullscreen\" fetchpriority=\"high\" decoding=\"sync\" loading=\"eager\" height=\"1404\" itemprop=\"image\"  src=\"https:\/\/www.europesays.com\/no\/wp-content\/uploads\/2025\/11\/026a026d-511b-4085-8f9a-265758c39b64\"  style=\"object-position:0% 0%\" width=\"1053\"\/> Foto: AFP<\/p>\n<ul aria-hidden=\"true\" class=\"_images_18f0k_111\">\n<li><a class=\"_link_18f0k_116\" href=\"https:\/\/www.vg.no\/forfatter\/ola-haram\" style=\"z-index:1\" title=\"Ola Haram\" rel=\"nofollow noopener\" target=\"_blank\"><img alt=\"Bilde av Ola Haram\" class=\"_image_18f0k_93\" fetchpriority=\"low\" loading=\"lazy\" decoding=\"async\" itemprop=\"image\"  src=\"https:\/\/www.europesays.com\/no\/wp-content\/uploads\/2025\/11\/1762135810_800_eb1cd510-8bbd-41ad-8377-f4ff91e91460\"  width=\"480\"\/><\/a><\/li>\n<\/ul>\n<p> Oppdatert mandag 3. november kl. 02:35    <\/p>\n<ul class=\"_list_o9xde_3 _list_64s2r_85 _unordered_o9xde_106 text-sans-m\">\n<li class=\"_item_o9xde_30\">Forskeren Liv T\u00f8nnessen sier Emiratene st\u00f8tter RSF med v\u00e5pen og via gullhandel; v\u00e5pen solgt til Emiratene er funnet hos militsen.<\/li>\n<li class=\"_item_o9xde_30\">RSF tok byen El Fasher etter 540 dagers beleiring; Jan Egeland advarer om en \u00abufattelig massakre\u00bb.<\/li>\n<li class=\"_item_o9xde_30\">USA har sl\u00e5tt fast at RSF begikk folkemord.<\/li>\n<\/ul>\n<p>Vis mer <\/p>\n<p class=\"_paragraph_o9xde_4 _paragraph_xtcu6_10 layout-component text-serif-m layout-normal text-serif-m layout-padded\">Den siste uken har fryktelige overgrep mot sivile fra RSF-militsen blitt dokumentert i <a href=\"https:\/\/www.vg.no\/tag\/sudan?utm_source=vg-article&amp;utm_medium=auto-tagger&amp;utm_campaign=QMndb8\" class=\"_link_o9xde_39\" rel=\"nofollow noopener\" target=\"_blank\">Sudan<\/a>. VG har blant annet omtalt <a href=\"https:\/\/www.vg.no\/nyheter\/i\/4B6g2g\/der-er-min-onkel\" data-track-element-type=\"Link\" data-track-id=\"link:4B6g2g\" class=\"_link_o9xde_39\" rel=\"nofollow noopener\" target=\"_blank\">regelrette henrettelser p\u00e5 sivile<\/a> som hadde flyktet fra byen.<\/p>\n<p class=\"_paragraph_o9xde_4 _paragraph_xtcu6_10 layout-component text-serif-m layout-normal text-serif-m layout-padded\">\u2013 At RSF st\u00f8ttes av EmirateneEmirateneEmiratene viser til De forente arabiske emirater (De arabiske emirater \/ UAE) \u2013 en f\u00f8derasjon av sju emirater p\u00e5 Den arabiske halv\u00f8y: Abu Dhabi, Dubai, Sharjah, Ajman, Umm al-Quwain, Ras al-Khaimah og Fujairah. Landet ble dannet i 1971, og styres som et monarki der hvert emirat har sin egen leder (emir), mens Abu Dhabis hersker ogs\u00e5 er landets president. \u00d8konomien er bygd p\u00e5 olje og gass, men ogs\u00e5 p\u00e5 finans, eiendom og handel, s\u00e6rlig i Dubai., er ganske tydelig, sier forsker og Sudan-ekspert Liv T\u00f8nnessen til VG.<\/p>\n<p class=\"_paragraph_o9xde_4 _paragraph_xtcu6_10 layout-component text-serif-m layout-normal text-serif-m layout-padded\">\u2013 Men dette vil de ikke si \u00e5pent selv?<\/p>\n<p class=\"_paragraph_o9xde_4 _paragraph_xtcu6_10 layout-component text-serif-m layout-normal text-serif-m layout-padded\">\u2013 Det er nok fordi de ikke \u00f8nsker \u00e5 vedkjenne seg alle bruddene p\u00e5 internasjonal lov som blir beg\u00e5tt av RSF i Sudan.<\/p>\n<p><img decoding=\"async\" alt=\"Bilde av Liv T\u00f8nnessen\" class=\"_image_ygndg_42\" height=\"28\" itemprop=\"image\" loading=\"lazy\"  src=\"https:\/\/www.europesays.com\/no\/wp-content\/uploads\/2025\/11\/31645518-5805-4936-9db5-8ea5946a2aab\"  width=\"40\"\/><strong class=\"_name_ygndg_51 title-serif-xs\">Liv T\u00f8nnessen<\/strong><\/p>\n<p class=\"_paragraph_o9xde_4 text-sans-m _description_ygndg_56\">Forsker og Sudan-ekspert ved Christian Michelsens Institutt.<\/p>\n<p class=\"_paragraph_o9xde_4 _paragraph_xtcu6_10 layout-component text-serif-m layout-normal text-serif-m layout-padded\">Hun viser til at britiske og kinesiske v\u00e5pen som er solgt til emiratene, siden <a href=\"https:\/\/www.theguardian.com\/global-development\/2025\/oct\/28\/uk-military-equipment-rapid-support-forces-rsf-militia-accused-genocide-found-sudan-united-nations\" class=\"_link_o9xde_39\" rel=\"nofollow noopener\" target=\"_blank\">er funnet hos RSF-styrker. <\/a><\/p>\n<p>Betaler i gull<\/p>\n<p class=\"_paragraph_o9xde_4 _paragraph_xtcu6_10 layout-component text-serif-m layout-normal text-serif-m layout-padded\">V\u00e5pnene har bidratt til \u00e5 opprettholde RSFs slagkraft, etter at militsen mistet kontrollen over hovedstaden <a href=\"https:\/\/www.vg.no\/nyheter\/i\/QM0EvA\/sudans-haer-hevder-aa-ha-full-kontroll-over-hovedstaden\" data-track-element-type=\"Link\" data-track-id=\"link:QM0EvA\" class=\"_link_o9xde_39\" rel=\"nofollow noopener\" target=\"_blank\">Khartoum i mars<\/a>. <\/p>\n<p class=\"_paragraph_o9xde_4 _paragraph_xtcu6_10 layout-component text-serif-m layout-normal text-serif-m layout-padded\">\u2013 I tillegg er det er store mengder sudansk gull som blir smuglet ut til emiratene.<\/p>\n<p class=\"_paragraph_o9xde_4 _paragraph_xtcu6_10 layout-component text-serif-m layout-normal text-serif-m layout-padded\">Dette bekreftes ogs\u00e5 i <a href=\"https:\/\/www.chathamhouse.org\/2025\/03\/gold-and-war-sudan\/04-how-sudans-gold-sector-connects-regional-conflict-ecosystem\" class=\"_link_o9xde_39\" rel=\"nofollow noopener\" target=\"_blank\">en rapport fra Chatham House<\/a>, som viser at De forente arabiske emirater har spilt en sentral rolle i \u00e5 finansiere og bev\u00e6pne RSF gjennom gullhandel med Sudan.<\/p>\n<p><img alt=\"Sudanske innbyggere var mandag samlet for \u00e5 motta gratis m\u00e5ltider i El Fasher.   Foto: STR. \/ AFP \/ NTB\" class=\"_image_qp4xg_65 layout-component layout-normal\" data-fullscreen- data-track-element-type=\"Article image fullscreen\" data-track-name=\"ImageFullscreen\" decoding=\"async\" loading=\"lazy\" height=\"2560\" itemprop=\"image\"  src=\"https:\/\/www.europesays.com\/no\/wp-content\/uploads\/2025\/11\/23bcc4c7-32b3-44ca-9c61-d7da211abb53\"  style=\"object-position:0% 0%\" width=\"3840\"\/>Sudanske innbyggere var mandag samlet for \u00e5 motta gratis m\u00e5ltider i El Fasher.   Foto: STR. \/ AFP \/ NTB<\/p>\n<p class=\"_paragraph_o9xde_4 _paragraph_xtcu6_10 layout-component text-serif-m layout-normal text-serif-m layout-padded\">Samtidig understreker T\u00f8nnessen at emiratenes engasjement i Sudan ikke bare handler om r\u00e5varer og rikdom.<\/p>\n<p class=\"_paragraph_o9xde_4 _paragraph_xtcu6_10 layout-component text-serif-m layout-normal text-serif-m layout-padded\">\u2013 B\u00e5de emiratene og Saudi-Arabia har tidligere kj\u00f8pt opp landomr\u00e5der i Sudan for \u00e5 sikre sin egen matsikkerhet, sier hun.<\/p>\n<p>Folkemord og massakre<\/p>\n<p class=\"_paragraph_o9xde_4 _paragraph_xtcu6_10 layout-component text-serif-m layout-normal text-serif-m layout-padded\">I forrige uke tok RSF seg inn i byen El Fasher, s\u00f8rvest i landet, etter \u00e5 ha beleiret den i mer enn 540 dager. <\/p>\n<p class=\"_paragraph_o9xde_4 _paragraph_xtcu6_10 layout-component text-serif-m layout-normal text-serif-m layout-padded\">\u2013 Det er som et mareritt som har blitt virkelig den siste uken. Vi har sett en lang nedtelling til en ufattelig massakre, der den beleirede byen El Fasher n\u00e5 er tatt av brutale voldsmenn som har g\u00e5tt l\u00f8s b\u00e5de p\u00e5 sivile og p\u00e5 de gjenv\u00e6rende sudanske soldatene, sier Jan Egeland, generalsekret\u00e6r i Flyktninghjelpen til VG.<\/p>\n<p><img decoding=\"async\" alt=\"Bilde av Jan Egeland\" class=\"_image_ygndg_42\" height=\"27\" itemprop=\"image\" loading=\"lazy\"  src=\"https:\/\/www.europesays.com\/no\/wp-content\/uploads\/2025\/11\/10e1c152-3934-41b4-bb32-e8eba254f34b\"  width=\"40\"\/><strong class=\"_name_ygndg_51 title-serif-xs\">Jan Egeland<\/strong><\/p>\n<p class=\"_paragraph_o9xde_4 text-sans-m _description_ygndg_56\">Generalsekret\u00e6r i Flyktninghjelpen.<\/p>\n<p class=\"_paragraph_o9xde_4 _paragraph_xtcu6_10 layout-component text-serif-m layout-normal text-serif-m layout-padded\">Egeland sammenligner situasjonen med Darfur-krisen for 20 \u00e5r siden, da han var FNs humanit\u00e6re sjef.<\/p>\n<p class=\"_paragraph_o9xde_4 _paragraph_xtcu6_10 layout-component text-serif-m layout-normal text-serif-m layout-padded\">\u2013 I dag er katastrofen tre ganger s\u00e5 stor m\u00e5lt i antall mennesker som er i spill. Men dette f\u00e5r mye mindre oppmerksomhet, sier han.<\/p>\n<p><img alt=\"Et satellittbilde fra Planet Labs PBC viser omr\u00e5det rundt milit\u00e6rbasen i El Fasher som RSF har inntatt.   Foto: Planet Labs PBC via AP \/ NTB\" class=\"_image_qp4xg_65 layout-component layout-normal\" data-fullscreen- data-track-element-type=\"Article image fullscreen\" data-track-name=\"ImageFullscreen\" decoding=\"async\" loading=\"lazy\" height=\"1297\" itemprop=\"image\"  src=\"https:\/\/www.europesays.com\/no\/wp-content\/uploads\/2025\/11\/23524be2-7374-4518-be48-9e82ab263f35\"  style=\"object-position:0% 0%\" width=\"1945\"\/>Et satellittbilde fra Planet Labs PBC viser omr\u00e5det rundt milit\u00e6rbasen i El Fasher som RSF har inntatt.   Foto: Planet Labs PBC via AP \/ NTBHva skjer i Sudan?<\/p>\n<p class=\"_paragraph_o9xde_4 _paragraph_xtcu6_10 _paragraph_16v91_10 layout-component text-serif-m layout-normal text-sans-m layout-padded\" itemprop=\"text\">I april 2023 br\u00f8t det ut kamper mellom Sudans regjeringsh\u00e6r under ledelse av kuppgeneralen Abdel Fattah al-Burhan og RSF-militsen under ledelse av Mohamed Hamdan Dagalo.<\/p>\n<ul class=\"_list_o9xde_3 _list_xtcu6_9 _list_16v91_9 _unordered_o9xde_106 layout-component text-serif-m layout-normal text-sans-m layout-padded\" itemprop=\"text\">\n<li class=\"_item_o9xde_30\">Krigen har siden april 2023 krevd titusenvis av liv og drevet 14 millioner mennesker p\u00e5 flukt. <\/li>\n<li class=\"_item_o9xde_30\">Rundt 4,3 millioner har flyktet til naboland som Tsjad, S\u00f8r-Sudan, Etiopia og Egypt.<\/li>\n<li class=\"_item_o9xde_30\">Over halvparten (51 %) av de fordrevne er barn under 18 \u00e5r.<\/li>\n<li class=\"_item_o9xde_30\">Like under halvparten av de fordrevne bor hos vertsfamilier, mens resten oppholder seg i leirer, \u00e5pne omr\u00e5der eller midlertidige tilfluktssteder.<\/li>\n<\/ul>\n<p class=\"_paragraph_o9xde_4 _paragraph_xtcu6_10 _paragraph_16v91_10 layout-component text-serif-m layout-normal text-sans-m layout-padded\" itemprop=\"text\">Kilde: <a href=\"https:\/\/dtm.iom.int\/report-product-series\/displacement-report-1\" class=\"_link_o9xde_39\" rel=\"nofollow noopener\" target=\"_blank\">International Organization for Migration (IOM)<\/a> <\/p>\n<p>Hvem er partene?<\/p>\n<p class=\"_paragraph_o9xde_4 _paragraph_xtcu6_10 _paragraph_16v91_10 layout-component text-serif-m layout-normal text-sans-m layout-padded\" itemprop=\"text\">Slaget om Sudan\u00a0st\u00e5r mellom<strong class=\"_strong_o9xde_25\"> General Abdel Fattah al-Burhan<\/strong>, de facto-leder av Sudan og landets regul\u00e6re h\u00e6r, og RSF-sjef<strong class=\"_strong_o9xde_25\"> general Mohamed Hamdan Dagalo <\/strong>\u2013 bedre kjent som Hemedti.<\/p>\n<p class=\"_paragraph_o9xde_4 _paragraph_xtcu6_10 _paragraph_16v91_10 layout-component text-serif-m layout-normal text-sans-m layout-padded\" itemprop=\"text\">Rapid Support Forces (RSF) er en paramilit\u00e6r gruppe, ledet av en tidligere h\u00e6rgeneral, som n\u00e5 er i krig med regjeringsh\u00e6ren i Sudan. RSF ble dannet i 2013 med utgangspunkt i Janjaweed-militsen som anklages for \u00e5 ha beg\u00e5tt omfattende krigsforbrytelser i Darfur-regionen p\u00e5 vegne av det dav\u00e6rende regimet i Khartoum.<\/p>\n<p>Hvordan lider de sivile?<\/p>\n<p class=\"_paragraph_o9xde_4 _paragraph_xtcu6_10 _paragraph_16v91_10 layout-component text-serif-m layout-normal text-sans-m layout-padded\" itemprop=\"text\">Sudan st\u00e5r midt i det som beskrives som verdens st\u00f8rste sultkrise i nyere tid. Krigen har \u00f8delagt jordbruk, handel og forsyningslinjer, og hungersn\u00f8d ble f\u00f8rst bekreftet i Zamzam-leiren i august 2024.<\/p>\n<p class=\"_paragraph_o9xde_4 _paragraph_xtcu6_10 _paragraph_16v91_10 layout-component text-serif-m layout-normal text-sans-m layout-padded\" itemprop=\"text\">If\u00f8lge Verdens matvareprogram (WFP) er 24,6 millioner mennesker, rundt halvparten av befolkningen, rammet av akutt matmangel. Av disse st\u00e5r 637 000 mennesker overfor katastrofal sult. Over \u00e9n av tre barn lider av akutt underern\u00e6ring.<\/p>\n<p class=\"_paragraph_o9xde_4 _paragraph_xtcu6_10 _paragraph_16v91_10 layout-component text-serif-m layout-normal text-sans-m layout-padded\" itemprop=\"text\">Over 30 millioner mennesker trenger humanit\u00e6r hjelp. Blant dem som trenger akutt hjelp, er 15,6 millioner barn.<\/p>\n<p class=\"_paragraph_o9xde_4 _paragraph_xtcu6_10 _paragraph_16v91_10 layout-component text-serif-m layout-normal text-sans-m layout-padded\" itemprop=\"text\">I tillegg rapporteres det jevnlig om at sivilbefolkning og bistandspersonell utsettes for grove handlinger som etnisk rensing og andre krigsforbrytelser som seksuell vold og henrettelser.<\/p>\n<p class=\"_paragraph_o9xde_4 _paragraph_xtcu6_10 _paragraph_16v91_10 layout-component text-serif-m layout-normal text-sans-m layout-padded\" itemprop=\"text\">Kilde: <a href=\"https:\/\/www.wfp.org\/emergencies\/sudan\" class=\"_link_o9xde_39\" rel=\"nofollow noopener\" target=\"_blank\">Verdens matvareprogram<\/a>, <a href=\"https:\/\/www.fao.org\/newsroom\/detail\/two-years-since-the-start-of-the-conflict-sudan-is-facing\/en\" class=\"_link_o9xde_39\" rel=\"nofollow noopener\" target=\"_blank\">UNICEF &amp; FAO<\/a> og <a href=\"https:\/\/www.ohchr.org\/en\/press-releases\/2025\/04\/sudan-faces-worsening-humanitarian-catastrophe-famine-and-conflict-escalate\" class=\"_link_o9xde_39\" rel=\"nofollow noopener\" target=\"_blank\">FNs h\u00f8ykommiss\u00e6r for menneskerettigheter<\/a><\/p>\n<p>Begge parter beg\u00e5r overgrep<\/p>\n<p class=\"_paragraph_o9xde_4 _paragraph_xtcu6_10 layout-component text-serif-m layout-normal text-serif-m layout-padded\">T\u00f8nnessen understreker at begge parter i konflikten beg\u00e5r overgrep, ikke bare RSF.<\/p>\n<p class=\"_paragraph_o9xde_4 _paragraph_xtcu6_10 layout-component text-serif-m layout-normal text-serif-m layout-padded\">\u2013 Det er viktig \u00e5 huske at overgrep mot sivilbefolkningen beg\u00e5s ogs\u00e5 av SAF. Men den systematiske volden vi har f\u00e5tt rapporter fra El Fasher beg\u00e5s av RSF, sier T\u00f8nnessen.<\/p>\n<p class=\"_paragraph_o9xde_4 _paragraph_xtcu6_10 layout-component text-serif-m layout-normal text-serif-m layout-padded\">Det amerikanske utenriksdepartementet konkluderte allerede i januar at RSF <a href=\"https:\/\/geneva.usmission.gov\/2025\/01\/07\/genocide-determination-in-sudan\/\" class=\"_link_o9xde_39\" rel=\"nofollow noopener\" target=\"_blank\">begikk folkemord<\/a> i Sudan: <\/p>\n<p class=\"_paragraph_o9xde_4 _paragraph_xtcu6_10 layout-component text-serif-m layout-normal text-serif-m layout-padded\">\u00abRSF og deres allierte militser har systematisk drept menn og gutter, til og med spedbarn, p\u00e5 grunn av deres etnisitet, og med overlegg g\u00e5tt etter kvinner og jenter fra bestemte etniske grupper og gjort dem til m\u00e5l for voldtekt og andre former for brutal seksuell vold.\u00bb.<\/p>\n<p>El Fasher: Den beleirede byen som falt <\/p>\n<p class=\"_paragraph_o9xde_4 _paragraph_xtcu6_10 _paragraph_16v91_10 layout-component text-serif-m layout-normal text-sans-m layout-padded\" itemprop=\"text\">RSF har den siste tiden strammet grepet om El Fasher i Nord-Darfur etter m\u00e5neder med harde kamper. Styrken tok midlertidig kontroll over flere milit\u00e6re anlegg i september f\u00f8r den ble drevet tilbake av regjeringsstyrkenes artilleri og droneangrep. Byen, som har v\u00e6rt omringet i over et \u00e5r, mangler n\u00e5 vann, mat og medisiner.<\/p>\n<p class=\"_paragraph_o9xde_4 _paragraph_xtcu6_10 _paragraph_16v91_10 layout-component text-serif-m layout-normal text-sans-m layout-padded\" itemprop=\"text\">Denne uken tok RSF kontroll over byen.<\/p>\n<p class=\"_paragraph_o9xde_4 _paragraph_xtcu6_10 _paragraph_16v91_10 layout-component text-serif-m layout-normal text-sans-m layout-padded\" itemprop=\"text\">RSF-angrep har kostet titalls sivile livet. Artilleri og droner traff boligomr\u00e5der og en mosk\u00e9 i september, med opptil 80 drepte. Flere tusen mennesker har flyktet fra byen mot Tawila og n\u00e6rliggende landsbyer.<\/p>\n<p class=\"_paragraph_o9xde_4 _paragraph_xtcu6_10 _paragraph_16v91_10 layout-component text-serif-m layout-normal text-sans-m layout-padded\" itemprop=\"text\">FN ford\u00f8mmer RSFs m\u00e5lrettede angrep mot sivile, n\u00f8dhjelpsarbeidere og infrastruktur i og rundt El Fasher. Det rapporteres om summariske henrettelser, seksuelle overgrep og hindring av fluktveier. FN krever umiddelbar beskyttelse av sivile og sikker humanit\u00e6r tilgang.<\/p>\n<p class=\"_paragraph_o9xde_4 _paragraph_xtcu6_10 _paragraph_16v91_10 layout-component text-serif-m layout-normal text-sans-m layout-padded\" itemprop=\"text\">Kilde: <a href=\"https:\/\/acleddata.com\/update\/africa-overview-october-2025\" class=\"_link_o9xde_39\" rel=\"nofollow noopener\" target=\"_blank\">ACLED<\/a>, \u00e5pne kilder,<a href=\"https:\/\/reliefweb.int\/report\/sudan\/statement-operational-humanitarian-country-team-sudan-attacks-against-civilians-el-fasher\" class=\"_link_o9xde_39\" rel=\"nofollow noopener\" target=\"_blank\"> OCHAs situasjonsrapport<\/a> (publisert 28. oktober), <a href=\"https:\/\/reliefweb.int\/report\/sudan\/dtm-sudan-flash-alert-al-fasher-al-fasher-town-north-darfur-update-096-21-september-2025\" class=\"_link_o9xde_39\" rel=\"nofollow noopener\" target=\"_blank\">IOM<\/a><\/p>\n<p>Humanit\u00e6r tilgang n\u00e6rmest kollapset <\/p>\n<p class=\"_paragraph_o9xde_4 _paragraph_xtcu6_10 _paragraph_16v91_10 layout-component text-serif-m layout-normal text-sans-m layout-padded\" itemprop=\"text\">Tilgangen til El Fasher er sterkt begrenset. Konvoier med n\u00f8dhjelp blir stanset eller omdirigert, og hjelpearbeidere beskriver \u00abumulige forhold\u00bb, if\u00f8lge FN sitt kontor for humanit\u00e6re saker (OCHA). Kapasiteten til \u00e5 m\u00f8te de voksende behovene svekkes for hver uke. <\/p>\n<p class=\"_paragraph_o9xde_4 _paragraph_xtcu6_10 _paragraph_16v91_10 layout-component text-serif-m layout-normal text-sans-m layout-padded\" itemprop=\"text\">If\u00f8lge OCHA har hjelpeorganisasjoner i omr\u00e5det hittil bare klart \u00e5 dekke en br\u00f8kdel av behovene, og store deler av befolkningen er fanget i byen uten trygg vei ut.<\/p>\n<p class=\"_paragraph_o9xde_4 _paragraph_xtcu6_10 _paragraph_16v91_10 layout-component text-serif-m layout-normal text-sans-m layout-padded\" itemprop=\"text\">OCHA og Leger Uten Grenser, som er blant organisasjonene som driver bistand i Sudan, ber om at sivile f\u00e5r trygg passasje ut av byen og at humanit\u00e6re organisasjoner f\u00e5r uhindret adgang til \u00e5 levere n\u00f8dhjelp.<\/p>\n<p class=\"_paragraph_o9xde_4 _paragraph_xtcu6_10 _paragraph_16v91_10 layout-component text-serif-m layout-normal text-sans-m layout-padded\" itemprop=\"text\">Kilde: <a href=\"https:\/\/reliefweb.int\/report\/sudan\/statement-operational-humanitarian-country-team-sudan-attacks-against-civilians-el-fasher\" class=\"_link_o9xde_39\" rel=\"nofollow noopener\" target=\"_blank\">OCHAs situasjonsrapport<\/a> (publisert 28. oktober), <a href=\"https:\/\/www.msf.org\/civilians-must-be-spared-el-fasher-sudan\" class=\"_link_o9xde_39\" rel=\"nofollow noopener\" target=\"_blank\">Leger Uten Grenser<\/a>.<\/p>\n<p> Helsevesenet p\u00e5 randen av sammenbrudd <\/p>\n<p class=\"_paragraph_o9xde_4 _paragraph_xtcu6_10 _paragraph_16v91_10 layout-component text-serif-m layout-normal text-sans-m layout-padded\" itemprop=\"text\">Sudan Health Cluster melder at helsevesenet st\u00e5r p\u00e5 randen av kollaps. Over en tredel av Sudans helseinstitusjoner er ute av drift. I Darfur og Kordofan er mange sykehus \u00f8delagt.<\/p>\n<p class=\"_paragraph_o9xde_4 _paragraph_xtcu6_10 _paragraph_16v91_10 layout-component text-serif-m layout-normal text-sans-m layout-padded\" itemprop=\"text\">I Nord-Darfur og Nord-Kordofan er mange sykehus \u00f8delagt eller forlatt. I juli 2025 ble rundt 2,8 millioner mennesker n\u00e5dd med helsehjelp, men over 20 millioner har fortsatt behov for medisinsk bistand.<\/p>\n<p class=\"_paragraph_o9xde_4 _paragraph_xtcu6_10 _paragraph_16v91_10 layout-component text-serif-m layout-normal text-sans-m layout-padded\" itemprop=\"text\">Finansieringsgapet er alvorlig. Bare 26 prosent av de 262 millioner dollar som trengs til helseinnsatsen er dekket. WHO advarer om at uten umiddelbar st\u00f8tte kan titusenvis av liv g\u00e5 tapt i l\u00f8pet av de neste m\u00e5nedene.<\/p>\n<p class=\"_paragraph_o9xde_4 _paragraph_xtcu6_10 _paragraph_16v91_10 layout-component text-serif-m layout-normal text-sans-m layout-padded\" itemprop=\"text\">Kilde: <a href=\"https:\/\/reliefweb.int\/report\/sudan\/sudan-health-cluster-humanitarian-response-july-2025\" class=\"_link_o9xde_39\" rel=\"nofollow noopener\" target=\"_blank\">Sudan Health Cluster Humanitarian Response<\/a> juli 2025 (publisert 28. oktober).<\/p>\n<p>Nord-Kordofan: Ny front i krigen <\/p>\n<p class=\"_paragraph_o9xde_4 _paragraph_xtcu6_10 _paragraph_16v91_10 layout-component text-serif-m layout-normal text-sans-m layout-padded\" itemprop=\"text\">I Nord-Kordofan har Sudans v\u00e6pnede styrker lansert en offensiv for \u00e5 ta tilbake kontrollen over den strategiske korridoren som forbinder Darfur med sentrale og s\u00f8rlige deler av Sudan. <\/p>\n<p class=\"_paragraph_o9xde_4 _paragraph_xtcu6_10 _paragraph_16v91_10 layout-component text-serif-m layout-normal text-sans-m layout-padded\" itemprop=\"text\">Den 11. september tok Sudans v\u00e6pnede styrker byen Bara, et viktig knutepunkt for forsyningslinjene mot Khartoum. Kort tid etter ble RSF-konvoier observert i landsbyene Jirejikh, Um Dayoga og Sarraj, og kampene har siden tiltatt i intensitet, <\/p>\n<p class=\"_paragraph_o9xde_4 _paragraph_xtcu6_10 _paragraph_16v91_10 layout-component text-serif-m layout-normal text-sans-m layout-padded\" itemprop=\"text\">Kampene har ogs\u00e5 rammet omr\u00e5der n\u00e6r delstatshovedstaden El Obeid, hvor kontrollen stadig skifter mellom partene. FN advarer om fare for ny masseflukt dersom kampene sprer seg videre s\u00f8rover.<\/p>\n<p class=\"_paragraph_o9xde_4 _paragraph_xtcu6_10 _paragraph_16v91_10 layout-component text-serif-m layout-normal text-sans-m layout-padded\" itemprop=\"text\">Kilde: <a href=\"https:\/\/acleddata.com\/update\/africa-overview-october-2025\" class=\"_link_o9xde_39\" rel=\"nofollow noopener\" target=\"_blank\">ACLED<\/a>, <a href=\"https:\/\/reliefweb.int\/report\/sudan\/statement-operational-humanitarian-country-team-sudan-attacks-against-civilians-el-fasher\" class=\"_link_o9xde_39\" rel=\"nofollow noopener\" target=\"_blank\">OCHAs situasjonsrapport<\/a> (publisert 28. oktober), \u00e5pne kilder, Al Jazeera<\/p>\n","protected":false},"excerpt":{"rendered":"Militsen Rapid Support Forces (RSF), som n\u00e5 herjer i Sudan, f\u00e5r v\u00e5penst\u00f8tte av Emiratene, sier forsker Liv T\u00f8nnessen.&hellip;\n","protected":false},"author":2,"featured_media":76822,"comment_status":"","ping_status":"","sticky":false,"template":"","format":"standard","meta":{"footnotes":""},"categories":[5],"tags":[20,21,24,25,15,19,22,23,17,18,13,30,28,29,14,16,3918,26,27],"class_list":{"0":"post-76821","1":"post","2":"type-post","3":"status-publish","4":"format-standard","5":"has-post-thumbnail","7":"category-overskrifter","8":"tag-breaking-news","9":"tag-breakingnews","10":"tag-featured-news","11":"tag-featurednews","12":"tag-headlines","13":"tag-hovedoppslag","14":"tag-latest-news","15":"tag-latestnews","16":"tag-main-news","17":"tag-mainnews","18":"tag-news","19":"tag-no","20":"tag-norge","21":"tag-norway","22":"tag-nyheter","23":"tag-overskrifter","24":"tag-sudan","25":"tag-top-stories","26":"tag-topstories"},"share_on_mastodon":{"url":"https:\/\/pubeurope.com\/@no\/115483340024177896","error":""},"_links":{"self":[{"href":"https:\/\/www.europesays.com\/no\/wp-json\/wp\/v2\/posts\/76821","targetHints":{"allow":["GET"]}}],"collection":[{"href":"https:\/\/www.europesays.com\/no\/wp-json\/wp\/v2\/posts"}],"about":[{"href":"https:\/\/www.europesays.com\/no\/wp-json\/wp\/v2\/types\/post"}],"author":[{"embeddable":true,"href":"https:\/\/www.europesays.com\/no\/wp-json\/wp\/v2\/users\/2"}],"replies":[{"embeddable":true,"href":"https:\/\/www.europesays.com\/no\/wp-json\/wp\/v2\/comments?post=76821"}],"version-history":[{"count":0,"href":"https:\/\/www.europesays.com\/no\/wp-json\/wp\/v2\/posts\/76821\/revisions"}],"wp:featuredmedia":[{"embeddable":true,"href":"https:\/\/www.europesays.com\/no\/wp-json\/wp\/v2\/media\/76822"}],"wp:attachment":[{"href":"https:\/\/www.europesays.com\/no\/wp-json\/wp\/v2\/media?parent=76821"}],"wp:term":[{"taxonomy":"category","embeddable":true,"href":"https:\/\/www.europesays.com\/no\/wp-json\/wp\/v2\/categories?post=76821"},{"taxonomy":"post_tag","embeddable":true,"href":"https:\/\/www.europesays.com\/no\/wp-json\/wp\/v2\/tags?post=76821"}],"curies":[{"name":"wp","href":"https:\/\/api.w.org\/{rel}","templated":true}]}}