{"id":76915,"date":"2025-11-03T06:34:11","date_gmt":"2025-11-03T06:34:11","guid":{"rendered":"https:\/\/www.europesays.com\/no\/76915\/"},"modified":"2025-11-03T06:34:11","modified_gmt":"2025-11-03T06:34:11","slug":"trafikk-politiloggen-mobilkran-havarerte-tre-hjortedyr-pakjort-i-en-hendelse","status":"publish","type":"post","link":"https:\/\/www.europesays.com\/no\/76915\/","title":{"rendered":"Trafikk, Politiloggen | Mobilkran havarerte \u2013 tre hjortedyr p\u00e5kj\u00f8rt i \u00e9n hendelse"},"content":{"rendered":"\n<p>Klokken 05.54 opplyser politiet i Tr\u00f8ndelag at det er meldt om p\u00e5kj\u00f8rsel av tre hjortedyr i samme hendelse i Orkland kommune.<\/p>\n<p>\u2013 To d\u00f8de momentant, men den tredje er det litt usikkert med. Det ble en del glass inn i bilen til sj\u00e5f\u00f8ren, men det har g\u00e5tt relativt bra. Frontruta er knust, sier operasjonsleder Bj\u00f8rnar Gaasvik i Tr\u00f8ndelag politidistrikt.<\/p>\n<p>Viltnemnda ble varslet om hendelsen. Ulykken skjedde seg ved tunnelen i Snilldal, rett nord for V\u00e5vatnet p\u00e5 Fylkesveg 714.<\/p>\n<p>\u2013 Det er bestilt bilberging til stedet. Vegtrafikksentralen er orientert om hendelsen, sier Gaasvik.<\/p>\n<p>Innbrudd i verkt\u00f8y-container<\/p>\n<p>Klokken 00.59 fikk politiet melding om innbrudd i en container i Trondheim. Det ble gjort s\u00f8k etter gjerningspersonene b\u00e5de med politihund og drone. Politiet har sikret spor p\u00e5 stedet. Gaasvik forteller at det var diverse verkt\u00f8y i containeren som ble brutt opp, og at det virker som om gjerningspersonene l\u00f8p fra stedet rett f\u00f8r politiet kom.<\/p>\n<p>Innbruddsalarm<\/p>\n<p>Politiet fikk i natt ogs\u00e5 en innbruddsalarm fra en bedrift i Kongens gate i Trondheim. Det viste seg at det ytterste glasset i en rute p\u00e5 stedet var knust, mens det innerste var intakt. Ingen har dermed v\u00e6rt inne i bygget.<\/p>\n<p>\u2013 Vekter p\u00e5 stedet tar kontakt med eier av bygget og s\u00e5 kommer det trolig en anmeldelse i ettertid, sier Gaasvik.<\/p>\n<p>Stakk fra legevakta etter tvangsinnleggelse<\/p>\n<p>Politiet har i natt ogs\u00e5 f\u00e5tt kontroll p\u00e5 en person som l\u00f8p fra legevakta og inn til Trondheim sentrum etter at lege hadde besluttet tvangsinnleggelse p\u00e5 \u00d8stmarka. Personen vil n\u00e5 f\u00e5 tvungen helsehjelp.<\/p>\n<p>Mobilkran fikk havari \u2013 omkj\u00f8ringsveg m\u00e5 kanskje stenges<\/p>\n<p>P\u00e5 Fylkesveg 755 ved Meltingen i Leksvik er ett kj\u00f8refelt stengt etter at en mobilkran fikk et havari i natt. Vegtrafikksentralen meldte om hendelsen klokken 03.28.<\/p>\n<p>\u2013 Det er en mobilkran som rett og slett har f\u00e5tt et havari. Den skal berges etter hvert. Per n\u00e5 er det mulig \u00e5 passere, og h\u00e5pet er \u00e5 f\u00e5 den inn p\u00e5 en sideveg n\u00e5r berging kommer til stedet. Men det kan ogs\u00e5 hende at vegen blir stengt under arbeidet, sier operat\u00f8r P\u00e5l Haugbro ved Vegtrafikksentralen.<\/p>\n<p>Vegarbeid p\u00e5 E6<\/p>\n<p>Vegtrafikksentralen melder ogs\u00e5 om bevegelig vegarbeid p\u00e5 E6 mellom Steinkjer og Namsskogan mandag og tirsdag denne uka. Arbeidet starter mandag klokka 08.00, og skal v\u00e6re avsluttet tirsdag klokka 20.00.<\/p>\n<p>Det er ogs\u00e5 meldt om bevegelig vegarbeid p\u00e5 E6 mellom Mule i Levanger og Havnekrysset i Verdal hver natt fram til torsdag morgen denne uka.<\/p>\n<p>Litt sol og stort sett oppholdsv\u00e6r<\/p>\n<p>Yrs tekstvarsel for Tr\u00f8ndelag mandag er som f\u00f8lger: S\u00f8r\u00f8st liten kuling utsatte steder. F\u00f8rst p\u00e5 dagen forbig\u00e5ende regn p\u00e5 kysten, elles stort sett oppholdsv\u00e6r og perioder med sol. Sent i kveld litt regn i s\u00f8r.<\/p>\n<p>P\u00e5 Innherred er det meldt opp mot 5 grader i dag \u2013 men v\u00e6r obs p\u00e5 nattefrost fra morgenen av.<\/p>\n<p>P\u00e5 T-A.no<\/p>\n<p>P\u00e5 Tr\u00f8nder-Avisas nettsider kan du lese om Lill Iren Kristiansen (58), som mistet sin s\u00f8nn i selvmord. Hun deler sin reise fra bunnl\u00f8s fortvilelse til et liv der gleden igjen har f\u00e5tt plass.<\/p>\n<p>  <a href=\"https:\/\/www.t-a.no\/5-116-2249277\" class=\"related-teaser has-image default-feature-teaser article--c-eRUmMG article--c-eRUmMG-jKCPdD-design-default\" rel=\"nofollow noopener\" target=\"_blank\"><\/p>\n<p>    <img decoding=\"async\" loading=\"lazy\"  src=\"https:\/\/www.europesays.com\/no\/wp-content\/uploads\/2025\/11\/Lill+Iren+Kristiansen+-+AHBN+01.jpg\" alt=\"\" class=\"brick-c-cFOWSL\" style=\"\"\/><\/p>\n<p>\n            Les ogs\u00e5<\/p>\n<p>              Mistet s\u00f8nnen til selvmord: \u2013 Jeg skal leve for oss begge\n        <\/p>\n<p>  <\/a><\/p>\n<p>Du kan ogs\u00e5 lese om Maiken Lien J\u00f8rgensen fra Steinkjer, som m\u00f8nstrer som frivillig voksen p\u00e5 Christian Radich, og skal jobbe med \u00e5 hjelpe ungdommer med livet videre.<\/p>\n<p>  <a href=\"https:\/\/www.t-a.no\/5-116-2249250\" class=\"related-teaser has-image default-story-teaser article--c-eRUmMG article--c-eRUmMG-jKCPdD-design-default\" rel=\"nofollow noopener\" target=\"_blank\"><\/p>\n<p>    <img decoding=\"async\" loading=\"lazy\"  src=\"https:\/\/www.europesays.com\/no\/wp-content\/uploads\/2025\/11\/Maiken+Lien+J%C3%B8rgensen+AHBN05.jpg\" alt=\"\" class=\"brick-c-cFOWSL\" style=\"\"\/><\/p>\n<p>\n            Les ogs\u00e5<\/p>\n<p>              Maiken (53) drar p\u00e5 seiltokt i \u00e9n m\u00e5ned: \u2013 Jeg vil utvikle meg selv\n        <\/p>\n<p>  <\/a><\/p>\n","protected":false},"excerpt":{"rendered":"Klokken 05.54 opplyser politiet i Tr\u00f8ndelag at det er meldt om p\u00e5kj\u00f8rsel av tre hjortedyr i samme hendelse&hellip;\n","protected":false},"author":2,"featured_media":3842,"comment_status":"","ping_status":"","sticky":false,"template":"","format":"standard","meta":{"footnotes":""},"categories":[10],"tags":[36,20,21,24,25,15,22,23,739,13,30,28,29,14,16,782,1510,26,27,224],"class_list":{"0":"post-76915","1":"post","2":"type-post","3":"status-publish","4":"format-standard","5":"has-post-thumbnail","7":"category-norge","8":"tag-art","9":"tag-breaking-news","10":"tag-breakingnews","11":"tag-featured-news","12":"tag-featurednews","13":"tag-headlines","14":"tag-latest-news","15":"tag-latestnews","16":"tag-morgenrapport","17":"tag-news","18":"tag-no","19":"tag-norge","20":"tag-norway","21":"tag-nyheter","22":"tag-overskrifter","23":"tag-politiloggen","24":"tag-story","25":"tag-top-stories","26":"tag-topstories","27":"tag-trafikk"},"share_on_mastodon":{"url":"https:\/\/pubeurope.com\/@no\/115484378171061928","error":""},"_links":{"self":[{"href":"https:\/\/www.europesays.com\/no\/wp-json\/wp\/v2\/posts\/76915","targetHints":{"allow":["GET"]}}],"collection":[{"href":"https:\/\/www.europesays.com\/no\/wp-json\/wp\/v2\/posts"}],"about":[{"href":"https:\/\/www.europesays.com\/no\/wp-json\/wp\/v2\/types\/post"}],"author":[{"embeddable":true,"href":"https:\/\/www.europesays.com\/no\/wp-json\/wp\/v2\/users\/2"}],"replies":[{"embeddable":true,"href":"https:\/\/www.europesays.com\/no\/wp-json\/wp\/v2\/comments?post=76915"}],"version-history":[{"count":0,"href":"https:\/\/www.europesays.com\/no\/wp-json\/wp\/v2\/posts\/76915\/revisions"}],"wp:featuredmedia":[{"embeddable":true,"href":"https:\/\/www.europesays.com\/no\/wp-json\/wp\/v2\/media\/3842"}],"wp:attachment":[{"href":"https:\/\/www.europesays.com\/no\/wp-json\/wp\/v2\/media?parent=76915"}],"wp:term":[{"taxonomy":"category","embeddable":true,"href":"https:\/\/www.europesays.com\/no\/wp-json\/wp\/v2\/categories?post=76915"},{"taxonomy":"post_tag","embeddable":true,"href":"https:\/\/www.europesays.com\/no\/wp-json\/wp\/v2\/tags?post=76915"}],"curies":[{"name":"wp","href":"https:\/\/api.w.org\/{rel}","templated":true}]}}