{"id":76962,"date":"2025-11-03T07:47:12","date_gmt":"2025-11-03T07:47:12","guid":{"rendered":"https:\/\/www.europesays.com\/no\/76962\/"},"modified":"2025-11-03T07:47:12","modified_gmt":"2025-11-03T07:47:12","slug":"politikk-finansbyrad-jacob-maehle-finansbyrad-jacob-maehle-gar-av","status":"publish","type":"post","link":"https:\/\/www.europesays.com\/no\/76962\/","title":{"rendered":"Politikk, Finansbyr\u00e5d Jacob M\u00e6hle | Finansbyr\u00e5d Jacob M\u00e6hle g\u00e5r av"},"content":{"rendered":"\n<p><b>\u2013 Jeg har bestemt meg for \u00e5 g\u00e5 av som finansbyr\u00e5d for \u00e5 prioritere familien, sier Jacob M\u00e6hle i pressemeldingen.<\/b><\/p>\n<p>\u2013 Siden jeg begynte i denne jobben har vi f\u00e5tt barn, og min kone flyttet til Bergen for at vi skulle slippe pendlertilv\u00e6relsen. Snart skal hun tilbake i jobb, og da er det min tur til \u00e5 flytte etter familien og bidra til at hverdagene g\u00e5r opp, begrunner M\u00e6hle fratredelsen.<\/p>\n<p>Takker for innsatsen<\/p>\n<p>Byr\u00e5dsleder Christine Meyer takker M\u00e6hle for innsatsen han har lagt ned siden han tiltr\u00e5dte i august 2024. Hun synes det har v\u00e6rt fantastisk \u00e5 ha ham som en del av laget.<\/p>\n<p>\u2013 Jacob har spilt en viktig rolle i omstillingsprosessen vi n\u00e5 st\u00e5r midt i for \u00e5 gj\u00f8re kommunens \u00f8konomi b\u00e6rekraftig. Han har ogs\u00e5 l\u00f8st floker og sikret fremdrift for viktige prosjekter i byen, som utviklingen av Dokken. Ikke minst har han et uomtvistelig p\u00e5gangsmot og godt hum\u00f8r, selv i vanskelige saker, sier Meyer.<\/p>\n<p>\u2013 Samtidig har jeg b\u00e5de forst\u00e5else og respekt for at han n\u00e5 vil prioritere familien. Jeg \u00f8nsker ham masse lykke til videre, legger byr\u00e5dslederen til.<\/p>\n<p>Skal presentere ny byr\u00e5d i dag<\/p>\n<p>Meyer skal presentere ny byr\u00e5d for finans i dag, mandag 3. november. Det konstituerende m\u00f8tet finner sted klokken 10 mandag i R\u00e5dstuen p\u00e5 Bergen R\u00e5dhus.<\/p>\n<p>\u2013 Jeg er virkelig stolt av arbeidet vi har gjort sammen for \u00e5 f\u00e5 \u00f8konomien p\u00e5 rett kj\u00f8l igjen, og har lyst til \u00e5 takke b\u00e5de byr\u00e5dskollegiet og hele administrasjonen for samarbeidet, sier M\u00e6hle.<\/p>\n<p>Saken oppdateres.<\/p>\n<p>  <a href=\"https:\/\/www.ba.no\/5-8-3198290\" class=\"related-teaser has-image default-story-teaser article--c-eRUmMG article--c-eRUmMG-jKCPdD-design-default\" rel=\"nofollow noopener\" target=\"_blank\"><\/p>\n<p>    <img decoding=\"async\" loading=\"lazy\"  src=\"https:\/\/www.europesays.com\/no\/wp-content\/uploads\/2025\/11\/SE1_4658_1.jpg\" alt=\"\" class=\"brick-c-cFOWSL\" style=\"\"\/><\/p>\n<p>\n            Les ogs\u00e5<\/p>\n<p>              Regner med br\u00e5k: \u2013 Selvf\u00f8lgelig er det kutt som har smertet\n        <\/p>\n<p>  <\/a><\/p>\n<p>  <a href=\"https:\/\/www.ba.no\/5-8-3196960\" class=\"related-teaser has-image default-story-teaser article--c-eRUmMG article--c-eRUmMG-jKCPdD-design-default\" rel=\"nofollow noopener\" target=\"_blank\"><\/p>\n<p>    <img decoding=\"async\" loading=\"lazy\"  src=\"https:\/\/www.europesays.com\/no\/wp-content\/uploads\/2025\/10\/1761152349_285_SE1_4658.JPG\" alt=\"\" class=\"brick-c-cFOWSL\" style=\"\"\/><\/p>\n<p>\n            Les ogs\u00e5<\/p>\n<p>              Dette er byr\u00e5dets kuttliste. Slik skal de spare 400 millioner kroner\n        <\/p>\n<p>  <\/a><\/p>\n<p>  <a href=\"https:\/\/www.ba.no\/5-8-3207120\" class=\"related-teaser has-image default-opinion-teaser article--c-eRUmMG article--c-eRUmMG-jKCPdD-design-default\" rel=\"nofollow noopener\" target=\"_blank\"><\/p>\n<p>    <img decoding=\"async\" loading=\"lazy\"  src=\"https:\/\/www.europesays.com\/no\/wp-content\/uploads\/2025\/11\/Mikke+Mus.png\" alt=\"\" class=\"brick-c-cFOWSL\" style=\"\"\/><\/p>\n<p>\n            Les ogs\u00e5<\/p>\n<p>              Mikke Mus-parlamentarismen viser igjen sitt sanne ansikt\n        <\/p>\n<p>  <\/a><\/p>\n","protected":false},"excerpt":{"rendered":"\u2013 Jeg har bestemt meg for \u00e5 g\u00e5 av som finansbyr\u00e5d for \u00e5 prioritere familien, sier Jacob M\u00e6hle&hellip;\n","protected":false},"author":2,"featured_media":76963,"comment_status":"","ping_status":"","sticky":false,"template":"","format":"standard","meta":{"footnotes":""},"categories":[5],"tags":[36,1240,20,21,24,25,10609,15,19,22,23,17,18,13,30,28,29,14,16,41,1510,26,27],"class_list":{"0":"post-76962","1":"post","2":"type-post","3":"status-publish","4":"format-standard","5":"has-post-thumbnail","7":"category-overskrifter","8":"tag-art","9":"tag-bergen-kommune","10":"tag-breaking-news","11":"tag-breakingnews","12":"tag-featured-news","13":"tag-featurednews","14":"tag-finansbyrad-jacob-maehle","15":"tag-headlines","16":"tag-hovedoppslag","17":"tag-latest-news","18":"tag-latestnews","19":"tag-main-news","20":"tag-mainnews","21":"tag-news","22":"tag-no","23":"tag-norge","24":"tag-norway","25":"tag-nyheter","26":"tag-overskrifter","27":"tag-politikk","28":"tag-story","29":"tag-top-stories","30":"tag-topstories"},"share_on_mastodon":{"url":"https:\/\/pubeurope.com\/@no\/115484665206509567","error":""},"_links":{"self":[{"href":"https:\/\/www.europesays.com\/no\/wp-json\/wp\/v2\/posts\/76962","targetHints":{"allow":["GET"]}}],"collection":[{"href":"https:\/\/www.europesays.com\/no\/wp-json\/wp\/v2\/posts"}],"about":[{"href":"https:\/\/www.europesays.com\/no\/wp-json\/wp\/v2\/types\/post"}],"author":[{"embeddable":true,"href":"https:\/\/www.europesays.com\/no\/wp-json\/wp\/v2\/users\/2"}],"replies":[{"embeddable":true,"href":"https:\/\/www.europesays.com\/no\/wp-json\/wp\/v2\/comments?post=76962"}],"version-history":[{"count":0,"href":"https:\/\/www.europesays.com\/no\/wp-json\/wp\/v2\/posts\/76962\/revisions"}],"wp:featuredmedia":[{"embeddable":true,"href":"https:\/\/www.europesays.com\/no\/wp-json\/wp\/v2\/media\/76963"}],"wp:attachment":[{"href":"https:\/\/www.europesays.com\/no\/wp-json\/wp\/v2\/media?parent=76962"}],"wp:term":[{"taxonomy":"category","embeddable":true,"href":"https:\/\/www.europesays.com\/no\/wp-json\/wp\/v2\/categories?post=76962"},{"taxonomy":"post_tag","embeddable":true,"href":"https:\/\/www.europesays.com\/no\/wp-json\/wp\/v2\/tags?post=76962"}],"curies":[{"name":"wp","href":"https:\/\/api.w.org\/{rel}","templated":true}]}}