{"id":76999,"date":"2025-11-03T08:27:13","date_gmt":"2025-11-03T08:27:13","guid":{"rendered":"https:\/\/www.europesays.com\/no\/76999\/"},"modified":"2025-11-03T08:27:13","modified_gmt":"2025-11-03T08:27:13","slug":"mann-i-20-arene-matte-amputere-en-kroppsdel","status":"publish","type":"post","link":"https:\/\/www.europesays.com\/no\/76999\/","title":{"rendered":"Mann i 20-\u00e5rene m\u00e5tte amputere en kroppsdel"},"content":{"rendered":"\n<p class=\"_lead_o9xde_2 _lead_xtcu6_50 layout-component text-serif-m layout-normal text-serif-l layout-component layout-wide layout-padded _wide_17hqh_1 layout-padded\">Mannen i 20-\u00e5rene ble gjentatte ganger stukket med kniv i overkroppen. Etter den grusomme volden m\u00e5tte han amputere en kroppsdel. <\/p>\n<p><img alt=\"Politiet arbeider ved boligen der volden skjedde.  Foto: Karianne Laagstein, iTroms\u00f8\" class=\"_image_qp4xg_65 layout-component layout-wide\" data-fullscreen- data-track-element-type=\"Article image fullscreen\" data-track-name=\"ImageFullscreen\" fetchpriority=\"high\" decoding=\"sync\" loading=\"eager\" height=\"2544\" itemprop=\"image\"  src=\"https:\/\/www.europesays.com\/no\/wp-content\/uploads\/2025\/11\/1f8dee15-5d6f-4fdf-acee-d584ed9bd719\"  style=\"object-position:0% 0%\" width=\"2988\"\/>Politiet arbeider ved boligen der volden skjedde.  Foto: Karianne Laagstein, iTroms\u00f8<\/p>\n<ul aria-hidden=\"true\" class=\"_images_18f0k_111\">\n<li><a class=\"_link_18f0k_116\" href=\"https:\/\/www.vg.no\/forfatter\/preben-soerensen-olsen\" style=\"z-index:1\" title=\"Preben S\u00f8rensen Olsen\" rel=\"nofollow noopener\" target=\"_blank\"><img alt=\"Bilde av Preben S\u00f8rensen Olsen\" class=\"_image_18f0k_93\" fetchpriority=\"low\" loading=\"lazy\" decoding=\"async\" itemprop=\"image\"  src=\"https:\/\/www.europesays.com\/no\/wp-content\/uploads\/2025\/11\/64aa1fb4-b39a-43ab-9306-fd34402fdbb9\"  width=\"480\"\/><\/a><\/li>\n<\/ul>\n<p> Oppdatert mandag 3. november kl. 08:23    <\/p>\n<ul class=\"_list_o9xde_3 _list_64s2r_85 _unordered_o9xde_106 text-sans-m\">\n<li class=\"_item_o9xde_30\">Mann i 20-\u00e5rene m\u00e5tte amputere en kroppsdel etter knivstikking. Bistandsadvokaten sier han ikke var det egentlige m\u00e5let for angrepet. <\/li>\n<li class=\"_item_o9xde_30\">Politiet etterforsker om kriminelt nettverk bak angrepet.<\/li>\n<li class=\"_item_o9xde_30\">Tre personer ble p\u00e5grepet og to varetektsfengslet, mens sj\u00e5f\u00f8ren er l\u00f8slatt.<\/li>\n<li class=\"_item_o9xde_30\">De tre siktede nekter straffskyld. <\/li>\n<\/ul>\n<p>Vis mer <\/p>\n<p class=\"_paragraph_o9xde_4 _paragraph_xtcu6_10 layout-component text-serif-m layout-normal text-serif-m layout-padded\">I dag er mannen utskrevet fra sykehuset, men han er fortsatt under behandling, forteller hans bistandsadvokat Dalia Armada til VG. <\/p>\n<p class=\"_paragraph_o9xde_4 _paragraph_xtcu6_10 layout-component text-serif-m layout-normal text-serif-m layout-padded\">\u2013 Han var ikke m\u00e5let for angrepet. De tok rett og slett feil mann, sier hun til VG. <\/p>\n<p class=\"_paragraph_o9xde_4 _paragraph_xtcu6_10 layout-component text-serif-m layout-normal text-serif-m layout-padded\">\u2013 Han p\u00e5dro seg skader slik at han m\u00e5tte opereres og fjerne et organ. Det antas \u00e5 p\u00e5f\u00f8re ham varige m\u00e9n, forteller hun. <\/p>\n<p><img decoding=\"async\" alt=\"Bilde av Dalia Armada\" class=\"_image_ygndg_42\" height=\"51\" itemprop=\"image\" loading=\"lazy\"  src=\"https:\/\/www.europesays.com\/no\/wp-content\/uploads\/2025\/11\/88a622e0-e118-445c-9d2a-d6dc99f9cbdd\"  width=\"40\"\/><strong class=\"_name_ygndg_51 title-serif-xs\">Dalia Armada<\/strong><\/p>\n<p class=\"_paragraph_o9xde_4 text-sans-m _description_ygndg_56\">Bistandsadvokat<\/p>\n<p class=\"_paragraph_o9xde_4 _paragraph_xtcu6_10 layout-component text-serif-m layout-normal text-serif-m layout-padded\">Hun beskriver mannen i 20-\u00e5rene som en \u00abordentlig fyr\u00bb med jobb og livet p\u00e5 stell, og forteller at han ikke er en del av et kriminelt milj\u00f8. <\/p>\n<p class=\"_paragraph_o9xde_4 _paragraph_xtcu6_10 layout-component text-serif-m layout-normal text-serif-m layout-padded\">Politiet sier til VG at de jobber med \u00e5 finne ut forn\u00e6rmedes rolle i saken og hvorfor han ble angrepet. <\/p>\n<p class=\"_paragraph_o9xde_4 _paragraph_xtcu6_10 layout-component text-serif-m layout-normal text-serif-m layout-padded\">\u2013 Han fremst\u00e5r \u00e5 ha blitt dratt inn i en underliggende konflikt i et kriminelt milj\u00f8, fordi han har tilknytning til en person som er direkte involvert i konflikten, sier politiadvokat Malene Kjemsaas. <\/p>\n<p class=\"_paragraph_o9xde_4 _paragraph_xtcu6_10 layout-component text-serif-m layout-normal text-serif-m layout-padded\">Saken har tidligere v\u00e6rt omtalt i avisene <a href=\"https:\/\/www.nordlys.no\/han-har-mattet-fjerne-en-kroppsdel\/s\/5-34-2226410\" class=\"_link_o9xde_39\" rel=\"nofollow noopener\" target=\"_blank\">Nordlys<\/a> og <a href=\"https:\/\/www.itromso.no\/nyheter\/i\/3MrnML\/bistandsadvokat-maatte-fjerne-kroppsdel\" class=\"_link_o9xde_39\" rel=\"nofollow noopener\" target=\"_blank\">iTroms\u00f8<\/a>. <\/p>\n<p class=\"_paragraph_o9xde_4 _paragraph_xtcu6_10 layout-component text-serif-m layout-normal text-serif-m layout-padded\">18. september like etter klokken 03.00 p\u00e5 natten stopper politiet en m\u00f8rk BMW p\u00e5 E6 i Fossbakken i <a href=\"https:\/\/www.vg.no\/tag\/lavangen?utm_source=vg-article&amp;utm_medium=auto-tagger&amp;utm_campaign=KMQKn7\" class=\"_link_o9xde_39\" rel=\"nofollow noopener\" target=\"_blank\">Lavangen<\/a> \u2013 som er en utfarts\u00e5re fra Troms\u00f8. Tre personer blir p\u00e5grepet. <\/p>\n<p class=\"_paragraph_o9xde_4 _paragraph_xtcu6_10 layout-component text-serif-m layout-normal text-serif-m layout-padded\">Politiet hadde f\u00e5tt opplysninger samme natten om at de hadde forlatt Troms\u00f8 i bilen. Det var en patrulje som observerte dem. <\/p>\n<p class=\"_paragraph_o9xde_4 _paragraph_xtcu6_10 layout-component text-serif-m layout-normal text-serif-m layout-padded\">Sj\u00e5f\u00f8ren er n\u00e5 l\u00f8slatt, mens de to andre sitter varetektsfengslet. <\/p>\n<p><img alt=\"Her s\u00f8ker politiet med hund ved stedet der volden skjedde.   Foto: Filip Ellingsen, iTroms\u00f8\" class=\"_image_qp4xg_65 layout-component layout-normal\" data-fullscreen- data-track-element-type=\"Article image fullscreen\" data-track-name=\"ImageFullscreen\" decoding=\"async\" loading=\"lazy\" height=\"820\" itemprop=\"image\"  src=\"https:\/\/www.europesays.com\/no\/wp-content\/uploads\/2025\/11\/29aff9eb-94e4-444d-910f-93ebe3816bee\"  style=\"object-position:0% 0%\" width=\"1226\"\/>Her s\u00f8ker politiet med hund ved stedet der volden skjedde.   Foto: Filip Ellingsen, iTroms\u00f8<\/p>\n<p class=\"_paragraph_o9xde_4 _paragraph_xtcu6_10 layout-component text-serif-m layout-normal text-serif-m layout-padded\">Politiet mener at de rundt tre timer tidligere bidro til \u00e5 mishandle og fors\u00f8kte \u00e5 drepe klienten til Armada i Troms\u00f8. De er n\u00e5 siktet for drapsfors\u00f8k mot mannen i 20-\u00e5rene. <\/p>\n<p class=\"_paragraph_o9xde_4 _paragraph_xtcu6_10 layout-component text-serif-m layout-normal text-serif-m layout-padded\">\u2013 Min klient hadde midlertidig tilholdssted i leiligheten der han ble angrepet, sier Armada. <\/p>\n<p class=\"_paragraph_o9xde_4 _paragraph_xtcu6_10 layout-component text-serif-m layout-normal text-serif-m layout-padded\"><strong class=\"_strong_o9xde_25\">N\u00e5 etterforsker politiet om organiserte kriminelle nettverk st\u00e5r bak angrepet. Og om angrepet kan ha v\u00e6rt \u00abcrime as a service\u00bb \u2013 alts\u00e5 p\u00e5 bestilling. <\/strong><\/p>\n<p class=\"_paragraph_o9xde_4 _paragraph_xtcu6_10 layout-component text-serif-m layout-normal text-serif-m layout-padded\">\u2013 Men det er for tidlig i etterforskningen til \u00e5 konkludere, understreker politiadvokat Malene Kjemsaas. <\/p>\n<p class=\"_paragraph_o9xde_4 _paragraph_xtcu6_10 layout-component text-serif-m layout-normal text-serif-m layout-padded\">De tre siktede er bosatt i Oslo. <\/p>\n<p class=\"_paragraph_o9xde_4 _paragraph_xtcu6_10 layout-component text-serif-m layout-normal text-serif-m layout-padded\">Ingen av de tre siktede har \u00f8nsket \u00e5 forklare seg i avh\u00f8r, og alle nekter straffskyld. <\/p>\n<p class=\"_paragraph_o9xde_4 _paragraph_xtcu6_10 layout-component text-serif-m layout-normal text-serif-m layout-padded\">\u2013 Han erkjenner ikke straffskyld. Omstendighetene gj\u00f8r at han ikke har v\u00e6rt i avh\u00f8r enn\u00e5, sier Jan Christian Kvanvik som representerer en av de siktede. <\/p>\n<p><img decoding=\"async\" alt=\"Bilde av Jan Christian Kvanvik\" class=\"_image_ygndg_42\" height=\"27\" itemprop=\"image\" loading=\"lazy\"  src=\"https:\/\/www.europesays.com\/no\/wp-content\/uploads\/2025\/11\/df0e2fa6-c672-42b4-876a-1db22d7821c4\"  width=\"40\"\/><strong class=\"_name_ygndg_51 title-serif-xs\">Jan Christian Kvanvik<\/strong><\/p>\n<p class=\"_paragraph_o9xde_4 text-sans-m _description_ygndg_56\">Forsvarer<\/p>\n<p class=\"_paragraph_o9xde_4 _paragraph_xtcu6_10 layout-component text-serif-m layout-normal text-serif-m layout-padded\">\u2013 Han erkjenner ikke straffskyld. Jeg \u00f8nsker ikke \u00e5 kommentere saken ytterligere, sier advokatfullmektig Martine S. Skulstad som representerer en av de andre siktede. <\/p>\n<p class=\"_paragraph_o9xde_4 _paragraph_xtcu6_10 layout-component text-serif-m layout-normal text-serif-m layout-padded\">Omar Tashakori representerer ham som er omtalt som sj\u00e5f\u00f8ren. <\/p>\n<p class=\"_paragraph_o9xde_4 _paragraph_xtcu6_10 layout-component text-serif-m layout-normal text-serif-m layout-padded\">\u2013 Han er l\u00f8slatt. Det gir jo et veldig tydelig signal om hvordan bevisbildet er n\u00e5r det gjelder ham. Det er en meget alvorlig anklage. At han er l\u00f8slatt s\u00e5 raskt, sender jo tydelig signal om mistankegrunnlaget mot ham, sier Tashakori til VG. <\/p>\n<p><img decoding=\"async\" alt=\"Bilde av Omar Tashakori\u00a0\" class=\"_image_ygndg_42\" height=\"53\" itemprop=\"image\" loading=\"lazy\"  src=\"https:\/\/www.europesays.com\/no\/wp-content\/uploads\/2025\/11\/410b0928-7425-450b-9a88-4d529de08e69\"  width=\"40\"\/><strong class=\"_name_ygndg_51 title-serif-xs\">Omar Tashakori\u00a0<\/strong><\/p>\n<p class=\"_paragraph_o9xde_4 text-sans-m _description_ygndg_56\">Forsvarer<\/p>\n<p class=\"_paragraph_o9xde_4 _paragraph_xtcu6_10 layout-component text-serif-m layout-normal text-serif-m layout-padded\">If\u00f8lge Tashakori har hans klient ikke v\u00e6rt inne i leiligheten der volden skjedde. <\/p>\n<p class=\"_paragraph_o9xde_4 _paragraph_xtcu6_10 layout-component text-serif-m layout-normal text-serif-m layout-padded\">\u2013 I korte trekk erkjenner han ikke straffskyld. Han har ikke fors\u00f8kt \u00e5 drepe forn\u00e6rmede, og har heller aldri v\u00e6rt med p\u00e5 det, sier han. <\/p>\n<p class=\"_paragraph_o9xde_4 _paragraph_xtcu6_10 layout-component text-serif-m layout-normal text-serif-m layout-padded\">\u2013 Retten skrev innledningsvis at mistankegrunnlaget var i det nedre sjiktet av skjellig grunn til mistanke. P\u00e5 bakgrunn av det valgte vi \u00e5 l\u00f8slate ham og holde de andre to varetektsfengslet, sier politiadvokat Malene Kjemsaas.  <\/p>\n<p><img alt=\"To av de siktede sitter n\u00e5 varetektsfengslet etter en beslutning av Nord-Troms og Senja tingrett.   Foto: Terje Mortensen \/ VG\" class=\"_image_qp4xg_65 layout-component layout-normal\" data-fullscreen- data-track-element-type=\"Article image fullscreen\" data-track-name=\"ImageFullscreen\" decoding=\"async\" loading=\"lazy\" height=\"3712\" itemprop=\"image\"  src=\"https:\/\/www.europesays.com\/no\/wp-content\/uploads\/2025\/11\/d9ad8b5f-b130-46cf-8a24-294c9bc753c1\"  style=\"object-position:0% 0%\" width=\"5568\"\/>To av de siktede sitter n\u00e5 varetektsfengslet etter en beslutning av Nord-Troms og Senja tingrett.   Foto: Terje Mortensen \/ VG<\/p>\n<p class=\"_paragraph_o9xde_4 _paragraph_xtcu6_10 layout-component text-serif-m layout-normal text-serif-m layout-padded\">Bistandsadvokat Dalia Armada forteller at klienten hennes til slutt faller om i leiligheten som f\u00f8lge av den grove volden han ble utsatt for.<\/p>\n<p class=\"_paragraph_o9xde_4 _paragraph_xtcu6_10 layout-component text-serif-m layout-normal text-serif-m layout-padded\">\u2013 N\u00e5r han faller om, drar de av g\u00e5rde. Han var kritisk skadet, men v\u00e5ken. Han og en annen person som var i leiligheten, kontakter n\u00f8detatene. <\/p>\n<p class=\"_paragraph_o9xde_4 _paragraph_xtcu6_10 layout-component text-serif-m layout-normal text-serif-m layout-padded\">N\u00e5 er han sykmeldt. <\/p>\n<p class=\"_paragraph_o9xde_4 _paragraph_xtcu6_10 layout-component text-serif-m layout-normal text-serif-m layout-padded\">\u2013 Han har det t\u00f8ft. Det er vanskelig mentalt og krevende. Det er jo naturlig med tanke p\u00e5 hva han har v\u00e6rt igjennom.<\/p>\n<p>    <img decoding=\"async\" alt=\"Tips oss illustrasjon\" src=\"https:\/\/www.europesays.com\/no\/wp-content\/uploads\/2025\/10\/pssst-small.webp.webp\"\/>    <\/p>\n<p class=\"title-serif-s\">Har du tips?<\/p>\n<p class=\"text-sans-m\">Send oss informasjon, bilder eller video.<\/p>\n<p>  <a href=\"https:\/\/www.vg.no\/tips-oss\" rel=\"nofollow noopener\" target=\"_blank\"> Tips oss <\/a>      <\/p>\n","protected":false},"excerpt":{"rendered":"Mannen i 20-\u00e5rene ble gjentatte ganger stukket med kniv i overkroppen. Etter den grusomme volden m\u00e5tte han amputere&hellip;\n","protected":false},"author":2,"featured_media":77000,"comment_status":"","ping_status":"","sticky":false,"template":"","format":"standard","meta":{"footnotes":""},"categories":[10],"tags":[20,21,24,25,15,22,23,6131,13,30,28,29,14,16,26,27,263,3739],"class_list":{"0":"post-76999","1":"post","2":"type-post","3":"status-publish","4":"format-standard","5":"has-post-thumbnail","7":"category-norge","8":"tag-breaking-news","9":"tag-breakingnews","10":"tag-featured-news","11":"tag-featurednews","12":"tag-headlines","13":"tag-latest-news","14":"tag-latestnews","15":"tag-lavangen","16":"tag-news","17":"tag-no","18":"tag-norge","19":"tag-norway","20":"tag-nyheter","21":"tag-overskrifter","22":"tag-top-stories","23":"tag-topstories","24":"tag-tromso","25":"tag-vgkrimgruppa"},"share_on_mastodon":{"url":"https:\/\/pubeurope.com\/@no\/115484822412399537","error":""},"_links":{"self":[{"href":"https:\/\/www.europesays.com\/no\/wp-json\/wp\/v2\/posts\/76999","targetHints":{"allow":["GET"]}}],"collection":[{"href":"https:\/\/www.europesays.com\/no\/wp-json\/wp\/v2\/posts"}],"about":[{"href":"https:\/\/www.europesays.com\/no\/wp-json\/wp\/v2\/types\/post"}],"author":[{"embeddable":true,"href":"https:\/\/www.europesays.com\/no\/wp-json\/wp\/v2\/users\/2"}],"replies":[{"embeddable":true,"href":"https:\/\/www.europesays.com\/no\/wp-json\/wp\/v2\/comments?post=76999"}],"version-history":[{"count":0,"href":"https:\/\/www.europesays.com\/no\/wp-json\/wp\/v2\/posts\/76999\/revisions"}],"wp:featuredmedia":[{"embeddable":true,"href":"https:\/\/www.europesays.com\/no\/wp-json\/wp\/v2\/media\/77000"}],"wp:attachment":[{"href":"https:\/\/www.europesays.com\/no\/wp-json\/wp\/v2\/media?parent=76999"}],"wp:term":[{"taxonomy":"category","embeddable":true,"href":"https:\/\/www.europesays.com\/no\/wp-json\/wp\/v2\/categories?post=76999"},{"taxonomy":"post_tag","embeddable":true,"href":"https:\/\/www.europesays.com\/no\/wp-json\/wp\/v2\/tags?post=76999"}],"curies":[{"name":"wp","href":"https:\/\/api.w.org\/{rel}","templated":true}]}}