{"id":77169,"date":"2025-11-03T11:18:37","date_gmt":"2025-11-03T11:18:37","guid":{"rendered":"https:\/\/www.europesays.com\/no\/77169\/"},"modified":"2025-11-03T11:18:37","modified_gmt":"2025-11-03T11:18:37","slug":"og-er-blant-favorittene-til-a-ta-over-hoyre","status":"publish","type":"post","link":"https:\/\/www.europesays.com\/no\/77169\/","title":{"rendered":"Og er blant favorittene til \u00e5 ta over H\u00f8yre"},"content":{"rendered":"<p><strong>H\u00f8yre-politikeren Nikolai Astrup, som nylig bekreftet at han \u00f8nsker \u00e5 bli partileder, sier at han ikke ser noen motsetning mellom \u00e5 v\u00e6re rik og \u00e5 ha et politisk ansvar. I et intervju med<a href=\"https:\/\/www.tv2.no\/spesialer\/nyheter\/nikolai-astrup\" rel=\"nofollow noopener\" target=\"_blank\"> TV 2<\/a> forteller han om sin formue, bakgrunn og syn p\u00e5 hvordan han vil h\u00e5ndtere eierskap dersom han skulle bli statsminister.<\/strong><\/p>\n<p>Astrup er n\u00e5 registrert med en formue p\u00e5 over 600 millioner kroner, men ansl\u00e5r selv at den reelle verdien er rundt \u00e9n milliard. Han understreker at verdiene i hovedsak stammer fra familieselskapet som ble bygget opp av faren. <\/p>\n<p>\u2013 Jeg har en privilegert bakgrunn og god \u00f8konomi. Det er mitt utgangspunkt. Sp\u00f8rsm\u00e5let er hva jeg kan bidra med, og hva jeg vil gj\u00f8re for folk og for landet, sier Astrup.<\/p>\n<p><img loading=\"lazy\" decoding=\"async\" src=\"data:image\/svg+xml,%3Csvg%20xmlns=\" http:=\"\" width=\"16\" height=\"16\" alt=\"Loading ...\" title=\"Loading ...\" class=\"wp-polls-image\" data-lazy-src=\"https:\/\/www.europesays.com\/no\/wp-content\/uploads\/2025\/08\/loading.gif\"\/>\u00a0Loading &#8230;<\/p>\n<p>H\u00f8yre-profilen sier at han er forberedt p\u00e5 \u00e5 m\u00f8te kritikk for sin rikdom, men mener det ikke b\u00f8r diskvalifisere ham som politisk leder. Han sier ogs\u00e5 at han vil trekke seg ut av styreverv og skille roller dersom han f\u00e5r regjeringsansvar.<\/p>\n<p>Astrup avviser at han vil selge seg ut av familieselskapet, slik statsminister Jonas Gahr St\u00f8re gjorde f\u00f8r valget i 2021. Han viser til at investeringene er langsiktige og at selskapet har ansatte. Samtidig sier han at han er \u00e5pen for \u00e5 gj\u00f8re endringer dersom det blir n\u00f8dvendig.<\/p>\n<p>Debatten om formuesskatt har if\u00f8lge Astrup tatt for mye plass. Han erkjenner at H\u00f8yre selv bidro til det under valgkampen, men mener fokuset b\u00f8r ligge p\u00e5 hvordan skattesystemet p\u00e5virker verdiskaping. <br \/>\u2013 Det er lov \u00e5 v\u00e6re rik i Norge. Det h\u00f8res bare ikke s\u00e5nn ut av og til, sier han.<\/p>\n<p>Astrup sier han betaler sin skatt med glede og beskriver det som en selvf\u00f8lge. <br \/>\u2013 Skatt er sivilisasjonens pris, sier H\u00f8yre-politikeren.<\/p>\n","protected":false},"excerpt":{"rendered":"H\u00f8yre-politikeren Nikolai Astrup, som nylig bekreftet at han \u00f8nsker \u00e5 bli partileder, sier at han ikke ser noen&hellip;\n","protected":false},"author":2,"featured_media":77170,"comment_status":"","ping_status":"","sticky":false,"template":"","format":"standard","meta":{"footnotes":""},"categories":[5],"tags":[20,21,24,25,1290,15,19,762,22,23,17,18,13,504,30,28,29,14,16,26,27],"class_list":{"0":"post-77169","1":"post","2":"type-post","3":"status-publish","4":"format-standard","5":"has-post-thumbnail","7":"category-overskrifter","8":"tag-breaking-news","9":"tag-breakingnews","10":"tag-featured-news","11":"tag-featurednews","12":"tag-formueskatt","13":"tag-headlines","14":"tag-hovedoppslag","15":"tag-hoyre","16":"tag-latest-news","17":"tag-latestnews","18":"tag-main-news","19":"tag-mainnews","20":"tag-news","21":"tag-nikolai-astrup","22":"tag-no","23":"tag-norge","24":"tag-norway","25":"tag-nyheter","26":"tag-overskrifter","27":"tag-top-stories","28":"tag-topstories"},"share_on_mastodon":{"url":"https:\/\/pubeurope.com\/@no\/115485494684548654","error":""},"_links":{"self":[{"href":"https:\/\/www.europesays.com\/no\/wp-json\/wp\/v2\/posts\/77169","targetHints":{"allow":["GET"]}}],"collection":[{"href":"https:\/\/www.europesays.com\/no\/wp-json\/wp\/v2\/posts"}],"about":[{"href":"https:\/\/www.europesays.com\/no\/wp-json\/wp\/v2\/types\/post"}],"author":[{"embeddable":true,"href":"https:\/\/www.europesays.com\/no\/wp-json\/wp\/v2\/users\/2"}],"replies":[{"embeddable":true,"href":"https:\/\/www.europesays.com\/no\/wp-json\/wp\/v2\/comments?post=77169"}],"version-history":[{"count":0,"href":"https:\/\/www.europesays.com\/no\/wp-json\/wp\/v2\/posts\/77169\/revisions"}],"wp:featuredmedia":[{"embeddable":true,"href":"https:\/\/www.europesays.com\/no\/wp-json\/wp\/v2\/media\/77170"}],"wp:attachment":[{"href":"https:\/\/www.europesays.com\/no\/wp-json\/wp\/v2\/media?parent=77169"}],"wp:term":[{"taxonomy":"category","embeddable":true,"href":"https:\/\/www.europesays.com\/no\/wp-json\/wp\/v2\/categories?post=77169"},{"taxonomy":"post_tag","embeddable":true,"href":"https:\/\/www.europesays.com\/no\/wp-json\/wp\/v2\/tags?post=77169"}],"curies":[{"name":"wp","href":"https:\/\/api.w.org\/{rel}","templated":true}]}}