{"id":77242,"date":"2025-11-03T12:57:09","date_gmt":"2025-11-03T12:57:09","guid":{"rendered":"https:\/\/www.europesays.com\/no\/77242\/"},"modified":"2025-11-03T12:57:09","modified_gmt":"2025-11-03T12:57:09","slug":"sport-drammen-stavas-skistad-overrasket-pa-catwalken-ikke-min-greie","status":"publish","type":"post","link":"https:\/\/www.europesays.com\/no\/77242\/","title":{"rendered":"Sport, Drammen | Stav\u00e5s Skistad overrasket p\u00e5 catwalken: \u2013 Ikke min greie"},"content":{"rendered":"\n<p><b>OSLO: <\/b>Sist uke var Kristine Stav\u00e5s Skistad en av 27 norske vintersportsut\u00f8vere fra \u00e5tte ulike idretter, som viste fram kleskolleksjonen for OL og Paralympics i Milano og Cortina (Italia) i 2026.<\/p>\n<p>Stav\u00e5s Skistad fra Drammen har de siste \u00e5rene etablert seg som en av verdens beste langrennssprintere, og har elleve individuelle verdenscupseire (2023-2025). Konnerud-l\u00f8peren er et av de norske gullh\u00e5pene foran OL-sesongen.<\/p>\n<p><b>Fremvisningen av OL-kolleksjonen var et sponsoroppdrag for landslagsut\u00f8verne. Stav\u00e5s Skistad gikk p\u00e5 catwalken sammen med langrennskollega Harald \u00d8stberg Amundsen \u2013 under et moteshow p\u00e5 Frognerseteren i Holmenkollen.<\/b><\/p>\n<p>   <img decoding=\"async\" width=\"4744\" height=\"3163\" fetchpriority=\"low\"  loading=\"lazy\"  src=\"https:\/\/www.europesays.com\/no\/wp-content\/uploads\/2025\/11\/cueres_scp-mangler_navn_2_vUaI55l3E.jpg\" alt=\"Trondheim 20250305. &#10;Kristine Stavaas Skistad under kvalifiseringen. Langrenn, teamsprint klassisk for menn og kvinner, kvalifisering VM p\u00e5 ski i Trondheim onsdag.&#10;Foto: Lise \u00c5serud \/ NTB\" class=\"brick-c-cFOWSL\" style=\"--brick-image-ratio: 4744 \/ 3163;\"\/><\/p>\n<p>      I L\u00d8YPA: Kristine Stav\u00e5s Skistad i sitt rette element &#8211; i sprintlangrenn under VM i Trondheim sist vinter.<br \/>\n      Foto: NTB\n    <\/p>\n<p><b>LES OGS\u00c5: <\/b><a class=\"simple-relation related-teaser article--c-eRUmMG article--c-eRUmMG-jKCPdD-design-default article--c-eRUmMG-iBPVJb-cv\" href=\"https:\/\/www.dt.no\/kjarester-i-konnerud-eventyr-klarte-a-lokke-ham-til-drammen\/s\/5-57-2704678\" rel=\"nofollow noopener\" target=\"_blank\">Kj\u00e6rester i Konnerud-eventyr: \u2013 Klarte \u00e5 lokke ham til Drammen<\/a><\/p>\n<p>Likte kleskolleksjonen<\/p>\n<p><b>\u2013 Dette er ikke helt min greie. Det kommer ikke til \u00e5 g\u00e5 s\u00e5 bra, men m\u00e5 bare f\u00e5 det gjort tenker jeg, sa Stav\u00e5s Skistad i et intervju med Team Norway \u2013 som driftes av Norges idrettsforbund og olympiske og paralympiske komit\u00e9.<\/b><\/p>\n<p>Drammenseren fikk ogs\u00e5 sp\u00f8rsm\u00e5let om hun er forn\u00f8yd med kleskolleksjonen.<\/p>\n<p>\u2013 Ja, jeg synes det er fine farger, uttalte Kristine, som ogs\u00e5 ga uttrykk for at det blir stort \u00e5 st\u00e5 p\u00e5 startstreken i et eventuelt OL.<\/p>\n<p>Dette blir i s\u00e5 fall Skistads OL-debut. Sist vinter tok 26-\u00e5ringen s\u00f8lv i sprint under VM p\u00e5 hjemmebane i Trondheim. Hun jakter sitt f\u00f8rste mesterskapsgull.<\/p>\n<p><b>LES OGS\u00c5: <\/b><a class=\"simple-relation related-teaser article--c-eRUmMG article--c-eRUmMG-jKCPdD-design-default article--c-eRUmMG-iBPVJb-cv\" href=\"https:\/\/www.dt.no\/derfor-brenner-stjernen-for-dette-kult-a-se-hvordan-det-blir-tette-band-mellom-oss\/s\/5-57-2669793\" rel=\"nofollow noopener\" target=\"_blank\">Derfor brenner stjernen for dette: \u2013 Kult \u00e5 se hvordan det blir tette b\u00e5nd mellom oss<\/a><\/p>\n<p>Skryt fra ekspert<\/p>\n<p><b>TV 2s langrennsekspert Petter Skinstad sa dette om Skistads innsats p\u00e5 catwalken til TV-kanalen:<\/b><\/p>\n<p>\u2013 Ja, vi har vel sett b\u00e5de Harald \u00d8stberg Amundsen og Kristine Stav\u00e5s Skistad hakket mer komfortable. Det er kanskje litt rart \u00e5 tenke p\u00e5 at ut\u00f8vere som er vant til \u00e5 g\u00e5 foran tusenvis av tilskuere, s\u00e5 er det s\u00e5pass p\u00e5 bortebane dette her at du ser de synes det er litt halvekkelt \u2013 at de nok er litt svette b\u00e5de under lua og p\u00e5 ryggen. Men de stiller opp p\u00e5 et sponsoroppdrag: Det kan v\u00e6re ukomfortabelt, det kan f\u00f8les som et ork. Men det er en viktig del av jobben, og den leverer de tross alt p\u00e5 her. S\u00e5 jeg tar av meg hatten og gratulerer dem med et vel gjennomf\u00f8rt oppdrag.<\/p>\n<p><b>LES OGS\u00c5: <\/b><a class=\"simple-relation related-teaser article--c-eRUmMG article--c-eRUmMG-jKCPdD-design-default article--c-eRUmMG-iBPVJb-cv\" href=\"https:\/\/www.dt.no\/jarle-42-er-sjef-for-unik-satsing-hadde-lyst-til-a-starte-noe-nytt\/s\/5-57-2703378\" rel=\"nofollow noopener\" target=\"_blank\">Jarle (42) er sjef for unik satsing: \u2013 Hadde lyst til \u00e5 starte noe nytt<\/a><\/p>\n<p>Comeback for skisprinten<\/p>\n<p>Langrennssesongen n\u00e6rmer seg raskt, med den tradisjonsrike sesongstarten p\u00e5 Beitost\u00f8len 21.\u201323. november.<\/p>\n<p>Det store h\u00f8ydepunktet er som nevnt OL i Milano og Cortina, som arrangeres 6.\u201322. februar.<\/p>\n<p><b>Etter et opphold i 2025, er det igjen klart for verdenscupsprint i Drammen, der Skistad vant b\u00e5de i 2023 og 2024. Skisprinten er satt opp p\u00e5 terminlista torsdag 12. mars.<\/b><\/p>\n<p><b>LES OGS\u00c5: <\/b><a class=\"simple-relation related-teaser article--c-eRUmMG article--c-eRUmMG-jKCPdD-design-default article--c-eRUmMG-iBPVJb-cv\" href=\"https:\/\/www.dt.no\/fikk-flere-til-a-stusse-veldig-rart-at-det-ikke-er-en-eneste-dame\/s\/5-57-2723409\" rel=\"nofollow noopener\" target=\"_blank\">Fikk flere til \u00e5 stusse: \u2013 Veldig rart at det ikke er en eneste dame<\/a><\/p>\n","protected":false},"excerpt":{"rendered":"OSLO: Sist uke var Kristine Stav\u00e5s Skistad en av 27 norske vintersportsut\u00f8vere fra \u00e5tte ulike idretter, som viste&hellip;\n","protected":false},"author":2,"featured_media":77243,"comment_status":"","ping_status":"","sticky":false,"template":"","format":"standard","meta":{"footnotes":""},"categories":[59],"tags":[36,427,10648,10649,398,10650,30,28,29,3650,83,82,1510],"class_list":{"0":"post-77242","1":"post","2":"type-post","3":"status-publish","4":"format-standard","5":"has-post-thumbnail","7":"category-sport","8":"tag-art","9":"tag-drammen","10":"tag-konnerud","11":"tag-konnerud-il","12":"tag-langrenn","13":"tag-moteshow","14":"tag-no","15":"tag-norge","16":"tag-norway","17":"tag-ski","18":"tag-sport","19":"tag-sports","20":"tag-story"},"share_on_mastodon":{"url":"https:\/\/pubeurope.com\/@no\/115485884056020704","error":""},"_links":{"self":[{"href":"https:\/\/www.europesays.com\/no\/wp-json\/wp\/v2\/posts\/77242","targetHints":{"allow":["GET"]}}],"collection":[{"href":"https:\/\/www.europesays.com\/no\/wp-json\/wp\/v2\/posts"}],"about":[{"href":"https:\/\/www.europesays.com\/no\/wp-json\/wp\/v2\/types\/post"}],"author":[{"embeddable":true,"href":"https:\/\/www.europesays.com\/no\/wp-json\/wp\/v2\/users\/2"}],"replies":[{"embeddable":true,"href":"https:\/\/www.europesays.com\/no\/wp-json\/wp\/v2\/comments?post=77242"}],"version-history":[{"count":0,"href":"https:\/\/www.europesays.com\/no\/wp-json\/wp\/v2\/posts\/77242\/revisions"}],"wp:featuredmedia":[{"embeddable":true,"href":"https:\/\/www.europesays.com\/no\/wp-json\/wp\/v2\/media\/77243"}],"wp:attachment":[{"href":"https:\/\/www.europesays.com\/no\/wp-json\/wp\/v2\/media?parent=77242"}],"wp:term":[{"taxonomy":"category","embeddable":true,"href":"https:\/\/www.europesays.com\/no\/wp-json\/wp\/v2\/categories?post=77242"},{"taxonomy":"post_tag","embeddable":true,"href":"https:\/\/www.europesays.com\/no\/wp-json\/wp\/v2\/tags?post=77242"}],"curies":[{"name":"wp","href":"https:\/\/api.w.org\/{rel}","templated":true}]}}